{"id":5001,"date":"2014-08-14T19:35:30","date_gmt":"2014-08-14T22:35:30","guid":{"rendered":"http:\/\/catolicanet.net\/wp-cnet\/falaserio-no-paraguai-milhares-de-criancas-deslocadas-por-causa-das-inundacoes-sujeitas-a-doencas-abusos-e-maus-tratos\/"},"modified":"2017-04-06T11:46:30","modified_gmt":"2017-04-06T14:46:30","slug":"falaserio-no-paraguai-milhares-de-criancas-deslocadas-por-causa-das-inundacoes-sujeitas-a-doencas-abusos-e-maus-tratos","status":"publish","type":"post","link":"https:\/\/catolicanet.net\/wp-cnet\/falaserio-no-paraguai-milhares-de-criancas-deslocadas-por-causa-das-inundacoes-sujeitas-a-doencas-abusos-e-maus-tratos\/","title":{"rendered":"#FalaS\u00e9rio: No Paraguai, milhares de crian\u00e7as deslocadas por causa das inunda\u00e7\u00f5es sujeitas a doen\u00e7as, abusos e maus-tratos"},"content":{"rendered":"<p style=\"text-align: justify;\"><img decoding=\"async\" src=\"http:\/\/catolicanet.com.br\/images\/stories\/inundacaoparaguai.jpg\" border=\"0\" align=\"left\" \/>Abusos sexuais, maus-tratos e doen\u00e7as s\u00e3o alguns dos muitos riscos que enfrentam as 147.500 crian\u00e7as deslocadas por causa das inunda\u00e7\u00f5es que est\u00e3o devastando o Paraguai. Muitas vivem amontoadas em 100 campos abusivos montados nas pra\u00e7as e pelas estradas da capital. Segundo o \u00faltimo relat\u00f3rio oficial, a hist\u00f3rica cheia do Rio Paraguai obrigou 245 mil pessoas a se locomoverem em todo o pa\u00eds.<\/p>\n<p>Somente em Assun\u00e7\u00e3o, cidade mais populosa de um pa\u00eds de 6,7 milh\u00f5es de habitantes, cerca de 85 mil pessoas abandonaram suas casas por causa do aumento progressivo das \u00e1guas em todas as cidades banhadas pelo rio onde se encontram os povoados mais pobres. Cerca de 50 mil crian\u00e7as da capital foram obrigadas a abandonar tudo e algumas h\u00e1 mais de dois meses deixaram a escola; as mais sortudas vivem em casas de familiares ou em casernas na cidade. A maior parte vive entre os 126 acampamentos ou espa\u00e7os provis\u00f3rios muito prec\u00e1rios, onde faltam seguran\u00e7a, banheiro, higiene e \u00e1gua pot\u00e1vel.<\/p>\n<p>As pessoas vivem amontoadas, entre desconhecidos e neste contexto os direitos das crian\u00e7as s\u00e3o ainda mais vulner\u00e1veis em rela\u00e7\u00e3o \u00e0 norma. Segundo alguns especialistas, nos campos de deslocados as meninas tem o triplo de probabilidade de serem violentadas ou sofrerem abusos sexuais.<\/p>\n<p>A Ong Plan International montou 18 tendas &#8220;Anua&#8221;, que na l\u00edngua guarani significa abra\u00e7o, para permitir \u00e0s crian\u00e7as e suas fam\u00edlias viverem em espa\u00e7os abertos, livres do estresse e da crise que est\u00e3o atravessando.<\/p>\n<p>Fonte: Garotada Mission\u00e1ria<br \/>Local: S\u00e3o Paulo<\/p>\n","protected":false},"excerpt":{"rendered":"<p>Abusos sexuais, maus-tratos e doen\u00e7as s\u00e3o alguns dos muitos riscos que enfrentam as 147.500 crian\u00e7as deslocadas por causa das inunda\u00e7\u00f5es que est\u00e3o devastando o Paraguai. Muitas vivem amontoadas em 100 campos abusivos montados nas pra\u00e7as e pelas estradas da capital. Segundo o \u00faltimo relat\u00f3rio oficial, a hist\u00f3rica cheia do Rio Paraguai obrigou 245 mil pessoas [&hellip;]<\/p>\n","protected":false},"author":1,"featured_media":0,"comment_status":"closed","ping_status":"closed","sticky":false,"template":"","format":"standard","meta":{"footnotes":""},"categories":[4],"tags":[],"class_list":["post-5001","post","type-post","status-publish","format-standard","hentry","category-cotidiano"],"_links":{"self":[{"href":"https:\/\/catolicanet.net\/wp-cnet\/wp-json\/wp\/v2\/posts\/5001","targetHints":{"allow":["GET"]}}],"collection":[{"href":"https:\/\/catolicanet.net\/wp-cnet\/wp-json\/wp\/v2\/posts"}],"about":[{"href":"https:\/\/catolicanet.net\/wp-cnet\/wp-json\/wp\/v2\/types\/post"}],"author":[{"embeddable":true,"href":"https:\/\/catolicanet.net\/wp-cnet\/wp-json\/wp\/v2\/users\/1"}],"replies":[{"embeddable":true,"href":"https:\/\/catolicanet.net\/wp-cnet\/wp-json\/wp\/v2\/comments?post=5001"}],"version-history":[{"count":1,"href":"https:\/\/catolicanet.net\/wp-cnet\/wp-json\/wp\/v2\/posts\/5001\/revisions"}],"predecessor-version":[{"id":9895,"href":"https:\/\/catolicanet.net\/wp-cnet\/wp-json\/wp\/v2\/posts\/5001\/revisions\/9895"}],"wp:attachment":[{"href":"https:\/\/catolicanet.net\/wp-cnet\/wp-json\/wp\/v2\/media?parent=5001"}],"wp:term":[{"taxonomy":"category","embeddable":true,"href":"https:\/\/catolicanet.net\/wp-cnet\/wp-json\/wp\/v2\/categories?post=5001"},{"taxonomy":"post_tag","embeddable":true,"href":"https:\/\/catolicanet.net\/wp-cnet\/wp-json\/wp\/v2\/tags?post=5001"}],"curies":[{"name":"wp","href":"https:\/\/api.w.org\/{rel}","templated":true}]}}