{"id":50007,"date":"2019-06-07T10:31:26","date_gmt":"2019-06-07T13:31:26","guid":{"rendered":"http:\/\/catolicanet.net\/wp-cnet\/?p=50007"},"modified":"2019-06-11T11:16:20","modified_gmt":"2019-06-11T14:16:20","slug":"assim-sera-a-reforma-da-renovacao-carismatica-catolica-incentivada-pelo-papa","status":"publish","type":"post","link":"https:\/\/catolicanet.net\/wp-cnet\/assim-sera-a-reforma-da-renovacao-carismatica-catolica-incentivada-pelo-papa\/","title":{"rendered":"Assim ser\u00e1 a reforma da Renova\u00e7\u00e3o Carism\u00e1tica Cat\u00f3lica incentivada pelo Papa"},"content":{"rendered":"<p>No pr\u00f3ximo domingo, 9 de junho, Solenidade de Pentecostes, entrar\u00e1 em vigor a nova realidade eclesial que agrupa todos os movimentos de Renova\u00e7\u00e3o Carism\u00e1tica Cat\u00f3lica, uma medida incentivada pelo Papa Francisco.<\/p>\n<p>Trata-se de Charis (Catholic Charismatic Renewal Internacional Service), que depender\u00e1 diretamente do Dicast\u00e9rio para os Leigos, a Fam\u00edlia e a vida; que, ap\u00f3s a aprova\u00e7\u00e3o de seus estatutos em 2018 e de um tempo \u201cad experimentum\u201d, a partir de Pentecostes come\u00e7ar\u00e1 sias plenas fun\u00e7\u00f5es.<\/p>\n<p>Charis substituir\u00e1 o Servi\u00e7o Internacional da Renova\u00e7\u00e3o Carism\u00e1tica Cat\u00f3lica (ICCRS) e a Fraternidade Cat\u00f3lica de Comunidades e Associa\u00e7\u00f5es Carism\u00e1ticas de Alian\u00e7a, conhecida como \u201cCatholic Fraternity\u201d.<\/p>\n<p>Em entrevista concedida ao Grupo ACI, o secret\u00e1rio do Dicast\u00e9rio para os Leigos, a Fam\u00edlia e a Vida, Pe. Alexandre Awi Mello, explicou que o Papa Francisco solicitou em 2015 quem existisse uma \u00fanica realidade que englobasse todas as manifesta\u00e7\u00f5es dentro da igreja Cat\u00f3lica desta \u201ccorrente de gra\u00e7a\u201d.<\/p>\n<p>Mas, quais s\u00e3o as implica\u00e7\u00f5es de fundo que tem esta reforma da Renova\u00e7\u00e3o Carism\u00e1tica dentro da Igreja Cat\u00f3lica impulsionada pelo Papa Francisco? Em primeiro lugar, a partir deste domingo, 9 de junho, deixar\u00e3o de existir o Servi\u00e7o Internacional da Renova\u00e7\u00e3o Carism\u00e1tica Cat\u00f3lica (ICCRS) e a Fraternidade Cat\u00f3lica de Comunidades e Associa\u00e7\u00f5es Carism\u00e1ticas de Alian\u00e7a, que agrupavam a maioria dos movimentos e grupos de ora\u00e7\u00e3o da Renova\u00e7\u00e3o Carism\u00e1tica Cat\u00f3lica.<\/p>\n<p>O sacerdote indicou que Charis busca desenvolver \u201cseu servi\u00e7o em benef\u00edcio de todas as express\u00f5es da Renova\u00e7\u00e3o Carism\u00e1tica Cat\u00f3lica\u201d, mas \u201csem exercer alguma autoridade sobre elas\u201d.<\/p>\n<p>\u201cO Papa Francisco est\u00e1 insistindo muito nisso, que a Renova\u00e7\u00e3o Carism\u00e1tica Cat\u00f3lica seja vista realmente como uma \u00fanica corrente de gra\u00e7a. E, por isso, constitui-se um \u00fanico servi\u00e7o a esta corrente, que n\u00e3o \u00e9 um servi\u00e7o de governo\u201d, explicou Pe. Mello.<\/p>\n<p>Nesse sentido, o sacerdote recordou que, desde seu come\u00e7o, o Dicast\u00e9rio no qual serve \u201cest\u00e1 acompanhando muito de perto esta nova realidade que \u00e9 uma \u2018not\u00edcia muito boa\u2019 para toda a Renova\u00e7\u00e3o Carism\u00e1tica do mundo e tamb\u00e9m para a Igreja\u201d, sobretudo pelo servi\u00e7o que a Renova\u00e7\u00e3o Carism\u00e1tica realiza no \u00e2mbito da evangeliza\u00e7\u00e3o.<\/p>\n<p>\u201cTemos que pensar que a renova\u00e7\u00e3o chega a mais de 120 milh\u00f5es de pessoas no mundo, com diferentes comunidades, grupos de ora\u00e7\u00e3o, diferentes escolas de evangeliza\u00e7\u00e3o, meios de comunica\u00e7\u00e3o. \u00c9 uma realidade muito rica, muito ampla e, como tal, mais do que um movimento, \u00e9 uma corrente de gra\u00e7a\u201d, destacou o secret\u00e1rio de Dicast\u00e9rio para os Leigos, a Fam\u00edlia e a Vida.<\/p>\n<p><strong>Impulso ecum\u00eanico<\/strong><\/p>\n<p>Al\u00e9m disso, Charis busca oferecer \u201cum maior impulso ecum\u00eanico\u201d a partir da \u201cefus\u00e3o no Esp\u00edrito Santo, do batismo no Esp\u00edrito que eles recebem como constitutivo de sua vida, do servi\u00e7o aos pobres, que \u00e9 muito pr\u00f3prio da a\u00e7\u00e3o do Esp\u00edrito, seja atrav\u00e9s do servi\u00e7o ecum\u00eanico com o qual tamb\u00e9m nasceu esta corrente de gra\u00e7a, atrav\u00e9s dessa dimens\u00e3o ecum\u00eanica\u201d, descreveu Pe. Mello.<\/p>\n<p>Neste sentido, o sacerdote explicou que se pode esperar que Charis colaborar\u00e1 tamb\u00e9m com o Pontif\u00edcio Conselho para a Unidade dos Crist\u00e3os, como o demonstrou a participa\u00e7\u00e3o de seu presidente, o Cardeal Kurt Koch, durante a reuni\u00e3o em Roma que come\u00e7ou em 6 de junho e que ser\u00e1 conclu\u00edda com a audi\u00eancia com o Santo Padre no s\u00e1bado, 8 de junho.<\/p>\n<p>\u201cN\u00f3s sabemos que o servi\u00e7o ecum\u00eanico est\u00e1 muito presente no cora\u00e7\u00e3o do Papa\u201d, reiterou o sacerdote. \u201cN\u00f3s esperamos que Charis possa ser um servi\u00e7o muito efetivo para que toda a Renova\u00e7\u00e3o Carism\u00e1tica no mundo recupere essa dimens\u00e3o ecum\u00eanica, que talvez em alguns lugares do mundo se perdeu um pouco ao longo dos anos\u201d, ressaltou.<\/p>\n<p>\u201cO Papa Francisco quer acentuar novamente a dimens\u00e3o ecum\u00eanica e o servi\u00e7o aos pobres, que \u00e9 pr\u00f3prio da a\u00e7\u00e3o do Esp\u00edrito Santo \u2013 e da Renova\u00e7\u00e3o Carism\u00e1tica Cat\u00f3lica \u2013, que agora ser\u00e3o certamente mais impulsionados atrav\u00e9s da Charis\u201d, concluiu o secret\u00e1rio do Dicast\u00e9rio para os Leigos, a Fam\u00edlia e a Vida.<\/p>\n","protected":false},"excerpt":{"rendered":"<p>No pr\u00f3ximo domingo, 9 de junho, Solenidade de Pentecostes, entrar\u00e1 em vigor a nova realidade eclesial que agrupa todos os movimentos de Renova\u00e7\u00e3o Carism\u00e1tica Cat\u00f3lica, uma medida incentivada pelo Papa Francisco. Trata-se de Charis (Catholic Charismatic Renewal Internacional Service), que depender\u00e1 diretamente do Dicast\u00e9rio para os Leigos, a Fam\u00edlia e a vida; que, ap\u00f3s a [&hellip;]<\/p>\n","protected":false},"author":1,"featured_media":50008,"comment_status":"open","ping_status":"closed","sticky":false,"template":"","format":"standard","meta":{"footnotes":""},"categories":[4],"tags":[],"class_list":["post-50007","post","type-post","status-publish","format-standard","has-post-thumbnail","hentry","category-cotidiano"],"_links":{"self":[{"href":"https:\/\/catolicanet.net\/wp-cnet\/wp-json\/wp\/v2\/posts\/50007","targetHints":{"allow":["GET"]}}],"collection":[{"href":"https:\/\/catolicanet.net\/wp-cnet\/wp-json\/wp\/v2\/posts"}],"about":[{"href":"https:\/\/catolicanet.net\/wp-cnet\/wp-json\/wp\/v2\/types\/post"}],"author":[{"embeddable":true,"href":"https:\/\/catolicanet.net\/wp-cnet\/wp-json\/wp\/v2\/users\/1"}],"replies":[{"embeddable":true,"href":"https:\/\/catolicanet.net\/wp-cnet\/wp-json\/wp\/v2\/comments?post=50007"}],"version-history":[{"count":1,"href":"https:\/\/catolicanet.net\/wp-cnet\/wp-json\/wp\/v2\/posts\/50007\/revisions"}],"predecessor-version":[{"id":50009,"href":"https:\/\/catolicanet.net\/wp-cnet\/wp-json\/wp\/v2\/posts\/50007\/revisions\/50009"}],"wp:featuredmedia":[{"embeddable":true,"href":"https:\/\/catolicanet.net\/wp-cnet\/wp-json\/wp\/v2\/media\/50008"}],"wp:attachment":[{"href":"https:\/\/catolicanet.net\/wp-cnet\/wp-json\/wp\/v2\/media?parent=50007"}],"wp:term":[{"taxonomy":"category","embeddable":true,"href":"https:\/\/catolicanet.net\/wp-cnet\/wp-json\/wp\/v2\/categories?post=50007"},{"taxonomy":"post_tag","embeddable":true,"href":"https:\/\/catolicanet.net\/wp-cnet\/wp-json\/wp\/v2\/tags?post=50007"}],"curies":[{"name":"wp","href":"https:\/\/api.w.org\/{rel}","templated":true}]}}