{"id":50004,"date":"2019-06-10T10:27:25","date_gmt":"2019-06-10T13:27:25","guid":{"rendered":"http:\/\/catolicanet.net\/wp-cnet\/?p=50004"},"modified":"2019-06-11T10:30:25","modified_gmt":"2019-06-11T13:30:25","slug":"papa-francisco-pede-uma-solucao-dialogada-para-a-crise-politica-no-sudao","status":"publish","type":"post","link":"https:\/\/catolicanet.net\/wp-cnet\/papa-francisco-pede-uma-solucao-dialogada-para-a-crise-politica-no-sudao\/","title":{"rendered":"Papa Francisco pede uma solu\u00e7\u00e3o dialogada para a crise pol\u00edtica no Sud\u00e3o"},"content":{"rendered":"<p>Durante a ora\u00e7\u00e3o do Regina Coeli, ap\u00f3s a missa da Solenidade de Pentecostes, celebrada na Pra\u00e7a de S\u00e3o Pedro, no Vaticano, neste domingo, 9 de junho, o Papa Francisco fez um chamado aos di\u00e1logo no Sud\u00e3o e pediu ora\u00e7\u00f5es pelo fim da viol\u00eancia neste pa\u00eds africano.<\/p>\n<p>\u201cCausam dor e preocupa\u00e7\u00e3o as not\u00edcias que cheguem nestes dias do Sud\u00e3o. Rezamos por este povo, para que cessem as viol\u00eancias e se busque o bom comum no di\u00e1logo\u201d, foram as palavras do Pont\u00edfice.<\/p>\n<p>O Sud\u00e3o est\u00e1 em uma encruzilhada desde o golpe contra o presidente Omar al Bashir, no poder por mais de 30 anos, e sua substitui\u00e7\u00e3o por uma Junta Militar para a Transi\u00e7\u00e3o no \u00faltimo m\u00eas de abril.<\/p>\n<p>Desde ent\u00e3o, aconteceram manifesta\u00e7\u00f5es, greves e epis\u00f3dios de viol\u00eancia com in\u00fameros mortos e feridos. Os \u00faltimos dados apontam para entre 61 e 100 mortes durante a repress\u00e3o policial de uma greve em Jartum, capital do pa\u00eds, pela deten\u00e7\u00e3o de v\u00e1rios l\u00edderes opositores \u00e0 Junta Militar nesta semana.<\/p>\n<p>O Sud\u00e3o \u00e9 um pa\u00eds majoritariamente mu\u00e7ulmano, onde rege a lei isl\u00e2mica ou sharia. Sua pol\u00edtica esteve fortemente sob interven\u00e7\u00e3o da Ar\u00e1bia Saudita, pa\u00eds que financiou e manteve no poder o presidente Al Bashir e que agora faz valer sua implanta\u00e7\u00e3o no territ\u00f3rio para n\u00e3o perder sua influ\u00eancia.<\/p>\n<p>Historicamente, o Sud\u00e3o sofreu 2 longos conflitos que desestabilizaram e ainda seguem em curso. Por um lado, a guerra civil no sul do pa\u00eds, de maioria crist\u00e3 e animista, que resultou na independ\u00eancia do Sud\u00e3o do Sul, em 2011.<\/p>\n<p>Entretanto, este conflito ainda continua vivo, por um lado, devido \u00e0 luta pelo controle dos recursos naturais do Sud\u00e3o do Sul e, por outro, por um novo conflito civil entre os pr\u00f3prios sul-sudaneses.<\/p>\n<p>O outro conflito ainda em curso que desestabiliza a regi\u00e3o \u00e9 o de Darfur, uma regi\u00e3o ocidental do Sud\u00e3o que enfrenta a disputa de diferentes etnias da \u00e1rea pelo controle das terras de cultivo, duramente afetadas pela desertifica\u00e7\u00e3o.<\/p>\n","protected":false},"excerpt":{"rendered":"<p>Durante a ora\u00e7\u00e3o do Regina Coeli, ap\u00f3s a missa da Solenidade de Pentecostes, celebrada na Pra\u00e7a de S\u00e3o Pedro, no Vaticano, neste domingo, 9 de junho, o Papa Francisco fez um chamado aos di\u00e1logo no Sud\u00e3o e pediu ora\u00e7\u00f5es pelo fim da viol\u00eancia neste pa\u00eds africano. \u201cCausam dor e preocupa\u00e7\u00e3o as not\u00edcias que cheguem nestes [&hellip;]<\/p>\n","protected":false},"author":1,"featured_media":50005,"comment_status":"open","ping_status":"closed","sticky":false,"template":"","format":"standard","meta":{"footnotes":""},"categories":[4],"tags":[],"class_list":["post-50004","post","type-post","status-publish","format-standard","has-post-thumbnail","hentry","category-cotidiano"],"_links":{"self":[{"href":"https:\/\/catolicanet.net\/wp-cnet\/wp-json\/wp\/v2\/posts\/50004","targetHints":{"allow":["GET"]}}],"collection":[{"href":"https:\/\/catolicanet.net\/wp-cnet\/wp-json\/wp\/v2\/posts"}],"about":[{"href":"https:\/\/catolicanet.net\/wp-cnet\/wp-json\/wp\/v2\/types\/post"}],"author":[{"embeddable":true,"href":"https:\/\/catolicanet.net\/wp-cnet\/wp-json\/wp\/v2\/users\/1"}],"replies":[{"embeddable":true,"href":"https:\/\/catolicanet.net\/wp-cnet\/wp-json\/wp\/v2\/comments?post=50004"}],"version-history":[{"count":1,"href":"https:\/\/catolicanet.net\/wp-cnet\/wp-json\/wp\/v2\/posts\/50004\/revisions"}],"predecessor-version":[{"id":50006,"href":"https:\/\/catolicanet.net\/wp-cnet\/wp-json\/wp\/v2\/posts\/50004\/revisions\/50006"}],"wp:featuredmedia":[{"embeddable":true,"href":"https:\/\/catolicanet.net\/wp-cnet\/wp-json\/wp\/v2\/media\/50005"}],"wp:attachment":[{"href":"https:\/\/catolicanet.net\/wp-cnet\/wp-json\/wp\/v2\/media?parent=50004"}],"wp:term":[{"taxonomy":"category","embeddable":true,"href":"https:\/\/catolicanet.net\/wp-cnet\/wp-json\/wp\/v2\/categories?post=50004"},{"taxonomy":"post_tag","embeddable":true,"href":"https:\/\/catolicanet.net\/wp-cnet\/wp-json\/wp\/v2\/tags?post=50004"}],"curies":[{"name":"wp","href":"https:\/\/api.w.org\/{rel}","templated":true}]}}