{"id":49984,"date":"2019-06-10T09:39:13","date_gmt":"2019-06-10T12:39:13","guid":{"rendered":"http:\/\/catolicanet.net\/wp-cnet\/?p=49984"},"modified":"2019-06-11T09:44:07","modified_gmt":"2019-06-11T12:44:07","slug":"frades-conventuais-em-roma-salvar-a-amazonia-promover-a-africa","status":"publish","type":"post","link":"https:\/\/catolicanet.net\/wp-cnet\/frades-conventuais-em-roma-salvar-a-amazonia-promover-a-africa\/","title":{"rendered":"Frades Conventuais em Roma: salvar a Amaz\u00f4nia, promover a \u00c1frica"},"content":{"rendered":"<div class=\"article__subTitle\">Duas iniciativas concretas dos Frades Menores Conventuais em Roma. A primeira tem ao centro a Amaz\u00f4nia e busca sensibilizar a opini\u00e3o p\u00fablica sobre os desafios eclesiais, sociais e ambientais que envolvem a regi\u00e3o e toda a humanidade. A segunda olha para a \u00c1frica e suas necessidades mais urgentes: em particular, os religiosos franciscanos querem fazer conhecer os projetos de uma realidade mission\u00e1ria que precisa de ajuda e de apoio<\/div>\n<div class=\"title__separator\"><\/div>\n<div class=\"article__text\">\n<p><b>Cidade do Vaticano<\/b><\/p>\n<p>Salvar a Amaz\u00f4nia, promover a \u00c1frica. S\u00e3o as palavras de ordem que este ano animam em Roma a presen\u00e7a dos religiosos da Ordem dos Frades Menores Conventuais do Centro mission\u00e1rio franciscano \u00e0 margem do Tibre durante os tr\u00eas meses de ver\u00e3o.<\/p>\n<div>\n<div class=\"article__embed article__embed--unwrap article__embed--dark\">\n<div class=\"article__innerTitle\">Ou\u00e7a e compartilhe!<\/div>\n<!--[if lt IE 9]><script>document.createElement('audio');<\/script><![endif]-->\n<audio class=\"wp-audio-shortcode\" id=\"audio-49984-1\" preload=\"none\" style=\"width: 100%;\" controls=\"controls\"><source type=\"audio\/mpeg\" src=\"https:\/\/media.vaticannews.va\/media\/audio\/s1\/2019\/06\/10\/11\/135078906_F135078906.mp3?_=1\" \/><a href=\"https:\/\/media.vaticannews.va\/media\/audio\/s1\/2019\/06\/10\/11\/135078906_F135078906.mp3\">https:\/\/media.vaticannews.va\/media\/audio\/s1\/2019\/06\/10\/11\/135078906_F135078906.mp3<\/a><\/audio>\n<\/div>\n<\/div>\n<p>A cl\u00e1ssica manifesta\u00e7\u00e3o da vida noturna romana \u201cAo longo do Tibre&#8230; um rio de cultura\u201d \u2013 que em noventa dias registra um fluxo de cerca de dois milh\u00f5es de pessoas entre turistas, romanos e italianos em geral \u2013 oferece mais uma vez aos religiosos a ocasi\u00e3o para uma presen\u00e7a \u201centre e com o povo gra\u00e7as a um estande colocado no centro dos dois quil\u00f4metros expositivos.<\/p>\n<h2>Suscitar atitude de aten\u00e7\u00e3o \u00e0s necessidades dos outros<\/h2>\n<p>Num contexto principalmente de lazer, caracterizado sobretudo pela vontade de descontra\u00e7\u00e3o e divertimento, a miss\u00e3o dos Frades assume um valor particular, porque busca oferecer propostas alternativas.<\/p>\n<p>Propostas capazes de suscitar nas pessoas uma atitude de aten\u00e7\u00e3o \u00e0s necessidades dos outros, fazendo crescer em cada um o sentido da solidariedade e da coopera\u00e7\u00e3o, tamb\u00e9m atrav\u00e9s de uma obra de divulga\u00e7\u00e3o e de informa\u00e7\u00e3o sobre as atividades mission\u00e1rias realizadas pelos Frades Menores Conventuais em quarenta pa\u00edses no mundo inteiro.<\/p>\n<h2>Amaz\u00f4nia: desafios eclesiais, sociais e ambientais<\/h2>\n<p>Em particular, o estande deste ano apresenta duas iniciativas concretas. A primeira, inclusive em vista do S\u00ednodo dos Bispos do pr\u00f3ximo m\u00eas de outubro, tem ao centro a Amaz\u00f4nia e busca sensibilizar a opini\u00e3o p\u00fablica sobre os desafios eclesiais, sociais e ambientais que envolvem a regi\u00e3o e toda a humanidade.<\/p>\n<h2>\u00c1frica, realidade mission\u00e1ria que precisa de ajuda e apoio<\/h2>\n<p>A segunda olha para a \u00c1frica e suas necessidades mais urgentes: em particular, os religiosos franciscanos querem acender os refletores sobre a situa\u00e7\u00e3o de suas sete circunscri\u00e7\u00f5es (Z\u00e2mbia, Malau\u00ed, Burkina Fasso, Tanz\u00e2nia, Uganda, Qu\u00eania e Gana), fazendo conhecer os projetos de uma realidade mission\u00e1ria que precisa de ajuda e de apoio.<\/p>\n<\/div>\n","protected":false},"excerpt":{"rendered":"<p>Duas iniciativas concretas dos Frades Menores Conventuais em Roma. A primeira tem ao centro a Amaz\u00f4nia e busca sensibilizar a opini\u00e3o p\u00fablica sobre os desafios eclesiais, sociais e ambientais que envolvem a regi\u00e3o e toda a humanidade. A segunda olha para a \u00c1frica e suas necessidades mais urgentes: em particular, os religiosos franciscanos querem fazer [&hellip;]<\/p>\n","protected":false},"author":1,"featured_media":49985,"comment_status":"open","ping_status":"closed","sticky":false,"template":"","format":"standard","meta":{"footnotes":""},"categories":[3],"tags":[],"class_list":["post-49984","post","type-post","status-publish","format-standard","has-post-thumbnail","hentry","category-vaticano"],"_links":{"self":[{"href":"https:\/\/catolicanet.net\/wp-cnet\/wp-json\/wp\/v2\/posts\/49984","targetHints":{"allow":["GET"]}}],"collection":[{"href":"https:\/\/catolicanet.net\/wp-cnet\/wp-json\/wp\/v2\/posts"}],"about":[{"href":"https:\/\/catolicanet.net\/wp-cnet\/wp-json\/wp\/v2\/types\/post"}],"author":[{"embeddable":true,"href":"https:\/\/catolicanet.net\/wp-cnet\/wp-json\/wp\/v2\/users\/1"}],"replies":[{"embeddable":true,"href":"https:\/\/catolicanet.net\/wp-cnet\/wp-json\/wp\/v2\/comments?post=49984"}],"version-history":[{"count":1,"href":"https:\/\/catolicanet.net\/wp-cnet\/wp-json\/wp\/v2\/posts\/49984\/revisions"}],"predecessor-version":[{"id":49986,"href":"https:\/\/catolicanet.net\/wp-cnet\/wp-json\/wp\/v2\/posts\/49984\/revisions\/49986"}],"wp:featuredmedia":[{"embeddable":true,"href":"https:\/\/catolicanet.net\/wp-cnet\/wp-json\/wp\/v2\/media\/49985"}],"wp:attachment":[{"href":"https:\/\/catolicanet.net\/wp-cnet\/wp-json\/wp\/v2\/media?parent=49984"}],"wp:term":[{"taxonomy":"category","embeddable":true,"href":"https:\/\/catolicanet.net\/wp-cnet\/wp-json\/wp\/v2\/categories?post=49984"},{"taxonomy":"post_tag","embeddable":true,"href":"https:\/\/catolicanet.net\/wp-cnet\/wp-json\/wp\/v2\/tags?post=49984"}],"curies":[{"name":"wp","href":"https:\/\/api.w.org\/{rel}","templated":true}]}}