{"id":49948,"date":"2019-06-10T13:46:12","date_gmt":"2019-06-10T16:46:12","guid":{"rendered":"http:\/\/catolicanet.net\/wp-cnet\/?p=49948"},"modified":"2019-06-10T13:46:12","modified_gmt":"2019-06-10T16:46:12","slug":"bencao-de-pedra-fundamental-marca-construcao-de-uma-unidade-da-fazenda-da-esperanca","status":"publish","type":"post","link":"https:\/\/catolicanet.net\/wp-cnet\/bencao-de-pedra-fundamental-marca-construcao-de-uma-unidade-da-fazenda-da-esperanca\/","title":{"rendered":"B\u00ean\u00e7\u00e3o de pedra fundamental marca constru\u00e7\u00e3o de uma unidade da Fazenda da Esperan\u00e7a"},"content":{"rendered":"<p>Na manh\u00e3 do dia 4 de junho, aconteceu a cerim\u00f4nia de b\u00ean\u00e7\u00e3o da pedra fundamental da unidade da Fazenda da Esperan\u00e7a na Prelazia de Itacoatiara,\u00a0\u00a0ap\u00f3s um per\u00edodo de conversas e acordos firmados entre a Prelazia e o respons\u00e1vel regional pela Fazenda da Esperan\u00e7a, padre Vin\u00edcius Gouveia.<\/p>\n<p>A cerim\u00f4nia de b\u00ean\u00e7\u00e3o foi presidida pelo Vig\u00e1rio Geral da Prelazia de Itacoatiara, padre Graciomar Gama Fernandes, que na aus\u00eancia do bispo Prelado, dom Jos\u00e9 Ionilton Lisboa de Oliveira \u2013 SDV, ratificou o empenho do bispo e de toda a prelazia para que esta unidade se tornasse uma realidade.<\/p>\n<p>Confira <a href=\"http:\/\/cnbbnorte1.blogspot.com\/2019\/06\/bencao-de-pedra-fundamental-marca.html\">a not\u00edcia na \u00edntegra.<\/a><\/p>\n<div class=\"article-main-next-prev\">\n<div class=\"paragraph-row\"><\/div>\n<\/div>\n","protected":false},"excerpt":{"rendered":"<p>Na manh\u00e3 do dia 4 de junho, aconteceu a cerim\u00f4nia de b\u00ean\u00e7\u00e3o da pedra fundamental da unidade da Fazenda da Esperan\u00e7a na Prelazia de Itacoatiara,\u00a0\u00a0ap\u00f3s um per\u00edodo de conversas e acordos firmados entre a Prelazia e o respons\u00e1vel regional pela Fazenda da Esperan\u00e7a, padre Vin\u00edcius Gouveia. A cerim\u00f4nia de b\u00ean\u00e7\u00e3o foi presidida pelo Vig\u00e1rio Geral [&hellip;]<\/p>\n","protected":false},"author":1,"featured_media":49950,"comment_status":"open","ping_status":"closed","sticky":false,"template":"","format":"standard","meta":{"footnotes":""},"categories":[7],"tags":[],"class_list":["post-49948","post","type-post","status-publish","format-standard","has-post-thumbnail","hentry","category-cnbb"],"_links":{"self":[{"href":"https:\/\/catolicanet.net\/wp-cnet\/wp-json\/wp\/v2\/posts\/49948","targetHints":{"allow":["GET"]}}],"collection":[{"href":"https:\/\/catolicanet.net\/wp-cnet\/wp-json\/wp\/v2\/posts"}],"about":[{"href":"https:\/\/catolicanet.net\/wp-cnet\/wp-json\/wp\/v2\/types\/post"}],"author":[{"embeddable":true,"href":"https:\/\/catolicanet.net\/wp-cnet\/wp-json\/wp\/v2\/users\/1"}],"replies":[{"embeddable":true,"href":"https:\/\/catolicanet.net\/wp-cnet\/wp-json\/wp\/v2\/comments?post=49948"}],"version-history":[{"count":1,"href":"https:\/\/catolicanet.net\/wp-cnet\/wp-json\/wp\/v2\/posts\/49948\/revisions"}],"predecessor-version":[{"id":49951,"href":"https:\/\/catolicanet.net\/wp-cnet\/wp-json\/wp\/v2\/posts\/49948\/revisions\/49951"}],"wp:featuredmedia":[{"embeddable":true,"href":"https:\/\/catolicanet.net\/wp-cnet\/wp-json\/wp\/v2\/media\/49950"}],"wp:attachment":[{"href":"https:\/\/catolicanet.net\/wp-cnet\/wp-json\/wp\/v2\/media?parent=49948"}],"wp:term":[{"taxonomy":"category","embeddable":true,"href":"https:\/\/catolicanet.net\/wp-cnet\/wp-json\/wp\/v2\/categories?post=49948"},{"taxonomy":"post_tag","embeddable":true,"href":"https:\/\/catolicanet.net\/wp-cnet\/wp-json\/wp\/v2\/tags?post=49948"}],"curies":[{"name":"wp","href":"https:\/\/api.w.org\/{rel}","templated":true}]}}