{"id":49926,"date":"2019-06-10T09:36:10","date_gmt":"2019-06-10T12:36:10","guid":{"rendered":"http:\/\/catolicanet.net\/wp-cnet\/?p=49926"},"modified":"2019-06-10T09:36:10","modified_gmt":"2019-06-10T12:36:10","slug":"papa-a-roaco-tenho-o-desejo-de-ir-ao-iraque-no-proximo-ano","status":"publish","type":"post","link":"https:\/\/catolicanet.net\/wp-cnet\/papa-a-roaco-tenho-o-desejo-de-ir-ao-iraque-no-proximo-ano\/","title":{"rendered":"Papa \u00e0 Roaco: tenho o desejo de ir ao Iraque no pr\u00f3ximo ano"},"content":{"rendered":"<div class=\"article__subTitle\">\u201cUm pensamento insistente me acompanha pensando no Iraque, onde tenho o desejo de ir no pr\u00f3ximo ano, para que possa olhar adiante atrav\u00e9s da participa\u00e7\u00e3o pac\u00edfica e partilhada na constru\u00e7\u00e3o do bem comum de todos as componentes religiosas da sociedade, e n\u00e3o caia novamente em tens\u00f5es que v\u00eam dos conflitos intermin\u00e1veis de pot\u00eancias regionais\u201d, disse Francisco \u00e0 Roaco.<\/div>\n<div class=\"title__separator\"><\/div>\n<div class=\"article__text\">\n<p><b>Mariangela Jaguraba &#8211; Cidade do Vaticano<\/b><\/p>\n<p>O Papa Francisco recebeu em audi\u00eancia, nesta segunda-feira (10\/06), na Sala do Consist\u00f3rio, no Vaticano, cerca de cem participantes da 92\u00aa Assembleia Plen\u00e1ria da Reuni\u00e3o das Obras de Ajuda \u00e0s Igrejas Orientais (Roaco).<\/p>\n<p>Em seu discurso, Francisco sublinhou que desde o \u00faltimo encontro com a Roaco ele teve v\u00e1rias ocasi\u00f5es para encontrar as realidades ligadas ao trabalho da Congrega\u00e7\u00e3o para as Igrejas Orientais, e citou como exemplo, as viagens apost\u00f3licas \u00e0 Bulg\u00e1ria, Maced\u00f4nia do Norte e Rom\u00eania, e o dia de ora\u00e7\u00e3o e di\u00e1logo com os Patriarcas do Oriente M\u00e9dio, em 7 de julho do ano passado, em Bari, na It\u00e1lia.<\/p>\n<h2>Risco de uma crise humanit\u00e1ria na S\u00edria<\/h2>\n<p>\u201cNesses dias, as contribui\u00e7\u00f5es dos representantes pontif\u00edcios de alguns pa\u00edses, bem como dos relatores que foram escolhidos, ajudar\u00e3o voc\u00eas a ouvir o grito daqueles que, nestes anos, lhes foram roubadas a esperan\u00e7a: penso com tristeza, mais uma vez, ao drama da <b>S\u00edria<\/b> e \u00e0s nuvens densas que parecem aumentar sobre ela em algumas \u00e1reas ainda inst\u00e1veis e onde o risco de uma crise humanit\u00e1ria ainda maior permanece alto.\u201d<\/p>\n<div>\n<div class=\"article__embed article__embed--unwrap article__embed--dark\">\n<div class=\"article__innerTitle\">Ou\u00e7a a reportagem<\/div>\n<audio class=\"wp-audio-shortcode\" id=\"audio-49926-1\" preload=\"none\" style=\"width: 100%;\" controls=\"controls\"><source type=\"audio\/mpeg\" src=\"https:\/\/media.vaticannews.va\/media\/audio\/s1\/2019\/06\/10\/14\/135079344_F135079344.mp3?_=1\" \/><a href=\"https:\/\/media.vaticannews.va\/media\/audio\/s1\/2019\/06\/10\/14\/135079344_F135079344.mp3\">https:\/\/media.vaticannews.va\/media\/audio\/s1\/2019\/06\/10\/14\/135079344_F135079344.mp3<\/a><\/audio>\n<\/div>\n<\/div>\n<p>O Papa tamb\u00e9m recordou \u201cas pessoas que n\u00e3o t\u00eam alimento, as que n\u00e3o t\u00eam assist\u00eancia m\u00e9dica, n\u00e3o t\u00eam escola, os \u00f3rf\u00e3os, os feridos e vi\u00favas que levantam as suas vozes\u201d. \u201cSe os cora\u00e7\u00f5es dos homens s\u00e3o insens\u00edveis, o de Deus n\u00e3o \u00e9, ferido pelo \u00f3dio e pela viol\u00eancia que pode desencadear-se entre suas criaturas\u201d, um cora\u00e7\u00e3o \u201ccapaz sempre de se comover e cuidar delas com a ternura e a for\u00e7a de um Pai que protege e guia. Mas tamb\u00e9m, muitas vezes penso na ira de Deus que se desencadear\u00e1 contra os respons\u00e1veis daqueles pa\u00edses que falam de paz e vendem armas para fazer essas guerras. Essa hipocrisia \u00e9 um pecado&#8221;. A seguir, disse:<\/p>\n<h2>Constru\u00e7\u00e3o do bem comum no Iraque<\/h2>\n<p>\u201cUm pensamento insistente me acompanha pensando no <b>Iraque<\/b>, <b>onde tenho o desejo de ir no pr\u00f3ximo ano,<\/b> para que possa olhar adiante atrav\u00e9s da participa\u00e7\u00e3o pac\u00edfica e partilhada na constru\u00e7\u00e3o do bem comum de todos as componentes religiosas da sociedade, e n\u00e3o caia novamente em tens\u00f5es que v\u00eam dos conflitos intermin\u00e1veis de pot\u00eancias regionais\u201d.<\/p>\n<h2>Esperan\u00e7a de paz na Ucr\u00e2nia<\/h2>\n<p>O Pont\u00edfice recordou tamb\u00e9m a <b>Ucr\u00e2nia<\/b>, \u201cpara que a sua popula\u00e7\u00e3o possa encontrar a paz, cujas feridas causadas pelo conflito\u201d ele tentou \u201caliviar com a iniciativa de caridade \u00e0 qual contribu\u00edram muitas realidades eclesiais\u201d.<\/p>\n<h2>Conviv\u00eancia pac\u00edfica na Terra Santa<\/h2>\n<p>\u201cNa <b>Terra Santa<\/b>, espero que o recente an\u00fancio de uma segunda fase de estudo da restaura\u00e7\u00e3o do Santo Sepulcro, que v\u00ea as comunidades crist\u00e3s do Statu quo lado a lado, seja acompanhado pelos sinceros esfor\u00e7os de todos os protagonistas locais e internacionais para que chegue logo uma pac\u00edfica conviv\u00eancia no respeito de todos aqueles que vivem naquela terra, sinal para todos da b\u00ean\u00e7\u00e3o do Senhor&#8221;, frisou ainda o Pont\u00edfice.<\/p>\n<p>O Papa convidou a ouvir o grito de dor das pessoas que fogem dos conflitos, que deixam tudo para ir a um lugar de esperan\u00e7a. E recordou o que est\u00e1 acontecendo na <b>Europa<\/b> e seus portos:<\/p>\n<h2>Hipocrisia da Europa<\/h2>\n<p>\u201cGritam as pessoas em fuga amassadas dentro de navios, em busca de esperan\u00e7a, sem saber em que portos poder\u00e3o ser acolhidas na <b>Europa<\/b> que abre os portos para embarca\u00e7\u00f5es que t\u00eam que carregar armamentos sofisticados e caros, capazes de produzir devasta\u00e7\u00e3o que n\u00e3o poupam sequer as crian\u00e7as. Esta \u00e9 a hipocrisia da qual eu falei. Somos conscientes de que o grito de Abel sobe at\u00e9 Deus, conforme nos lembramos em Bari h\u00e1 um ano, rezando juntos pelos nossos fi\u00e9is do Oriente M\u00e9dio.\u201d<\/p>\n<p>Francisco tamb\u00e9m recordou que ao lado da dor, h\u00e1 sempre esperan\u00e7a e consola\u00e7\u00e3o, \u201ceco da incans\u00e1vel obra de caridade\u201d que a Roaco realiza e que \u201cmanifesta o rosto da Igreja e contribui para torn\u00e1-la viva, em particular alimentando a esperan\u00e7a das jovens gera\u00e7\u00f5es\u201d.<\/p>\n<h2>Futuro de paz e prosperidade<\/h2>\n<p>Francisco recordou, conforme visto no recente S\u00ednodo, a coragem de muitos jovens que, fascinados pelo an\u00fancio de Cristo, o seguem sem medo, os jovens da <b>Eti\u00f3pia<\/b> e da <b>Eritreia<\/b> que vivem a \u201cfraternidade sincera e respeitosa de cada um\u201d depois da paz assinada entre os dois pa\u00edses.<\/p>\n<p>Fez um apelo para tornar conhecido o documento assinado em <b>Abu Dhabi<\/b> junto com o Gr\u00e3o-imame de Al-Ahzar, \u201cboa alian\u00e7a para o futuro da humanidade contida nele\u201d, e a preservar realidades como escolas e universidades que, por exemplo, no <b>L\u00edbano,<\/b> s\u00e3o aut\u00eanticos \u201claborat\u00f3rios de coexist\u00eancia e lugares de humanidade aos quais todos podem acessar facilmente\u201d.<\/p>\n<p>\u201cPe\u00e7o a voc\u00eas para prosseguir e aumentar o seu compromisso para que nos pa\u00edses e nas situa\u00e7\u00f5es que voc\u00eas apoiam, os jovens possam crescer em humanidade, livres das coloniza\u00e7\u00f5es ideol\u00f3gicas, com os cora\u00e7\u00f5es e mentes abertos, valorizando as suas ra\u00edzes nacionais e eclesiais e desejando um futuro de paz e prosperidade, que n\u00e3o deixe ningu\u00e9m para tr\u00e1s e n\u00e3o discrimine ningu\u00e9m.\u201d<\/p>\n<\/div>\n","protected":false},"excerpt":{"rendered":"<p>\u201cUm pensamento insistente me acompanha pensando no Iraque, onde tenho o desejo de ir no pr\u00f3ximo ano, para que possa olhar adiante atrav\u00e9s da participa\u00e7\u00e3o pac\u00edfica e partilhada na constru\u00e7\u00e3o do bem comum de todos as componentes religiosas da sociedade, e n\u00e3o caia novamente em tens\u00f5es que v\u00eam dos conflitos intermin\u00e1veis de pot\u00eancias regionais\u201d, disse [&hellip;]<\/p>\n","protected":false},"author":1,"featured_media":49927,"comment_status":"open","ping_status":"closed","sticky":false,"template":"","format":"standard","meta":{"footnotes":""},"categories":[13],"tags":[],"class_list":["post-49926","post","type-post","status-publish","format-standard","has-post-thumbnail","hentry","category-featured"],"_links":{"self":[{"href":"https:\/\/catolicanet.net\/wp-cnet\/wp-json\/wp\/v2\/posts\/49926","targetHints":{"allow":["GET"]}}],"collection":[{"href":"https:\/\/catolicanet.net\/wp-cnet\/wp-json\/wp\/v2\/posts"}],"about":[{"href":"https:\/\/catolicanet.net\/wp-cnet\/wp-json\/wp\/v2\/types\/post"}],"author":[{"embeddable":true,"href":"https:\/\/catolicanet.net\/wp-cnet\/wp-json\/wp\/v2\/users\/1"}],"replies":[{"embeddable":true,"href":"https:\/\/catolicanet.net\/wp-cnet\/wp-json\/wp\/v2\/comments?post=49926"}],"version-history":[{"count":1,"href":"https:\/\/catolicanet.net\/wp-cnet\/wp-json\/wp\/v2\/posts\/49926\/revisions"}],"predecessor-version":[{"id":49928,"href":"https:\/\/catolicanet.net\/wp-cnet\/wp-json\/wp\/v2\/posts\/49926\/revisions\/49928"}],"wp:featuredmedia":[{"embeddable":true,"href":"https:\/\/catolicanet.net\/wp-cnet\/wp-json\/wp\/v2\/media\/49927"}],"wp:attachment":[{"href":"https:\/\/catolicanet.net\/wp-cnet\/wp-json\/wp\/v2\/media?parent=49926"}],"wp:term":[{"taxonomy":"category","embeddable":true,"href":"https:\/\/catolicanet.net\/wp-cnet\/wp-json\/wp\/v2\/categories?post=49926"},{"taxonomy":"post_tag","embeddable":true,"href":"https:\/\/catolicanet.net\/wp-cnet\/wp-json\/wp\/v2\/tags?post=49926"}],"curies":[{"name":"wp","href":"https:\/\/api.w.org\/{rel}","templated":true}]}}