{"id":49891,"date":"2019-06-05T10:24:29","date_gmt":"2019-06-05T13:24:29","guid":{"rendered":"http:\/\/catolicanet.net\/wp-cnet\/?p=49891"},"modified":"2019-06-05T10:25:28","modified_gmt":"2019-06-05T13:25:28","slug":"o-bispo-de-cornelio-procopio-pr-e-presidente-da-comissao-episcopal-pastoral-para-o-ecumenismo-e-o-dialogo-inter-religioso-da-conferencia-nacional-dos-bispos-do-brasil-cnbb-dom-manoel-joao-francis","status":"publish","type":"post","link":"https:\/\/catolicanet.net\/wp-cnet\/o-bispo-de-cornelio-procopio-pr-e-presidente-da-comissao-episcopal-pastoral-para-o-ecumenismo-e-o-dialogo-inter-religioso-da-conferencia-nacional-dos-bispos-do-brasil-cnbb-dom-manoel-joao-francis\/","title":{"rendered":"Dom Manoel Jo\u00e3o Francisco fala sobre a Semana de Ora\u00e7\u00e3o pela Unidade Crist\u00e3"},"content":{"rendered":"<p>O bispo de Corn\u00e9lio Proc\u00f3pio (PR) e presidente da Comiss\u00e3o Episcopal Pastoral para o Ecumenismo e o Di\u00e1logo Inter-Religioso da Confer\u00eancia Nacional dos Bispos do Brasil (CNBB), dom Manoel Jo\u00e3o Francisco, ofereceu ao seu espa\u00e7o de artigos no portal da confer\u00eancia as respostas de uma entrevista sobre a Semana de Ora\u00e7\u00e3o pela Unidade Crist\u00e3, que acontece desde o \u00faltimo domingo e se estende at\u00e9 a v\u00e9spera da solenidade de Pentecostes.<\/p>\n<p>Dom Manoel reflete sobre o tema escolhido para esta Semana de Ora\u00e7\u00e3o pela Unidade Crist\u00e3 \u201cProcurar\u00e1s a Justi\u00e7a, nada al\u00e9m da Justi\u00e7a\u201d (Dt 16,18-20): <em>\u201cFoi escolhido pelas Igrejas da Indon\u00e9sia preocupadas com o crescimento econ\u00f4mico de seu pa\u00eds, que se desenvolveu animado pela l\u00f3gica da concorr\u00eancia, deixando muitos na pobreza extrema e permitindo o enriquecimento exagerado de apenas alguns\u201d<\/em>.<\/p>\n<p>Dom Manoel recorda que o Papa Francisco, durante a celebra\u00e7\u00e3o da Semana no hemisf\u00e9rio Norte, que acontece em janeiro, ressaltou que a preocupa\u00e7\u00e3o que levou \u00e0 escolha da tem\u00e1tica n\u00e3o acontece somente na Indon\u00e9sia, mas tamb\u00e9m no resto do mundo.<\/p>\n<p>O Papa afirmou em 25 de janeiro: <em>\u201cQuando a sociedade deixa de ter como fundamento o princ\u00edpio da solidariedade e do bem comum, assistimos ao esc\u00e2ndalo de pessoas que vivem em extrema pobreza ao lado de arranha-c\u00e9us, hot\u00e9is imponentes e centros comerciais luxuosos, s\u00edmbolos de incr\u00edvel riqueza. Esquecemo-nos da sabedoria da lei mosaica, segundo a qual, se a riqueza n\u00e3o for partilhada, a sociedade divide-se\u201d<\/em>.<\/p>\n<p>Dom Manoel continuou destacando o pronunciamento do Papa:<\/p>\n<blockquote><p><em>\u201cPara realizar os primeiros passos rumo \u00e0 terra prometida que \u00e9 a nossa unidade, devemos, em primeiro lugar, reconhecer humildemente que as b\u00ean\u00e7\u00e3os recebidas n\u00e3o s\u00e3o nossas por direito, mas por d\u00e1diva, tendo-nos sido concedidas para partilharmos com os outros. Em segundo lugar, devemos reconhecer o valor da gra\u00e7a concedida as outras comunidades crist\u00e3s. Consequentemente ser\u00e1 nosso desejo participar nos dons dos outros. Um povo crist\u00e3o, renovado e enriquecido por esta troca de dons, ser\u00e1 um povo capaz de caminhar, com passo firme e confiante, pelo caminho que leva \u00e0 unidade\u201d.<\/em><\/p><\/blockquote>\n<p>Dom Manoel tamb\u00e9m falou sobre a onda de intoler\u00e2ncia contra os crist\u00e3os, que marcam a hist\u00f3ria como m\u00e1rtires. \u201cNosso compromisso com unidade dos crist\u00e3os cresce ainda mais quando vemos que o Esp\u00edrito de Deus j\u00e1 est\u00e1 suscitando m\u00e1rtires dentro das v\u00e1rias Igrejas, fen\u00f4meno cunhado pelo Papa Francisco com a express\u00e3o \u2018Ecumenismo de Sangue\u2019, afirmou.<\/p>\n<p>O presidente da Comiss\u00e3o para o Ecumenismo da CNBB ainda ensina que n\u00e3o se pode pensar que os mart\u00edrios acontecem somente em pa\u00edses, onde os crist\u00e3os s\u00e3o minorias: \u201cTamb\u00e9m em pa\u00edses majoritariamente crist\u00e3os existem m\u00e1rtires. \u00c9 o caso do Brasil, onde os m\u00e1rtires s\u00e3o v\u00edtimas de outros crist\u00e3os\u201d, denuncia.<\/p>\n<p><strong>Iniciativas de reflex\u00e3o e aprofundamento<br \/>\n<\/strong>As Igrejas-membro do Conselho Nacional de Igrejas Crist\u00e3s (Conic) est\u00e3o dinamizando a SOUC em suas realidades. V\u00e1rias iniciativas buscam divulgar a semana e aprofundar a tem\u00e1tica proposta, principalmente por meio de p\u00e1ginas em websites.<\/p>\n<p>No \u00e2mbito da Igreja cat\u00f3lica, a Prov\u00edncia Franciscana da Imaculada Concei\u00e7\u00e3o do Brasil, da Ordem dos Frades Menores, elaborou uma p\u00e1gina especial sobre a semana com materiais relacionados e uma s\u00e9rie de entrevistas sobre a origem e o tema da SOUC, al\u00e9m de outros aspectos importantes do ecumenismo.<\/p>\n<p>O objetivo da s\u00e9rie de entrevistas \u00e9 provocar a reflex\u00e3o sobre o tema do ecumenismo e motivar para que as comunidades se organizem e iniciem ou fortalecem a rela\u00e7\u00e3o com outras denomina\u00e7\u00f5es crist\u00e3s, valorizando aquilo que os une enquanto seguidores de Cristo.<\/p>\n<p>A s\u00e9rie possui 12 epis\u00f3dios e ser\u00e1 disponibilizada em duas partes. <a href=\"https:\/\/franciscanos.org.br\/vidacrista\/especiais\/semana-de-oracao-pela-unidade-crista\/\">Confira o material aqui<\/a>:<\/p>\n","protected":false},"excerpt":{"rendered":"<p>O bispo de Corn\u00e9lio Proc\u00f3pio (PR) e presidente da Comiss\u00e3o Episcopal Pastoral para o Ecumenismo e o Di\u00e1logo Inter-Religioso da Confer\u00eancia Nacional dos Bispos do Brasil (CNBB), dom Manoel Jo\u00e3o Francisco, ofereceu ao seu espa\u00e7o de artigos no portal da confer\u00eancia as respostas de uma entrevista sobre a Semana de Ora\u00e7\u00e3o pela Unidade Crist\u00e3, que [&hellip;]<\/p>\n","protected":false},"author":1,"featured_media":49892,"comment_status":"open","ping_status":"closed","sticky":false,"template":"","format":"standard","meta":{"footnotes":""},"categories":[7],"tags":[],"class_list":["post-49891","post","type-post","status-publish","format-standard","has-post-thumbnail","hentry","category-cnbb"],"_links":{"self":[{"href":"https:\/\/catolicanet.net\/wp-cnet\/wp-json\/wp\/v2\/posts\/49891","targetHints":{"allow":["GET"]}}],"collection":[{"href":"https:\/\/catolicanet.net\/wp-cnet\/wp-json\/wp\/v2\/posts"}],"about":[{"href":"https:\/\/catolicanet.net\/wp-cnet\/wp-json\/wp\/v2\/types\/post"}],"author":[{"embeddable":true,"href":"https:\/\/catolicanet.net\/wp-cnet\/wp-json\/wp\/v2\/users\/1"}],"replies":[{"embeddable":true,"href":"https:\/\/catolicanet.net\/wp-cnet\/wp-json\/wp\/v2\/comments?post=49891"}],"version-history":[{"count":2,"href":"https:\/\/catolicanet.net\/wp-cnet\/wp-json\/wp\/v2\/posts\/49891\/revisions"}],"predecessor-version":[{"id":49894,"href":"https:\/\/catolicanet.net\/wp-cnet\/wp-json\/wp\/v2\/posts\/49891\/revisions\/49894"}],"wp:featuredmedia":[{"embeddable":true,"href":"https:\/\/catolicanet.net\/wp-cnet\/wp-json\/wp\/v2\/media\/49892"}],"wp:attachment":[{"href":"https:\/\/catolicanet.net\/wp-cnet\/wp-json\/wp\/v2\/media?parent=49891"}],"wp:term":[{"taxonomy":"category","embeddable":true,"href":"https:\/\/catolicanet.net\/wp-cnet\/wp-json\/wp\/v2\/categories?post=49891"},{"taxonomy":"post_tag","embeddable":true,"href":"https:\/\/catolicanet.net\/wp-cnet\/wp-json\/wp\/v2\/tags?post=49891"}],"curies":[{"name":"wp","href":"https:\/\/api.w.org\/{rel}","templated":true}]}}