{"id":49881,"date":"2019-06-04T10:04:01","date_gmt":"2019-06-04T13:04:01","guid":{"rendered":"http:\/\/catolicanet.net\/wp-cnet\/?p=49881"},"modified":"2019-06-05T10:13:55","modified_gmt":"2019-06-05T13:13:55","slug":"comunidade-de-taize-um-caminho-de-verdade-e-de-escuta-2","status":"publish","type":"post","link":"https:\/\/catolicanet.net\/wp-cnet\/comunidade-de-taize-um-caminho-de-verdade-e-de-escuta-2\/","title":{"rendered":"Comunidade de Taiz\u00e9: um caminho de verdade e de escuta"},"content":{"rendered":"<p>Na tarde desta segunda- feira, dia 3 de junho, os bispos das oito dioceses e arquidiocese do Cear\u00e1, iniciaram a reuni\u00e3o do Conselho Episcopal da Confer\u00eancia Nacional dos Bispos do Brasil- CNBB, do regional Nordeste 1, o CONSER. O encontro que acontece na Casa de Retiros das Irm\u00e3s Josefinas, em Fortaleza, teve como primeira pauta a apresenta\u00e7\u00e3o da nova Presid\u00eancia.<\/p>\n<p>Dom Jos\u00e9 Luiz Gomes de Vasconcelos, dom Andr\u00e9 Vital F\u00e9lix da Silva e dom Valdemir Vicente Andrade Santos, respectivamente, os novos presidente, vice- presidente e secret\u00e1rio da CNBB \u2013 do regional Nordeste 1, foram acolhidos pelos irm\u00e3os no episcopado e pelos colaboradores da CNBB no Cear\u00e1, que celebraram, tamb\u00e9m neste dia, o dom da vida de dom Vasconcelos, dom Andr\u00e9 e dom Ant\u00f4nio Cavuto, aniversariantes do m\u00eas.<\/p>\n<p>Confira a <a href=\"http:\/\/www.cnbbne1.org.br\/noticias_detalhes.php?cod_noticia=19879&amp;cod_secao=1\">not\u00edcia na \u00edntegra.<\/a><\/p>\n","protected":false},"excerpt":{"rendered":"<p>Na tarde desta segunda- feira, dia 3 de junho, os bispos das oito dioceses e arquidiocese do Cear\u00e1, iniciaram a reuni\u00e3o do Conselho Episcopal da Confer\u00eancia Nacional dos Bispos do Brasil- CNBB, do regional Nordeste 1, o CONSER. O encontro que acontece na Casa de Retiros das Irm\u00e3s Josefinas, em Fortaleza, teve como primeira pauta [&hellip;]<\/p>\n","protected":false},"author":1,"featured_media":49882,"comment_status":"open","ping_status":"closed","sticky":false,"template":"","format":"standard","meta":{"footnotes":""},"categories":[7],"tags":[],"class_list":["post-49881","post","type-post","status-publish","format-standard","has-post-thumbnail","hentry","category-cnbb"],"_links":{"self":[{"href":"https:\/\/catolicanet.net\/wp-cnet\/wp-json\/wp\/v2\/posts\/49881","targetHints":{"allow":["GET"]}}],"collection":[{"href":"https:\/\/catolicanet.net\/wp-cnet\/wp-json\/wp\/v2\/posts"}],"about":[{"href":"https:\/\/catolicanet.net\/wp-cnet\/wp-json\/wp\/v2\/types\/post"}],"author":[{"embeddable":true,"href":"https:\/\/catolicanet.net\/wp-cnet\/wp-json\/wp\/v2\/users\/1"}],"replies":[{"embeddable":true,"href":"https:\/\/catolicanet.net\/wp-cnet\/wp-json\/wp\/v2\/comments?post=49881"}],"version-history":[{"count":1,"href":"https:\/\/catolicanet.net\/wp-cnet\/wp-json\/wp\/v2\/posts\/49881\/revisions"}],"predecessor-version":[{"id":49883,"href":"https:\/\/catolicanet.net\/wp-cnet\/wp-json\/wp\/v2\/posts\/49881\/revisions\/49883"}],"wp:featuredmedia":[{"embeddable":true,"href":"https:\/\/catolicanet.net\/wp-cnet\/wp-json\/wp\/v2\/media\/49882"}],"wp:attachment":[{"href":"https:\/\/catolicanet.net\/wp-cnet\/wp-json\/wp\/v2\/media?parent=49881"}],"wp:term":[{"taxonomy":"category","embeddable":true,"href":"https:\/\/catolicanet.net\/wp-cnet\/wp-json\/wp\/v2\/categories?post=49881"},{"taxonomy":"post_tag","embeddable":true,"href":"https:\/\/catolicanet.net\/wp-cnet\/wp-json\/wp\/v2\/tags?post=49881"}],"curies":[{"name":"wp","href":"https:\/\/api.w.org\/{rel}","templated":true}]}}