{"id":49873,"date":"2019-06-04T09:37:20","date_gmt":"2019-06-04T12:37:20","guid":{"rendered":"http:\/\/catolicanet.net\/wp-cnet\/?p=49873"},"modified":"2019-06-05T09:50:23","modified_gmt":"2019-06-05T12:50:23","slug":"pe-zezinho-comemora-78-anos-sou-fruto-da-oracao-do-povo","status":"publish","type":"post","link":"https:\/\/catolicanet.net\/wp-cnet\/pe-zezinho-comemora-78-anos-sou-fruto-da-oracao-do-povo\/","title":{"rendered":"Pe. Zezinho comemora 78 anos: \u201csou fruto da ora\u00e7\u00e3o do povo\u201d"},"content":{"rendered":"<div class=\"article__subTitle\">No pr\u00f3ximo dia 8 de junho, anivers\u00e1rio de Pe. Zezinho e de festa comemorativa aos 100 anos dos Dehonianos em Taubat\u00e9\/SP, ser\u00e1 realizado um grande show no Conventinho. O comunicador cat\u00f3lico, ao festejar seus 78 anos de vida tamb\u00e9m com um memorial dedicado \u00e0 sua obra, se considera hoje \u201cfruto de um milagre, fruto da ora\u00e7\u00e3o do povo\u201d.<\/div>\n<div class=\"title__separator\"><\/div>\n<div class=\"article__text\">\n<p><b>Silvonei Jos\u00e9, Andressa Collet \u2013 Cidade do Vaticano<\/b><\/p>\n<div>\n<div class=\"article__embed article__embed--unwrap article__embed--dark\">\n<div class=\"article__innerTitle\">Ou\u00e7a a reportagem especial e compartilhe<\/div>\n<!--[if lt IE 9]><script>document.createElement('audio');<\/script><![endif]-->\n<audio class=\"wp-audio-shortcode\" id=\"audio-49873-1\" preload=\"none\" style=\"width: 100%;\" controls=\"controls\"><source type=\"audio\/mpeg\" src=\"https:\/\/media.vaticannews.va\/media\/audio\/s1\/2019\/06\/04\/16\/135070981_F135070981.mp3?_=1\" \/><a href=\"https:\/\/media.vaticannews.va\/media\/audio\/s1\/2019\/06\/04\/16\/135070981_F135070981.mp3\">https:\/\/media.vaticannews.va\/media\/audio\/s1\/2019\/06\/04\/16\/135070981_F135070981.mp3<\/a><\/audio>\n<\/div>\n<\/div>\n<div>\n<div class=\"article__embed article__embed--border embed_style\">\n<blockquote><p>\u201c Eu estou cuidando do c\u00e2ncer que n\u00e3o est\u00e1 me atrapalhando mais, o tratamento est\u00e1 indo bem. O diabetes est\u00e1 bem controlado e o AVC n\u00e3o apareceu mais. Estou bem. Eu fui fruto de um milagre, porque rezaram muito por mim e estou vendo que funcionou. Eu sou fruto da ora\u00e7\u00e3o do povo. Gra\u00e7as a Deus. \u201d<\/p><\/blockquote>\n<\/div>\n<\/div>\n<p>A sa\u00fade sob controle de <b>Pe. Zezinho<\/b>, que no pr\u00f3ximo dia 8 de junho comemora 78 anos de idade, \u00e9 motivo de gratid\u00e3o e comemora\u00e7\u00e3o neste ano de 2019, como o pr\u00f3prio memorial feito em homenagem ao comunicador cat\u00f3lico, inaugurado no final do m\u00eas de mar\u00e7o.<\/p>\n<h2>Memorial Pe. Zezinho em Taubat\u00e9<\/h2>\n<p>O Pe. Jo\u00e3ozinho conta que o espa\u00e7o multifuncional de arquivo, de cultivo e visita ao acervo \u00e9 aberto ao p\u00fablico \u201ce, dando sorte, ainda \u00e9 poss\u00edvel encontrar o Pe. Zezinho\u201d no local. Em mais de 50 anos de sacerd\u00f3cio, foram produzidas cerca de 120 obras musicais e de prega\u00e7\u00e3o distribu\u00eddas pelo mundo inteiro. S\u00f3 no Brasil, mais de 100 milh\u00f5es de pessoas conhecem o Pe. Zezinho:<\/p>\n<p><i>\u201cO Pe. Zezinho foi coroinha do Pe. Pascoal Lacroix e herdou esse esp\u00edrito de vanguarda. Aquilo que Pe. Lacroix foi na d\u00e9c. 30 a 50, Pe. Zezinho foi na d\u00e9c. De 60, 70 e 80 e continua at\u00e9 hoje produzindo muito.\u201d<\/i><\/p>\n<\/div>\n","protected":false},"excerpt":{"rendered":"<p>No pr\u00f3ximo dia 8 de junho, anivers\u00e1rio de Pe. Zezinho e de festa comemorativa aos 100 anos dos Dehonianos em Taubat\u00e9\/SP, ser\u00e1 realizado um grande show no Conventinho. O comunicador cat\u00f3lico, ao festejar seus 78 anos de vida tamb\u00e9m com um memorial dedicado \u00e0 sua obra, se considera hoje \u201cfruto de um milagre, fruto da [&hellip;]<\/p>\n","protected":false},"author":1,"featured_media":49874,"comment_status":"open","ping_status":"closed","sticky":false,"template":"","format":"standard","meta":{"footnotes":""},"categories":[13],"tags":[],"class_list":["post-49873","post","type-post","status-publish","format-standard","has-post-thumbnail","hentry","category-featured"],"_links":{"self":[{"href":"https:\/\/catolicanet.net\/wp-cnet\/wp-json\/wp\/v2\/posts\/49873","targetHints":{"allow":["GET"]}}],"collection":[{"href":"https:\/\/catolicanet.net\/wp-cnet\/wp-json\/wp\/v2\/posts"}],"about":[{"href":"https:\/\/catolicanet.net\/wp-cnet\/wp-json\/wp\/v2\/types\/post"}],"author":[{"embeddable":true,"href":"https:\/\/catolicanet.net\/wp-cnet\/wp-json\/wp\/v2\/users\/1"}],"replies":[{"embeddable":true,"href":"https:\/\/catolicanet.net\/wp-cnet\/wp-json\/wp\/v2\/comments?post=49873"}],"version-history":[{"count":1,"href":"https:\/\/catolicanet.net\/wp-cnet\/wp-json\/wp\/v2\/posts\/49873\/revisions"}],"predecessor-version":[{"id":49875,"href":"https:\/\/catolicanet.net\/wp-cnet\/wp-json\/wp\/v2\/posts\/49873\/revisions\/49875"}],"wp:featuredmedia":[{"embeddable":true,"href":"https:\/\/catolicanet.net\/wp-cnet\/wp-json\/wp\/v2\/media\/49874"}],"wp:attachment":[{"href":"https:\/\/catolicanet.net\/wp-cnet\/wp-json\/wp\/v2\/media?parent=49873"}],"wp:term":[{"taxonomy":"category","embeddable":true,"href":"https:\/\/catolicanet.net\/wp-cnet\/wp-json\/wp\/v2\/categories?post=49873"},{"taxonomy":"post_tag","embeddable":true,"href":"https:\/\/catolicanet.net\/wp-cnet\/wp-json\/wp\/v2\/tags?post=49873"}],"curies":[{"name":"wp","href":"https:\/\/api.w.org\/{rel}","templated":true}]}}