{"id":49857,"date":"2019-06-04T16:30:45","date_gmt":"2019-06-04T19:30:45","guid":{"rendered":"http:\/\/catolicanet.net\/wp-cnet\/?p=49857"},"modified":"2019-06-04T16:44:04","modified_gmt":"2019-06-04T19:44:04","slug":"papa-francisco-a-europa-volte-a-ser-o-sonho-dos-pais-fundadores","status":"publish","type":"post","link":"https:\/\/catolicanet.net\/wp-cnet\/papa-francisco-a-europa-volte-a-ser-o-sonho-dos-pais-fundadores\/","title":{"rendered":"Papa Francisco: &#8220;A Europa volte a ser o sonho dos pais fundadores&#8221;"},"content":{"rendered":"<div class=\"article__subTitle\">O desejo de Francisco no di\u00e1logo com os jornalistas no voo para Roma, no final da viagem \u00e0 Rom\u00eania: o pol\u00edtico n\u00e3o deve semear \u00f3dio e medo, somente esperan\u00e7a.<\/div>\n<div class=\"title__separator\"><\/div>\n<div class=\"article__text\">\n<p><b>Do voo Sibiu-Roma<\/b><\/p>\n<p>&#8220;A Europa volte a ser o sonho dos Pais fundadores&#8221; \u00e9 o desejo que o Papa Francisco expressou no final da coletiva de imprensa no voo para Roma, na conclus\u00e3o da sua viagem \u00e0 Rom\u00eania. No in\u00edcio do di\u00e1logo com os jornalistas, o Pont\u00edfice recordou o Dia das Comunica\u00e7\u00f5es Sociais que se celebra neste domingo.<\/p>\n<p>&#8220;Hoje, este dia recorda voc\u00eas, o nosso pensamento vai a voc\u00eas: voc\u00eas que trabalham na comunica\u00e7\u00e3o s\u00e3o operadores e s\u00e3o, ou deveriam ser, testemunhas da comunica\u00e7\u00e3o. Hoje a comunica\u00e7\u00e3o vai para tr\u00e1s, em geral. Vai mais longe no &#8220;contato&#8221;, fazer &#8220;contatos&#8221; e n\u00e3o conseguir comunicar. Voc\u00eas, por voca\u00e7\u00e3o, s\u00e3o testemunhas da comunica\u00e7\u00e3o, devem fazer &#8220;contatos&#8221;, mas devem comunicar. Um pouco menos de contatos e mais comunica\u00e7\u00e3o&#8230;&#8221;.<\/p>\n<p><b><i>Diana Coada Dumitrascu, da TVR<\/i><\/b><\/p>\n<p><b>Milh\u00f5es de compatriotas nossos emigraram nos \u00faltimos anos. Qual \u00e9 a sua mensagem para uma fam\u00edlia que deixa seus filhos para trabalhar no exterior?<\/b><\/p>\n<p>&#8220;Isso me faz pensar na fam\u00edlia que se separa, h\u00e1 sempre nostalgia de se encontrar. Separar-se para que n\u00e3o falte nada aos filhos \u00e9 um ato de amor. Ontem ouvimos aquela senhora que trabalhava no estrangeiro para ajudar a sua fam\u00edlia: \u00e9 sempre uma situa\u00e7\u00e3o dolorosa, partem por necessidade. E muitas vezes esses s\u00e3o os resultados de uma pol\u00edtica mundial que incide sobre isto. Conhe\u00e7o a hist\u00f3ria do seu pa\u00eds ap\u00f3s a queda do comunismo e, depois, muitas empresas estrangeiras fecharam as portas para abrirem em outro lugar e ganhar mais. Fechar uma empresa e deixar as pessoas na rua. Esta \u00e9 tamb\u00e9m uma injusti\u00e7a mundial, geral: \u00e9 falta de solidariedade. H\u00e1 sofrimento, n\u00e3o \u00e9 f\u00e1cil na atual situa\u00e7\u00e3o mundial, oferecer oportunidades de emprego, e pensar que se voc\u00eas t\u00eam uma taxa de natalidade impressionante, n\u00e3o se v\u00ea aqui o Inverno demogr\u00e1fico! E \u00e9 uma injusti\u00e7a n\u00e3o ter trabalho para tantos jovens. Por isso, fa\u00e7o votos de que esta situa\u00e7\u00e3o, que n\u00e3o depende s\u00f3 da Rom\u00eania mas da ordem financeira mundial, seja resolvida. Muitas pessoas ficam sozinhas. H\u00e1 necessidade da solidariedade mundial e, neste momento, a Rom\u00eania est\u00e1 na Presid\u00eancia da Uni\u00e3o Europeia&#8221;.<\/p>\n<p><b><i>Cristian Micaci de Radio Maria &#8211; Rom\u00eania<\/i><\/b><\/p>\n<p><b>Falou-se muito em caminhar juntos, agora gostaria de lhe perguntar o que nos aconselha: qual deveria ser a rela\u00e7\u00e3o entre as confiss\u00f5es, entre cat\u00f3licos e ortodoxos? Quais s\u00e3o as rela\u00e7\u00f5es entre os v\u00e1rios grupos \u00e9tnicos e o mundo pol\u00edtico?<\/b><\/p>\n<p>&#8220;Eu diria a rela\u00e7\u00e3o da m\u00e3o estendida, quando h\u00e1 conflitos. Hoje no pa\u00eds h\u00e1 um alto n\u00edvel de nascimentos, se deve fazer um processo de aproxima\u00e7\u00e3o entre diferentes grupos \u00e9tnicos, confiss\u00f5es religiosas, compromisso, m\u00e3os estendidas, escutar o outro. Com os ortodoxos: voc\u00eas t\u00eam um grande patriarca, um homem de grande cora\u00e7\u00e3o, um grande estudioso, conhece a m\u00edstica dos pais do deserto, a m\u00edstica espiritual, estudou na Alemanha e \u00e9 tamb\u00e9m um homem de ora\u00e7\u00e3o. \u00c9 f\u00e1cil aproximar-se de Daniel. Conversamos como irm\u00e3os. Caminhamos juntos! Tendo sempre esta ideia: o ecumenismo n\u00e3o \u00e9 chegar ao fim do jogo, das discuss\u00f5es. Isso se faz caminhando, andando juntos, rezando juntos. Temos na hist\u00f3ria o ecumenismo de sangue: quando matavam os crist\u00e3os n\u00e3o perguntavam: voc\u00ea \u00e9 cat\u00f3lico? Voc\u00ea \u00e9 ortodoxo? Voc\u00ea \u00e9 luterano? Eles perguntavam: voc\u00ea \u00e9 crist\u00e3o? H\u00e1 o ecumenismo do testemunho, do sangue e depois o ecumenismo dos pobres, trabalhando juntos para ajudar os pobres, os doentes, os enfermos, como lemos no cap\u00edtulo 25 de Mateus. Caminhar juntos, mas n\u00e3o esperar que os te\u00f3logos cheguem a um acordo para chegar \u00e0 Eucaristia comum. O ecumenismo se faz junto com as obras de caridade e querendo-se bem. Em uma cidade da Europa havia uma boa rela\u00e7\u00e3o entre o arcebispo cat\u00f3lico e o arcebispo luterano. O cat\u00f3lico devia vir ao Vaticano no domingo \u00e0 noite. Ele me ligou e me disse: &#8220;Vou chegar na segunda-feira, porque o luterano me disse que tinha que partir e me pediu: &#8220;Pode vir \u00e0 minha catedral e fazer o culto?&#8221;. E ele o fez. Quando eu estava em Buenos Aires, fui convidado pela Igreja Escocesa para pregar em suas fun\u00e7\u00f5es. Podemos caminhar juntos: unidade, fraternidade, m\u00e3o estendida, n\u00e3o falar dos outros. Todos temos defeitos&#8221;.<\/p>\n<p><b><i>Xavier Le Normand, de I-Media<\/i><\/b><\/p>\n<p><b>No primeiro dia o senhor foi \u00e0 catedral ortodoxa, um momento bonito, mas no momento da ora\u00e7\u00e3o do Pai Nosso foi um pouco dif\u00edcil, porque voc\u00eas estavam juntos, mas n\u00e3o rezavam juntos. No que o senhor pensou quando ficou em sil\u00eancio durante o Pai Nosso em romeno?<\/b><\/p>\n<p>&#8220;Farei uma confid\u00eancia, eu n\u00e3o fiquei em sil\u00eancio, rezei o Pai Nosso em italiano e vi a maioria das pessoas rezando seja em romeno seja em latim. As pessoas v\u00e3o al\u00e9m de n\u00f3s, l\u00edderes. N\u00f3s l\u00edderes devemos fazer equil\u00edbrios diplom\u00e1ticos para garantir que caminhamos juntos, h\u00e1 h\u00e1bitos, \u00e9 bom conservar para que as coisas n\u00e3o se arru\u00ednem, mas as pessoas tamb\u00e9m rezam juntas, tamb\u00e9m n\u00f3s quando estamos sozinhos rezamos juntos. Uma experi\u00eancia que tive com muitos pastores e ortodoxos. Sim, temos pessoas fechadas que dizem que os ortodoxos s\u00e3o cism\u00e1ticos: s\u00e3o coisas velhas. H\u00e1 grupos cat\u00f3licos que s\u00e3o um pouco integristas, devemos rezar ao Senhor por eles. Mas eu, na catedral, eu rezei&#8221;.<\/p>\n<p><b><i>Manuela Tulli, da ANSA<\/i><\/b><\/p>\n<p><b>Nestas elei\u00e7\u00f5es, l\u00edderes como o italiano Salvini fizeram campanha mostrando s\u00edmbolos religiosos, Ter\u00e7os, cruzes, consagra\u00e7\u00f5es ao Cora\u00e7\u00e3o Imaculado. O que o senhor pensou sobre isso? \u00c9 verdade que n\u00e3o quer encontr\u00e1-lo?<\/b><\/p>\n<p>&#8220;N\u00e3o recebi ningu\u00e9m do governo, exceto o primeiro-ministro Conte que fez pedido de acordo com o protocolo. Foi uma boa audi\u00eancia, de uma hora de dura\u00e7\u00e3o. Ele \u00e9 um homem inteligente, professor, ele sabe do que est\u00e1 falando. Dos vice-premiers e outros ministros n\u00e3o recebi pedidos de audi\u00eancia. Sobre as imagens da campanha eleitoral: j\u00e1 confessei que muitas vezes leio o jornal do &#8220;partido&#8221; que \u00e9 \u201cL&#8217;Osservatore Romano\u201d, e li h\u00e1 chaves interpretativas muito interessantes. E depois o \u201cMessaggero\u201d que eu gosto porque tem t\u00edtulos grandes&#8230; Eu folheio-o assim. Eu n\u00e3o entrei nessas not\u00edcias, na propaganda, como um partido fez, como outro partido fez&#8230; Confesso que sou ignorante, n\u00e3o posso dar uma opini\u00e3o sobre as atitudes da campanha eleitoral de um dos partidos. Rezo por todos para que a It\u00e1lia avance e que os italianos se unam, que sejam leais ao seu compromisso. Sou italiano porque sou filho de emigrantes italianos, todos os meus irm\u00e3os t\u00eam cidadania, eu n\u00e3o pude t\u00ea-la porque, neste meio tempo, me tornei bispo&#8230; H\u00e1 na pol\u00edtica de tantos pa\u00edses a doen\u00e7a da corrup\u00e7\u00e3o, em todos os lugares, em todos os lugares, mas n\u00e3o digam que eu disse que a pol\u00edtica italiana \u00e9 corrupta! Isto \u00e9 universal. Uma vez disseram-me como s\u00e3o os acordos pol\u00edticos: imaginem uma reuni\u00e3o, com nove empres\u00e1rios sentados \u00e0 mesa. Eles discutem para concordar sobre o desenvolvimento de suas empresas, no final ap\u00f3s horas e horas eles entram em acordo. Enquanto imprimem o acordo, tomam u\u00edsque, e enquanto passam os pap\u00e9is para assinar, debaixo da mesa eu fa\u00e7o outro acordo. Isto \u00e9 corrup\u00e7\u00e3o: devemos ajudar os pol\u00edticos a serem honestos e a n\u00e3o fazer campanha com bandeiras desonestas, cal\u00fanias, difama\u00e7\u00f5es, esc\u00e2ndalos, e tantas vezes semeiam \u00f3dio e medo. Isto \u00e9 terr\u00edvel. O pol\u00edtico n\u00e3o deve semear \u00f3dio e medo, somente esperan\u00e7a, correta, exigente, mas somente esperan\u00e7a.<\/p>\n<p><b><i>Eva Maria Huescar Fernandez, da R\u00e1dio Cope<\/i><\/b><\/p>\n<p><b>Com os jovens, o senhor insistiu sobre a rela\u00e7\u00e3o com os av\u00f3s para que os jovens tenham ra\u00edzes e os av\u00f3s possam sonhar. O senhor n\u00e3o tem uma fam\u00edlia perto, mas disse que para o senhor Bento XVI \u00e9 como um av\u00f4. Continua a v\u00ea-lo assim?<\/b><\/p>\n<p>&#8220;Cada vez que vou visit\u00e1-lo, fa\u00e7o-o falar, ele fala pouco, fala lentamente com a mesma profundidade de sempre, tem uma grande lucidez e eu ouvindo ele falar, torno-me forte: o sumo da raiz ajuda-me a ir para frente. A tradi\u00e7\u00e3o \u00e9 como as ra\u00edzes que lhe d\u00e3o o sumo para crescer, voc\u00ea vai florir! A tradi\u00e7\u00e3o est\u00e1 sempre em movimento: em uma entrevista que Monda fez h\u00e1 alguns dias no L\u2019Osservatore Romano, h\u00e1 uma cita\u00e7\u00e3o que eu gostei muito, de Gustav Malher: falando de tradi\u00e7\u00f5es, dizia que &#8220;a tradi\u00e7\u00e3o \u00e9 a garantia do futuro e n\u00e3o a cust\u00f3dia das cinzas&#8221;. A tradi\u00e7\u00e3o conserva n\u00e3o as cinzas, esta \u00e9 a nostalgia dos integristas, mas s\u00e3o as ra\u00edzes que permitem que a \u00e1rvore cres\u00e7a. Tudo o que a \u00e1rvore tem fora vem do que tem debaixo da terra. Contei-lhes sobre o epis\u00f3dio da av\u00f3 que vi ontem na pra\u00e7a de Iasi, que estava mostrando seu neto e me olhou com cumplicidade. Devia t\u00ea-la convidado para vir \u00e0 frente&#8230;. O nosso bom fot\u00f3grafo Francesco tirou a fotografia e agora \u00e9 p\u00fablica, vi-a no Vatican Insider. Quando os jovens t\u00eam ra\u00edzes, os av\u00f3s podem sonhar&#8221;.<\/p>\n<p><b><i>Lucas Franz Helmut Wiegelmann de Herder Korrespondenz<\/i><\/b><\/p>\n<p><b>Nestes dias o senhor falou de fraternidade das na\u00e7\u00f5es e de caminhar juntos, mas vemos que na Europa h\u00e1 um n\u00famero crescente de pessoas que n\u00e3o desejam a fraternidade e preferem caminhar sozinhas. O que podemos fazer para mudar?<\/b><\/p>\n<p>&#8220;Perdoem-me por me citar, mas falei deste problema em Estrasburgo e quando recebi o Pr\u00eamio Carlos Magno e depois o discurso com os Chefes de Estado e de Governo na Sistina por ocasi\u00e3o do anivers\u00e1rio dos pactos europeus. E h\u00e1 tamb\u00e9m um quinto discurso, o do Burgomestre de Achen. A Europa n\u00e3o deve dizer: arranjem-se voc\u00eas e avancem: todos somos respons\u00e1veis pela Uni\u00e3o Europeia e a circula\u00e7\u00e3o da Presid\u00eancia da UE n\u00e3o \u00e9 um gesto de cortesia, mas sim um s\u00edmbolo da responsabilidade de cada um dos pa\u00edses. Se a Europa n\u00e3o for grande face aos desafios futuros, ficar\u00e1 murcha. Eu disse que a Europa, de m\u00e3e est\u00e1 se tornando a vov\u00f3 Europa. Talvez algu\u00e9m escondido pode se perguntar: n\u00e3o ser\u00e1 este o fim da aventura que come\u00e7ou h\u00e1 70 anos? \u00c9 preciso retomar a m\u00edstica dos pais fundadores, reencontrar-se e superar as divis\u00f5es das fronteiras. Estamos vendo fronteiras na Europa e isso n\u00e3o \u00e9 bom, \u00e9 verdade que cada pa\u00eds tem a sua pr\u00f3pria identidade e deve preserv\u00e1-la, mas, por favor, a Europa n\u00e3o se deixe vencer pelo pessimismo e pelas ideologias, porque \u00e9 atacada por ideologias, e nascem grupinhos na Europa. Pensem numa Europa dividida, vamos aprender com a hist\u00f3ria, n\u00e3o voltemos atr\u00e1s.<\/p>\n<p>No final da entrevista, o Papa quis dizer &#8220;obrigado \u00e0 chuva&#8221; por lhe ter permitido &#8211; obrigando-o a fazer longas viagens de carro &#8211; ver a &#8220;bela paisagem da Rom\u00eania&#8221;. E concluiu: &#8220;Digo a voc\u00eas: rezem pela Europa, que o Senhor nos d\u00ea a gra\u00e7a: espero sinceramente que a Europa volte a ser o sonho dos pais fundadores&#8221;.<\/p>\n<p><i>(resumo n\u00e3o oficial recolhido por Andrea Tornielli)<\/i><\/p>\n<\/div>\n","protected":false},"excerpt":{"rendered":"<p>O desejo de Francisco no di\u00e1logo com os jornalistas no voo para Roma, no final da viagem \u00e0 Rom\u00eania: o pol\u00edtico n\u00e3o deve semear \u00f3dio e medo, somente esperan\u00e7a. Do voo Sibiu-Roma &#8220;A Europa volte a ser o sonho dos Pais fundadores&#8221; \u00e9 o desejo que o Papa Francisco expressou no final da coletiva de [&hellip;]<\/p>\n","protected":false},"author":1,"featured_media":49859,"comment_status":"open","ping_status":"closed","sticky":false,"template":"","format":"standard","meta":{"footnotes":""},"categories":[13],"tags":[],"class_list":["post-49857","post","type-post","status-publish","format-standard","has-post-thumbnail","hentry","category-featured"],"_links":{"self":[{"href":"https:\/\/catolicanet.net\/wp-cnet\/wp-json\/wp\/v2\/posts\/49857","targetHints":{"allow":["GET"]}}],"collection":[{"href":"https:\/\/catolicanet.net\/wp-cnet\/wp-json\/wp\/v2\/posts"}],"about":[{"href":"https:\/\/catolicanet.net\/wp-cnet\/wp-json\/wp\/v2\/types\/post"}],"author":[{"embeddable":true,"href":"https:\/\/catolicanet.net\/wp-cnet\/wp-json\/wp\/v2\/users\/1"}],"replies":[{"embeddable":true,"href":"https:\/\/catolicanet.net\/wp-cnet\/wp-json\/wp\/v2\/comments?post=49857"}],"version-history":[{"count":1,"href":"https:\/\/catolicanet.net\/wp-cnet\/wp-json\/wp\/v2\/posts\/49857\/revisions"}],"predecessor-version":[{"id":49858,"href":"https:\/\/catolicanet.net\/wp-cnet\/wp-json\/wp\/v2\/posts\/49857\/revisions\/49858"}],"wp:featuredmedia":[{"embeddable":true,"href":"https:\/\/catolicanet.net\/wp-cnet\/wp-json\/wp\/v2\/media\/49859"}],"wp:attachment":[{"href":"https:\/\/catolicanet.net\/wp-cnet\/wp-json\/wp\/v2\/media?parent=49857"}],"wp:term":[{"taxonomy":"category","embeddable":true,"href":"https:\/\/catolicanet.net\/wp-cnet\/wp-json\/wp\/v2\/categories?post=49857"},{"taxonomy":"post_tag","embeddable":true,"href":"https:\/\/catolicanet.net\/wp-cnet\/wp-json\/wp\/v2\/tags?post=49857"}],"curies":[{"name":"wp","href":"https:\/\/api.w.org\/{rel}","templated":true}]}}