{"id":49845,"date":"2019-06-03T09:54:58","date_gmt":"2019-06-03T12:54:58","guid":{"rendered":"http:\/\/catolicanet.net\/wp-cnet\/?p=49845"},"modified":"2019-06-04T10:03:24","modified_gmt":"2019-06-04T13:03:24","slug":"entrevista-do-papa-francisco-apos-sua-viagem-a-romenia-rezem-pela-europa","status":"publish","type":"post","link":"https:\/\/catolicanet.net\/wp-cnet\/entrevista-do-papa-francisco-apos-sua-viagem-a-romenia-rezem-pela-europa\/","title":{"rendered":"Entrevista do Papa Francisco ap\u00f3s sua viagem \u00e0 Rom\u00eania: Rezem pela Europa!"},"content":{"rendered":"<p>Na noite deste domingo, durante o voo que o levou da Rom\u00eania a Roma, o Papa Francisco concedeu uma coletiva na qual abordou os temas do ecumenismo, suas recentes visitas a Bento XVI e pediu que a Europa retome o sonho dos pais fundadores da Uni\u00e3o Europeia.<\/p>\n<p>A seguir a \u00edntegra da confer\u00eancia de imprensa:<\/p>\n<p>Alessandro Gisotti (Diretor da Sala de Imprensa da Santa S\u00e9):<\/p>\n<p>Boa noite, bem-vindo Santo Padre. Estamos voando de volta a Roma e o lema desta viagem era \u201ccaminhamos juntos\u201d, mas tamb\u00e9m voamos juntos porque penso que voamos sempre tanto, tamb\u00e9m o compromisso, o cansa\u00e7o. No discurso \u00e0 imprensa estrangeira h\u00e1 poucos dias S.S. conclu\u00eda dizendo \u201cvejo nas viagens apost\u00f3licas vosso cansa\u00e7o, o cansa\u00e7o, a fadiga, o compromisso dos colegas que relatou esta viagem, hoje, Dia da das Comunica\u00e7\u00f5es Sociais, obviamente j\u00e1 sabem o tema \u201c&#8230;\u201d . Santo Padre, sei que quer, antes das perguntas, oferecer alguma reflex\u00e3o sobre esta jornada dedicada a n\u00f3s comunicadores:<\/p>\n<p>Papa Francisco:<\/p>\n<p>Boa noite. Muito obrigado a sua companhia e como disse Gisotti, hoje esta jornada \u00e9 uma chamada a voc\u00eas, atrai nosso pensamento a voc\u00eas. Voc\u00eas trabalham nas comunica\u00e7\u00f5es, s\u00e3o trabalhadores como disse Alessandro, mas sobretudo voc\u00eas s\u00e3o, deveriam ser, testemunhos da comunica\u00e7\u00e3o. Hoje a comunica\u00e7\u00e3o vai em retrocesso, em geral, realizar contatos \u00e9 mais importante que comunicar, faz-se contatos e n\u00e3o se chega a comunicar. E voc\u00eas por voca\u00e7\u00e3o s\u00e3o testemunhas no comunicar. \u00c9 verdade, \u00e9 preciso fazer os contatos, mas n\u00e3o deter-se a\u00ed. Animo-vos a ir adiante neste testemunho de comunicar. Este tempo tem menos necessidade de contatos e mais de comunica\u00e7\u00e3o. Obrigado, felicidades por seu dia e adiante com as perguntas.<\/p>\n<p>Diana Dumitrascu (TVR &#8211; Rom\u00eania):<\/p>\n<p>Santo Padre, agrade\u00e7o sua visita \u00e0 Rom\u00eania. Santidade, voc\u00ea sabe que milh\u00f5es de nossos compatriotas emigraram nos \u00faltimos anos. Qual seria sua mensagem para uma fam\u00edlia que deixa os pr\u00f3prios filhos para trabalhar no estrangeiro com o objetivo de assegurar um futuro melhor?<\/p>\n<p>Papa Francisco:<\/p>\n<p>Isto me faz pensar no amor da fam\u00edlia, porque partir (fam\u00edlias) em duas e tr\u00eas n\u00e3o \u00e9 uma coisa boa. Sempre est\u00e1 a nostalgia pelo reencontro, mas partir-se porque n\u00e3o falte nada \u00e0 fam\u00edlia \u00e9 um ato de amor. Na <a href=\"https:\/\/www.acidigital.com\/fiestas\/eucaristia\/index.html\">Missa<\/a> de ontem escutamos a \u00faltima peti\u00e7\u00e3o daquela senhora que trabalhava no estrangeiro para ajudar a fam\u00edlia. Um deslocamento assim \u00e9 doloroso. E por que se v\u00e3o? N\u00e3o para fazer turismo mas por necessidade. Tantas vezes n\u00e3o \u00e9 porque no pa\u00eds n\u00e3o encontrem&#8230;tantas vezes s\u00e3o resultado de uma pol\u00edtica mundial que termina nisto. Sei que na hist\u00f3ria de seu pa\u00eds depois da queda do comunismo, e tempos depois, muitas, muitas empresas estrangeiras fecharam para abrir em outros pa\u00edses e ganhar mais. Fechar hoje uma empresa \u00e9 deixar as pessoas na rua e esta \u00e9 uma injusti\u00e7a mundial, generalizada, de falta de solidariedade. \u00c9 um sofrimento.<\/p>\n<p>Como lutar? Procurando abrir fontes de trabalho. N\u00e3o \u00e9 f\u00e1cil, n\u00e3o \u00e9 f\u00e1cil na situa\u00e7\u00e3o mundial das finan\u00e7as e da economia. Mas pensem que t\u00eam um n\u00edvel de natalidade impressionante, aqui n\u00e3o se v\u00ea o inverno demogr\u00e1fico que se v\u00ea na Europa. \u00c9 uma injusti\u00e7a n\u00e3o poder ter fontes de trabalho para tantos jovens. Por isso desejo que resolva esta situa\u00e7\u00e3o que n\u00e3o depende apenas da Rom\u00eania, mas da ordem mundial financeira, desta sociedade do consumismo, do ter mais, do ganhar mais, onde tantos ficam abandonados. Esta \u00e9 minha resposta, um apelo \u00e0 solidariedade mundial neste momento que Rom\u00eania tem a presid\u00eancia (rotativa da Uni\u00e3o Europ\u00e9ia NdT).<\/p>\n<p>Cristian Micaci (Radio Maria Rom\u00eania em idioma h\u00fangaro) :<\/p>\n<p>Santo Padre, como disse o diretor antes, falou-se muito de caminhar juntos. Agora \u00e0 sua partida o que aconselharia \u00e0 Rom\u00eania, como deveriam ser as rela\u00e7\u00f5es entre as confiss\u00f5es, em particular entre a igreja\u00a0 Cat\u00f3lica e Ortodoxa, entre a minoria cat\u00f3lica e a maioria ortodoxa, a rela\u00e7\u00e3o entre as v\u00e1rias etnias, a rela\u00e7\u00e3o entre o mundo pol\u00edtico e sociedade civil?<\/p>\n<p>Papa Francisco:<\/p>\n<p>Que seja uma rela\u00e7\u00e3o de verdade, eu diria. A rela\u00e7\u00e3o da m\u00e3o estendida quando h\u00e1 conflitos. Hoje um pa\u00eds em desenvolvimento com alto n\u00edvel de natalidade como voc\u00eas, n\u00e3o pode se dar o luxo de ter inimigos dentro.<\/p>\n<p>Deve haver um processo de aproxima\u00e7\u00e3o, sempre. Diversas etnias, diversas confiss\u00f5es religiosas, sobre tudo as duas crist\u00e3s. Isto \u00e9 o primeiro: sempre a m\u00e3o estendida, a escuta do outro. Com os ortodoxos, voc\u00eas t\u00eam um grande patriarca, um homem de grande cora\u00e7\u00e3o e um grande estudioso. Conhece a m\u00edstica dos padres do deserto, a m\u00edstica espiritual, estudou na Alemanha, e tamb\u00e9m um homem de ora\u00e7\u00e3o. \u00c9 f\u00e1cil aproximar-se de Daniel, \u00e9 f\u00e1cil, porque o sinto irm\u00e3o, e falamos como irm\u00e3os, e n\u00e3o direi mais porque voc\u00eas na segunda-feira o dir\u00e3o&#8230; Caminhemos juntos tendo sempre esta id\u00e9ia: o ecumenismo n\u00e3o \u00e9 chegar ao final da partida, da discuss\u00e3o. O ecumenismo se faz caminhando juntos, rezando juntos; o ecumenismo da ora\u00e7\u00e3o.<\/p>\n<p>Temos o ecumenismo do sangue. Quando assassinavam crist\u00e3os n\u00e3o perguntavam: Voc\u00ea \u00e9 ortodoxo?, voc\u00ea \u00e9 cat\u00f3lico?, voc\u00ea \u00e9 luterano?, voc\u00ea \u00e9 anglicano? N\u00e3o, voc\u00ea \u00e9 crist\u00e3o. O sangue se mesclava.<\/p>\n<p>Um ecumenismo do testemunho, da ora\u00e7\u00e3o, do sangue, o ecumenismo do pobre que \u00e9 trabalhar juntos. Isso: devemos trabalhar para ajudar os doentes, marginados, ajudar. Mateus 25 \u00e9 um belo programa ecum\u00eanico. Caminhar juntos \u00e9 j\u00e1 uma unidade dos crist\u00e3os, mas n\u00e3o esperem que os te\u00f3logos cheguem a um acordo para chegar \u00e0 <a href=\"https:\/\/www.acidigital.com\/fiestas\/Eucaristia\/index.html\">Eucaristia<\/a>. A Eucaristia se faz todos os dias com a ora\u00e7\u00e3o, com a mem\u00f3ria do sangue de nossas m\u00e1rtires, com as obras de caridade e desejando o bem.<\/p>\n<p>Em uma cidade da Europa h\u00e1 uma rela\u00e7\u00e3o entre o arcebispo cat\u00f3lico e o arcebispo luterano. O arcebispo cat\u00f3lico devia estar no Vaticano no domingo \u00e0 noite, chamou-me a dizer que chegaria na segunda-feira na manh\u00e3. Quando chegou me disse: \u201cme desculpe, ontem o arcebispo luterano precisou ir a uma reuni\u00e3o deles e me pediu \u2018venha por favor a minha catedral e realize o culto\u2019\u201d. Existe a fraternidade, chegar a este ponto \u00e9 muito, n\u00e3o? E a fez o cat\u00f3lico. Ele n\u00e3o celebrou a Eucaristia, somente a predica\u00e7\u00e3o.<\/p>\n<p>Quando eu em Buenos Aires fui convidado pela Igreja escocesa a fazer pr\u00e9dicas, ia e fazia a pr\u00e9dica. \u00c9 poss\u00edvel caminhar juntos. Unidade, fraternidade, m\u00e3o estendida, \u00e9 preciso olhar-nos bem. Falar mal de outros&#8230; Defeitos temos todos, mas se caminharmos juntos, todos os defeitos n\u00f3s deixamos de lado.<\/p>\n<p>Xavier de Normand (por parte dos meios de comunica\u00e7\u00e3o franceses):<\/p>\n<p>Santidade, minha pergunta tem a ver com a primeira. O primeiro dia deste viaje S.S. foi \u00e0 catedral ortodoxa para este momento belo mas tamb\u00e9m um pouco duro da ora\u00e7\u00e3o do Pai-Nosso. Um pouco duro porque cat\u00f3licos e ortodoxos estavam juntos, mas n\u00e3o rezaram juntos. Voc\u00ea falou que ecumenismo da ora\u00e7\u00e3o. Minha pergunta \u00e9: Santidade, o que pensou voc\u00ea quando permaneceu em silencio durante a ora\u00e7\u00e3o do Pai-Nosso em romeno?, e quais s\u00e3o os pr\u00f3ximos passos concretos neste caminhar juntos?<\/p>\n<p>Papa Francisco:<\/p>\n<p>Fa\u00e7o uma confid\u00eancia. Eu n\u00e3o permaneci em sil\u00eancio, rezei o Pai-Nosso em italiano e vi durante a recita\u00e7\u00e3o do Pai-Nosso, a maioria das pessoas fosse em romeno, fosse em latim, rezava. O Povo vai al\u00e9m de n\u00f3s, que somos as cabe\u00e7as. N\u00f3s, os chefes, temos que fazer os equil\u00edbrios diplom\u00e1ticos para assegurar que caminhemos juntos, h\u00e1 h\u00e1bitos, regras diplom\u00e1ticas que \u00e9 bom manter para que as coisas n\u00e3o se arru\u00ednem. Mas cada povo reza junto, tamb\u00e9m n\u00f3s quando estamos sozinhos rezamos juntos. Este \u00e9 um testemunho, e tenho uma experi\u00eancia de ora\u00e7\u00e3o com tantos pastores, luteranos, evang\u00e9licos, tamb\u00e9m ortodoxos. Os patriarcas est\u00e3o abertos, tamb\u00e9m n\u00f3s os cat\u00f3licos t\u00eam gente fechada que n\u00e3o quer, que diz que os ortodoxos s\u00e3o cism\u00e1ticos. S\u00e3o coisas velhas. Os ortodoxos s\u00e3o crist\u00e3os. H\u00e1 grupos cat\u00f3licos um pouco integristas. Devemos toler\u00e1-los, rezar por eles, porque o Senhor com o Esp\u00edrito Santo os abrande. Mas eu rezei os dois, n\u00e3o olhei para Daniel mas acredito que ele tamb\u00e9m tenha feito o mesmo.<\/p>\n<p>Manuela Tulli (Ansa):<\/p>\n<p>Estivemos na Rom\u00eania, pa\u00eds que se mostrou europe\u00edsta. Nestas elei\u00e7\u00f5es alguns l\u00edderes como nosso vice-premi\u00ea Matteo Salvino fizeram campanha pol\u00edtica mostrando s\u00edmbolos religiosos. Que impress\u00e3o lhe deu isto?, e se \u00e9 verdade que S.S. n\u00e3o quer encontrar a nosso vice-premi\u00ea\u2026<\/p>\n<p>Papa Francisco:<\/p>\n<p>Come\u00e7o com a segunda (pergunta). Eu n\u00e3o recebi de ningu\u00e9m do governo, exceto do premier, um pedido audi\u00eancia, de ningu\u00e9m. Porque para uma audi\u00eancia se deve falar com a Secretaria de Estado. O premi\u00ea Conte solicitou, e foi concedida como indica o protocolo. E tive uma boa audi\u00eancia com o premi\u00ea, de uma hora ou mais possivelmente, \u00e9 um homem inteligente, um professor que sabe do que fala.<\/p>\n<p>Segundo: do vice-premi\u00ea n\u00e3o recebi nada, nem de outros ministros. Mas sim do presidente da Rep\u00fablica e eu o recebi.<\/p>\n<p>Sobre as imagens: confessei tantas vezes que dos peri\u00f3dicos le\u00e3o dois: o jornal do partido, que \u00e9 o L\u2019Osservatore Romano. Seria bom que voc\u00eas o lessem porque encontrariam interpreta\u00e7\u00f5es muito interessantes, e coisas que digo tamb\u00e9m est\u00e3o a\u00ed. E depois Il Messaggero que eu gosto porque tem os t\u00edtulos grandes e o folheio assim, algumas vezes me detenho ali; e n\u00e3o me detive nestas not\u00edcias das propagandas, nas not\u00edcias de como os partidos fizeram suas propagandas eleitorais, de verdade.<\/p>\n<p>H\u00e1 um terceiro elemento. Nisto me confesso ignorante: eu n\u00e3o entendo a pol\u00edtica italiana e de verdade devo estud\u00e1-la, ent\u00e3o, emitir uma opini\u00e3o sobre o conte\u00fado de uma campanha eleitoral, de um dos partidos, sem uma informa\u00e7\u00e3o assim, seria muito imprudente de minha parte. Eu rezo por todos, para que a It\u00e1lia v\u00e1 adiante, para que os italianos se unam e sejam leais no compromisso, tamb\u00e9m eu sou italiano porque sou filho de um imigrante italiano, de sangue sou italiano. Meus irm\u00e3os todos t\u00eam a cidadania italiana, eu n\u00e3o quis t\u00ea-la porque na \u00e9poca que a concederam eu era bispo e disse que o bispo deve ser da p\u00e1tria.<\/p>\n<p>H\u00e1 na pol\u00edtica de tantos pa\u00edses a enfermidade da corrup\u00e7\u00e3o. Por todos lados. N\u00e3o digam amanh\u00e3 que o Papa disse que a pol\u00edtica italiana \u00e9 corrupta. N\u00e3o. Eu disse que uma das enfermidades da pol\u00edtica, por toda parte, \u00e9 cair na corrup\u00e7\u00e3o. Por favor, n\u00e3o me fa\u00e7am dizer o que n\u00e3o disse. Uma vez me disseram como s\u00e3o os pactos pol\u00edticos. Imagine uma reuni\u00e3o de nove empres\u00e1rios, \u00e0 mesa; discutem para ficar de acordo sobre o desenvolvimento de sua empresa, ao final depois de horas, horas, caf\u00e9, caf\u00e9 e mais caf\u00e9, entram em acordo, tomaram a palavra, fecham o neg\u00f3cio, agradecem, todos dizem: \u201cde acordo, de acordo\u201d e enquanto imprimem os pap\u00e9is, tomam um u\u00edsque para festejar, e depois, come\u00e7am a passar de m\u00e3o em m\u00e3o os pap\u00e9is para finalmente assinar o acordo. Ent\u00e3o, no momento que os pap\u00e9is circulam pela a mesa, um passa outro documento por debaixo da mesa&#8230; Isto \u00e9 corrup\u00e7\u00e3o pol\u00edtica. Que acontece um pouco por toda parte. N\u00f3s, devemos ajudar aos pol\u00edticos a serem honestos, a n\u00e3o fazer campanha com bandeiras desonestas, com a cal\u00fania, a difama\u00e7\u00e3o, os esc\u00e2ndalos; e tantas vezes semeando \u00f3dio e medo.<\/p>\n<p>Isto \u00e9 terr\u00edvel, um pol\u00edtico nunca deve semear \u00f3dio e medo, s\u00f3 esperan\u00e7a. Justa, exigente, mas esperan\u00e7a, porque deve conduzir o pa\u00eds at\u00e9 l\u00e1 e n\u00e3o impor-lhe medo.<\/p>\n<p>Eva Fern\u00e1ndez (COPE):<\/p>\n<p>Santo Padre, ontem no encontro com os jovens e as fam\u00edlias insistiu de novo na import\u00e2ncia da rela\u00e7\u00e3o entre os av\u00f3s e os jovens a fim que os jovens tenham ra\u00edzes para ir para frente e os av\u00f3s possam sonhar. Voc\u00ea n\u00e3o tem uma fam\u00edlia pr\u00f3xima, mas disse que com Bento XVI \u00e9 como ter um av\u00f4 em casa. Ainda o v\u00ea assim?<\/p>\n<p>Papa Francisco:<\/p>\n<p>Agora ainda mais! Cada vez que vou visit\u00e1-lo eu o sinto assim, tomo a m\u00e3o e lhe fa\u00e7o falar. Fala pouco, fala devagar, mas com a mesma profundidade de sempre, porque o problema de Bento s\u00e3o os joelhos, n\u00e3o a cabe\u00e7a. Tem uma grande lucidez. E sentindo-o falar me sinto forte, sinto a seiva das ra\u00edzes que me chegam e me ajudam a seguir adiante. Sinto esta tradi\u00e7\u00e3o da Igreja que n\u00e3o \u00e9 coisa de museu, a tradi\u00e7\u00e3o&#8230; A tradi\u00e7\u00e3o \u00e9 a raiz que lhe d\u00e3o seiva para crescer, e voc\u00ea n\u00e3o ser\u00e1 como a raiz, n\u00e3o; voc\u00ea florescer\u00e1, a \u00e1rvore crescer\u00e1 e dar\u00e1 os frutos, e as sementes ser\u00e3o as ra\u00edzes para outros. A tradi\u00e7\u00e3o da Igreja est\u00e1 sempre em movimento.<\/p>\n<p>Em uma entrevista que de Andrea Monda no L\u2019Osservatore Romano \u2013 voc\u00eas l\u00eaem o L\u2019Osservatore, n\u00e3o? \u2013 h\u00e1 uns dias atr\u00e1s, havia uma situa\u00e7\u00e3o que me agradou muito, tratava-se do m\u00fasico Gustav Mahler, e falando da tradi\u00e7\u00e3o ele dizia: a tradi\u00e7\u00e3o \u00e9 a garantia do futuro e n\u00e3o a cust\u00f3dia das cinzas. N\u00e3o \u00e9 um museu. A tradi\u00e7\u00e3o n\u00e3o custodia as cinzas. A nostalgia dos integristas: retornar \u00e0s cinzas. N\u00e3o, as tradi\u00e7\u00f5es s\u00e3o ra\u00edzes que garantem que a \u00e1rvore cres\u00e7a, flores\u00e7a e d\u00ea fruto; e repito essa pe\u00e7a do poeta argentino (Francisco Luis Bern\u00e1rdez, Ndt) que eu gosto tanto: tudo o que a \u00e1rvore tem de florido, vive do sepultado.<\/p>\n<p>Estou contente porque em Iasi fiz refer\u00eancia a essa av\u00f3 que teve um gesto de cumplicidade e com os olhos, naquele momento&#8230; estava t\u00e3o emocionado que n\u00e3o pude nem reagir, e o papam\u00f3vel seguiu adiante mas poderia ter dito \u00e0quela av\u00f3 que viesse para mostrar a todos aquele gesto, e disse ao Senhor Jesus: \u00e9 uma pena, mas Tu \u00e9s capaz de resolver, e nosso bravo Francisco (fot\u00f3grafo) quando viu a comunica\u00e7\u00e3o que tive com aquela mulher com o olhar, tomou a fotografia e a publicou. Vi-a nesta tarde no Vatican Insider. Estas, pois, s\u00e3o as ra\u00edzes. E isto crescer\u00e1, n\u00e3o ser\u00e1 como eu, mas eu dou o meu contributo. \u00c9 importante este encontro.<\/p>\n<p>Depois est\u00e3o os verbos, quando os av\u00f3s sentem de ter netos que levar\u00e3o adiante a hist\u00f3ria, come\u00e7am a sonhar; e os av\u00f3s quando n\u00e3o sonham se deprimem. Existe o futuro e os jovens animados come\u00e7am a profetizar.<\/p>\n<p>Lucas Wiegelmann (Herder Correspondenz):<\/p>\n<p>Santo Padre nestes dias falou muito sobre a fraternidade, as pessoas e o caminhar juntos, como j\u00e1 escutamos outras vemos, mas, vemos que na Europa cresce o n\u00famero dos que n\u00e3o desejam a fraternidade, e sim o ego\u00edsmo e o isolamento, e preferem caminhar sozinhos. Por que \u00e9 assim?, e o que deve fazer a Europa para mudar isto?<\/p>\n<p>Papa Francisco:<\/p>\n<p>Desculpe-me por citar a mim mesmo, mas o fa\u00e7o sem vaidade, por utilidade. Eu falei deste problema nos dois discursos no Estrasburgo: no discurso que dei quando recebi o Pr\u00eamio Carlo Magno e depois no discurso que dei a todos os chefes de Estado e de governo na Capela Sistina no anivers\u00e1rio dos pactos, na funda\u00e7\u00e3o da Uni\u00e3o Europeia.<\/p>\n<p>Nestes discursos disse tudo o que penso, e tamb\u00e9m h\u00e1 um quinto discurso que n\u00e3o fui eu quem dei, mas o prefeito Bugermeister de Aachen (na Alemanha). Este \u00e9 uma j\u00f3ia, a j\u00f3ia dos alem\u00e3es.<\/p>\n<p>A Europa deve dialogar, n\u00e3o deve dizer \u201csomos unidos, agora digam a Bruxelas voc\u00eas que se virem\u201d.<\/p>\n<p>Todos somos respons\u00e1veis pela Uni\u00e3o Europeia e esta circula\u00e7\u00e3o da presid\u00eancia n\u00e3o \u00e9 um gesto de cortesia como dan\u00e7ar o minueto: agora voc\u00ea, agora voc\u00ea. N\u00e3o. Isto \u00e9 um s\u00edmbolo da responsabilidade que cada um dos pa\u00edses tem sobre a Europa. Se a Europa n\u00e3o olhar bem os desafios futuros, a Europa se desvanecer\u00e1, ser\u00e1 desvanecida. Permiti-me dizer em Estrasburgo que sinto que a Europa est\u00e1 deixando de ser a m\u00e3e Europa; est\u00e1-se convertendo na \u201cav\u00f3 Europa\u201d. Ela envelheceu, perdeu a ilus\u00e3o de trabalhar juntos. Possivelmente \u00e0s escondidas algum pode fazer a pergunta: n\u00e3o ser\u00e1 este o fim de uma aventura de 60 anos?<\/p>\n<p>Retomar a m\u00edstica dos pais fundadores&#8230; Retomar isto&#8230; Europa tem necessidade de si mesma, de ser ela mesma, da identidade pr\u00f3pria, da pr\u00f3pria unidade; e superar com isto, com tantas coisas que a boa pol\u00edtica oferece, as divis\u00f5es e as fronteiras. Estamos vendo como est\u00e3o as fronteiras na Europa. Isto n\u00e3o faz bem, ao menos as fronteiras culturas, n\u00e3o fazem bem. \u00c9 verdade que o pa\u00eds tem sua pr\u00f3pria cultura e deve cuid\u00e1-la, mas com a m\u00edstica do poliedro. H\u00e1 uma globaliza\u00e7\u00e3o onde se respeita a cultura de todos, mas todos unidos.<\/p>\n<p>Por favor, que a Europa n\u00e3o se deixe vencer pelo pessimismo ou as ideologias, porque a Europa hoje \u00e9 atacada n\u00e3o com canh\u00f5es ou bombas neste momento, sim com ideologias, ideologias que n\u00e3o s\u00e3o europeias, que v\u00eam de fora, ou crescem nos grupinhos da Europa, que n\u00e3o s\u00e3o grandes. Pensem na Europa dividida e beligerante do 14 e do 32, 33, at\u00e9 o 39, quando estalou a guerra. N\u00e3o retornemos a isto por favor. Aprendamos da hist\u00f3ria, n\u00e3o caiamos no mesmo buraco. Da outra vez lhes contei um ditado que afirma que o \u00fanico animal que cai duas vezes no mesmo buraco \u00e9 o homem. O asno nunca o faz. Mas leiam o discurso do Bugermeister, \u00e9 uma joia.<\/p>\n<p>Gisotti:<\/p>\n<p>Obrigado Santo Padre, obrigado por esta disponibilidade ao final de tr\u00eas dias t\u00e3o ocupados, tamb\u00e9m por estas cinco viagens, uma ap\u00f3s a outra nesta primeira parte do ano, ricas de momentos.<\/p>\n<p>Papa Francisco:<\/p>\n<p>Agora duas coisas, por motivos do clima precisei viajar em autom\u00f3vel ontem por duas horas e quarenta. Foi uma gra\u00e7a de Deus, vi uma paisagem t\u00e3o bela como nunca tinha visto. Cruzei toda a Transilv\u00e2nia.<\/p>\n<p>Hoje para ir a Blaj, o mesmo. Uma coisa linda. A paisagem deste pa\u00eds, agrade\u00e7o tamb\u00e9m a chuva que me fez viajar assim e n\u00e3o de helic\u00f3ptero. Tive mais contato com a realidade.<\/p>\n<p>A segunda coisa: sei que alguns de voc\u00eas s\u00e3o crentes, outros nem tanto, mas direi aos crentes: rezem pela Europa, rezem pela Europa, o Senhor nos d\u00ea a gra\u00e7a. Aos n\u00e3o-crentes desejem a boa vontade, aquele desejo sincero de que a Europa volte a ser o sonho dos pais fundadores.<\/p>\n","protected":false},"excerpt":{"rendered":"<p>Na noite deste domingo, durante o voo que o levou da Rom\u00eania a Roma, o Papa Francisco concedeu uma coletiva na qual abordou os temas do ecumenismo, suas recentes visitas a Bento XVI e pediu que a Europa retome o sonho dos pais fundadores da Uni\u00e3o Europeia. A seguir a \u00edntegra da confer\u00eancia de imprensa: [&hellip;]<\/p>\n","protected":false},"author":1,"featured_media":49846,"comment_status":"open","ping_status":"closed","sticky":false,"template":"","format":"standard","meta":{"footnotes":""},"categories":[13],"tags":[],"class_list":["post-49845","post","type-post","status-publish","format-standard","has-post-thumbnail","hentry","category-featured"],"_links":{"self":[{"href":"https:\/\/catolicanet.net\/wp-cnet\/wp-json\/wp\/v2\/posts\/49845","targetHints":{"allow":["GET"]}}],"collection":[{"href":"https:\/\/catolicanet.net\/wp-cnet\/wp-json\/wp\/v2\/posts"}],"about":[{"href":"https:\/\/catolicanet.net\/wp-cnet\/wp-json\/wp\/v2\/types\/post"}],"author":[{"embeddable":true,"href":"https:\/\/catolicanet.net\/wp-cnet\/wp-json\/wp\/v2\/users\/1"}],"replies":[{"embeddable":true,"href":"https:\/\/catolicanet.net\/wp-cnet\/wp-json\/wp\/v2\/comments?post=49845"}],"version-history":[{"count":3,"href":"https:\/\/catolicanet.net\/wp-cnet\/wp-json\/wp\/v2\/posts\/49845\/revisions"}],"predecessor-version":[{"id":49850,"href":"https:\/\/catolicanet.net\/wp-cnet\/wp-json\/wp\/v2\/posts\/49845\/revisions\/49850"}],"wp:featuredmedia":[{"embeddable":true,"href":"https:\/\/catolicanet.net\/wp-cnet\/wp-json\/wp\/v2\/media\/49846"}],"wp:attachment":[{"href":"https:\/\/catolicanet.net\/wp-cnet\/wp-json\/wp\/v2\/media?parent=49845"}],"wp:term":[{"taxonomy":"category","embeddable":true,"href":"https:\/\/catolicanet.net\/wp-cnet\/wp-json\/wp\/v2\/categories?post=49845"},{"taxonomy":"post_tag","embeddable":true,"href":"https:\/\/catolicanet.net\/wp-cnet\/wp-json\/wp\/v2\/tags?post=49845"}],"curies":[{"name":"wp","href":"https:\/\/api.w.org\/{rel}","templated":true}]}}