{"id":4981,"date":"2014-08-12T17:43:19","date_gmt":"2014-08-12T20:43:19","guid":{"rendered":"http:\/\/catolicanet.net\/wp-cnet\/o-moleiro-o-filho-e-o-burro\/"},"modified":"2017-04-06T11:26:56","modified_gmt":"2017-04-06T14:26:56","slug":"o-moleiro-o-filho-e-o-burro","status":"publish","type":"post","link":"https:\/\/catolicanet.net\/wp-cnet\/o-moleiro-o-filho-e-o-burro\/","title":{"rendered":"O moleiro, o filho e o burro"},"content":{"rendered":"<p style=\"text-align: justify;\"><strong>Uma f\u00e1bula de Esopo sobre a import\u00e2ncia de ser voc\u00ea mesmo<\/strong><\/p>\n<p><img decoding=\"async\" src=\"http:\/\/catolicanet.com.br\/images\/stories\/meninoeburro.jpg\" border=\"0\" align=\"left\" \/>Voc\u00ea foi criado em um momento que vai al\u00e9m do espa\u00e7o e do tempo. A cria\u00e7\u00e3o da vida, afinal, \u00e9 provid\u00eancia de Deus e Ele \u00c9 al\u00e9m do tempo e do espa\u00e7o.<\/p>\n<p>O momento da sua cria\u00e7\u00e3o foi atemporal, com a Sant\u00edssima Trindade se debru\u00e7ando sobre os detalhes de voc\u00ea: o \u00fanico voc\u00ea que j\u00e1 existiu e existir\u00e1 em toda a eternidade. O \u00fanico voc\u00ea de todos os tempos e de fora do tempo, dotado de dons e talentos escolhidos por Deus especificamente para voc\u00ea. A voc\u00ea foi confiado um prop\u00f3sito de vida e uma miss\u00e3o toda sua, e voc\u00ea foi declarado t\u00e3o precioso e t\u00e3o inegavelmente am\u00e1vel que o pr\u00f3prio Jesus se fez carne e veio habitar entre as l\u00e1grimas e o p\u00f3 deste mundo apenas para redimir voc\u00ea.<\/p>\n<p>E foi assim que voc\u00ea veio a este mundo, propositadamente concebido, maravilhosamente criado, e voc\u00ea escolheu&#8230;<\/p>\n<p>&#8230;tornar-se algo que voc\u00ea n\u00e3o \u00e9.<\/p>\n<p>Voc\u00ea se acha \u201cerrado\u201d em uma centena de coisas. Voc\u00ea se acha muito gordo ou muito magro. Voc\u00ea se acha muito baixo ou muito alto. Voc\u00ea vive demais dentro da sua pr\u00f3pria cabe\u00e7a. Voc\u00ea \u00e9 solteiro em um mundo de casados. Voc\u00ea tem filhos demais ou n\u00e3o tem o n\u00famero suficiente de filhos. Voc\u00ea \u00e9 estranho. Voc\u00ea \u00e9 reservado. Voc\u00ea \u00e9 confiante demais. Voc\u00ea se apaixona muito facilmente.<\/p>\n<p>Em todos os lugares voc\u00ea v\u00ea pessoas melhores que voc\u00ea. Elas s\u00e3o mais santas. Elas vivem mais perto de Deus. Elas alcan\u00e7aram o equil\u00edbrio certo entre o sucesso no mundo e a sabedoria espiritual. Elas t\u00eam os relacionamentos que voc\u00ea deseja manter, as rela\u00e7\u00f5es que voc\u00ea se esfor\u00e7a para ter, os confortos com que voc\u00ea sonha. \u00c9 t\u00e3o f\u00e1cil achar que elas s\u00e3o melhores que voc\u00ea&#8230;<\/p>\n<p>E assim parece que o \u00fanico jeito de ter o que essas pessoas t\u00eam \u00e9 imit\u00e1-las.<\/p>\n<p>Se voc\u00ea se tornar mais quieto \/ mais falante \/ mais culto \/ menos pol\u00edtico \/ etc., ent\u00e3o voc\u00ea vai ser o perfeito cat\u00f3lico. Voc\u00ea ser\u00e1 o Padre Pio \/ a Madre Teresa \/ o S\u00e3o Francisco \/ o S\u00e3o Jo\u00e3o Paulo II destes nossos tempos&#8230;<\/p>\n<p>Talvez voc\u00ea n\u00e3o esteja se colocando um objetivo t\u00e3o alto; talvez voc\u00ea s\u00f3 queira ser t\u00e3o santo quanto o fulano do grupo de refor\u00e7o escolar dos seus filhos. Talvez voc\u00ea queira ser aquele homem do grupo de senhores da par\u00f3quia, que sustenta sozinho toda a fam\u00edlia, corre 150 quil\u00f4metros por semana e tem uma mulher que o adora. Talvez voc\u00ea queira ser a pessoa que senta ao seu lado na faculdade, que tem um carisma imenso e que conquista as almas para Deus sem esfor\u00e7o algum, ao mesmo tempo em que faz amigos para si mesma.<\/p>\n<p>N\u00e3o importam os detalhes. Tudo o que voc\u00ea sabe \u00e9 que voc\u00ea n\u00e3o \u00e9 o que gostaria de ser. E ent\u00e3o voc\u00ea decide ser algu\u00e9m que voc\u00ea n\u00e3o \u00e9.<\/p>\n<p>H\u00e1 uma grande dist\u00e2ncia entre imitar os santos e copi\u00e1-los. E, nessa dist\u00e2ncia, quanto o cora\u00e7\u00e3o de Deus deve ficar partido! Aqui est\u00e1 voc\u00ea, especificamente criado, cuidadosamente elaborado como indiv\u00edduo, feito para impactar o mundo de uma forma \u00fanica&#8230; e tentando ser algu\u00e9m que voc\u00ea n\u00e3o \u00e9&#8230; Tentando aparentar talentos que n\u00e3o lhe foram dados e ignorando os talentos que voc\u00ea de fato tem.<\/p>\n<p>Quando eu estava tentando finalizar este artigo, meu filho mais velho entrou no escrit\u00f3rio. Aos nove anos de idade, ele \u00e9 todo pernas, bra\u00e7os e ossos. Cabelo comprido caindo sobre os olhos castanhos e escuros, ele entrou com cautela, sabendo que eu estava trabalhando.<\/p>\n<p>&#8220;Terminou? Voc\u00ea ainda vai jogar Minecraft comigo?&#8221;, perguntou. Ele adora o Minecraft.<\/p>\n<p>Eu balancei a cabe\u00e7a, lamentando. &#8220;Ainda n\u00e3o, meu querido. Tenho mais 200 palavras para escrever e n\u00e3o sei como acabar&#8221;.<\/p>\n<p>&#8220;\u00c9 sobre o qu\u00ea? Eu n\u00e3o posso ajudar?&#8221;.<\/p>\n<p>Eu hesitei um momento. Ser\u00e1 que uma crian\u00e7a pode ajudar um adulto num breve ensaio teol\u00f3gico sobre um tema t\u00e3o profundo?<\/p>\n<p>&#8220;Bom, \u00e9 sobre a gente ignorar os talentos que Deus nos deu e tentar ser outras pessoas, porque achamos que algu\u00e9m \u00e9 mais santo do que n\u00f3s e que n\u00f3s tamb\u00e9m poder\u00edamos ser santos como esse algu\u00e9m&#8221;, expliquei.<\/p>\n<p>Os olhos dele se iluminaram.<\/p>\n<p>&#8220;Ah, eu sei direitinho do que voc\u00ea est\u00e1 falando!&#8221;, respondeu ele, fazendo uma dancinha estranha e pulando de um p\u00e9 para o outro, alegremente. &#8220;Tem uma f\u00e1bula do Esopo sobre isso!&#8221;.<\/p>\n<p>Ele ent\u00e3o pegou o tablet, abriu \u201cO moleiro, o filho e o burro\u201d e me deu para ler. Deslizei sobre o texto com assombro. Era exatamente o que eu queria e n\u00e3o conseguia expressar, dito de forma muito melhor e mais concisa, centenas e centenas de anos antes.<\/p>\n<p>N\u00f3s fomos maravilhosamente criados e pagos pelo sangue de Cristo, o Filho. Se nos distrairmos a caminho do mercado olhando para os outros e tentando imitar a vida deles, vamos apenas acabar perdendo o nosso burro. E de um jeito bem ruim.<\/p>\n<p>\u00c9 s\u00e9rio. Escute o meu filho de nove anos de idade. <\/p>\n<p>Fonte: Aleteia<\/p>\n","protected":false},"excerpt":{"rendered":"<p>Uma f\u00e1bula de Esopo sobre a import\u00e2ncia de ser voc\u00ea mesmo Voc\u00ea foi criado em um momento que vai al\u00e9m do espa\u00e7o e do tempo. A cria\u00e7\u00e3o da vida, afinal, \u00e9 provid\u00eancia de Deus e Ele \u00c9 al\u00e9m do tempo e do espa\u00e7o. O momento da sua cria\u00e7\u00e3o foi atemporal, com a Sant\u00edssima Trindade se [&hellip;]<\/p>\n","protected":false},"author":1,"featured_media":0,"comment_status":"closed","ping_status":"closed","sticky":false,"template":"","format":"standard","meta":{"footnotes":""},"categories":[4],"tags":[],"class_list":["post-4981","post","type-post","status-publish","format-standard","hentry","category-cotidiano"],"_links":{"self":[{"href":"https:\/\/catolicanet.net\/wp-cnet\/wp-json\/wp\/v2\/posts\/4981","targetHints":{"allow":["GET"]}}],"collection":[{"href":"https:\/\/catolicanet.net\/wp-cnet\/wp-json\/wp\/v2\/posts"}],"about":[{"href":"https:\/\/catolicanet.net\/wp-cnet\/wp-json\/wp\/v2\/types\/post"}],"author":[{"embeddable":true,"href":"https:\/\/catolicanet.net\/wp-cnet\/wp-json\/wp\/v2\/users\/1"}],"replies":[{"embeddable":true,"href":"https:\/\/catolicanet.net\/wp-cnet\/wp-json\/wp\/v2\/comments?post=4981"}],"version-history":[{"count":1,"href":"https:\/\/catolicanet.net\/wp-cnet\/wp-json\/wp\/v2\/posts\/4981\/revisions"}],"predecessor-version":[{"id":9875,"href":"https:\/\/catolicanet.net\/wp-cnet\/wp-json\/wp\/v2\/posts\/4981\/revisions\/9875"}],"wp:attachment":[{"href":"https:\/\/catolicanet.net\/wp-cnet\/wp-json\/wp\/v2\/media?parent=4981"}],"wp:term":[{"taxonomy":"category","embeddable":true,"href":"https:\/\/catolicanet.net\/wp-cnet\/wp-json\/wp\/v2\/categories?post=4981"},{"taxonomy":"post_tag","embeddable":true,"href":"https:\/\/catolicanet.net\/wp-cnet\/wp-json\/wp\/v2\/tags?post=4981"}],"curies":[{"name":"wp","href":"https:\/\/api.w.org\/{rel}","templated":true}]}}