{"id":49799,"date":"2019-05-31T16:32:45","date_gmt":"2019-05-31T19:32:45","guid":{"rendered":"http:\/\/catolicanet.net\/wp-cnet\/?p=49799"},"modified":"2019-05-31T16:32:45","modified_gmt":"2019-05-31T19:32:45","slug":"onu-institui-dia-para-recordar-vitimas-de-violencia-devido-a-crenca-religiosa","status":"publish","type":"post","link":"https:\/\/catolicanet.net\/wp-cnet\/onu-institui-dia-para-recordar-vitimas-de-violencia-devido-a-crenca-religiosa\/","title":{"rendered":"ONU institui dia para recordar v\u00edtimas de viol\u00eancia devido \u00e0 cren\u00e7a religiosa"},"content":{"rendered":"<div class=\"article__subTitle\">Entrevista do Vatican News com Martin Kugler, do Observat\u00f3rio sobre Intoler\u00e2ncia e a Discrimina\u00e7\u00e3o contra Crist\u00e3os na Europa, ap\u00f3s a decis\u00e3o da ONU de estabelecer um Dia Internacional das V\u00edtimas da Viol\u00eancia em Rela\u00e7\u00e3o \u00e0 sua Religi\u00e3o ou Cren\u00e7a<\/div>\n<div class=\"title__separator\"><\/div>\n<div class=\"article__text\">\n<p><b>Giada Aquilino &#8211; Cidade do Vaticano<\/b><\/p>\n<p>Um &#8220;passo muito, muito importante, na realidade era h\u00e1 muito esperado&#8221;. Foi o que afirmou ao Vatican News Martin Kugler &#8211; presidente do Conselho Executivo do Observat\u00f3rio sobre a Intoler\u00e2ncia e a Discrimina\u00e7\u00e3o contra os Crist\u00e3os na Europa \u2013 ao comentar a decis\u00e3o da Assembleia Geral das Na\u00e7\u00f5es Unidas que, com uma resolu\u00e7\u00e3o, estabeleceu que apartir do dia 22 de agosto do corrente, a cada ano, ser\u00e1 celebrado o Dia Internacional das V\u00edtimas da Viol\u00eancia em rela\u00e7\u00e3o \u00e0 sua Religi\u00e3o ou Cren\u00e7a.<\/p>\n<p>No texto, a ONU expressa &#8220;s\u00e9ria preocupa\u00e7\u00e3o pelos cont\u00ednuos atos de intoler\u00e2ncia e viol\u00eancia baseados na religi\u00e3o professada ou nas convic\u00e7\u00f5es pessoais&#8221;, que atingem membros de comunidades religiosas e minorias.<\/p>\n<p>&#8220;As Na\u00e7\u00f5es Unidas estabeleceram muitos Dias de recorda\u00e7\u00e3o, mas at\u00e9 agora nenhum deles havia sido dedicado \u00e0 liberdade de religi\u00e3o&#8221;, recorda Kugler, observando que, &#8220;em particular, a persegui\u00e7\u00e3o contra os crist\u00e3os \u00e9 um assunto acompanhado pela diplomacia internacional. Contudo, muitas vezes n\u00e3o recebe a devida aten\u00e7\u00e3o: as elites ocidentais, culturais e n\u00e3o somente pol\u00edticas, relutam em falar em voz alta sobre esse problema e em pronunciar abertamente o nome dos crist\u00e3os em tal contexto\u201d.<\/p>\n<h2>Viol\u00eancias, amea\u00e7as, discrimina\u00e7\u00e3o<\/h2>\n<p>Os atos de intoler\u00e2ncia e viol\u00eancia citados pelas Na\u00e7\u00f5es Unidas referem-se, segundo Kugler, a &#8220;uma amea\u00e7a real \u00e0 exist\u00eancia de crist\u00e3os e de todos os crentes, mas deveria tamb\u00e9m ser inclu\u00edda qualquer restri\u00e7\u00e3o ou discrimina\u00e7\u00e3o relacionada \u00e0 liberdade de palavra, de express\u00e3o, de educa\u00e7\u00e3o ou dos direitos da fam\u00edlia&#8221;.<\/p>\n<p>Ademais, continua ele, &#8220;h\u00e1 um fen\u00f4meno em aumento, que diz respeito \u00e0 limita\u00e7\u00e3o da obje\u00e7\u00e3o de consci\u00eancia, isto \u00e9, das pessoas que professam a religi\u00e3o cat\u00f3lica, mu\u00e7ulmana ou judaica, e que enfrentam problemas ao se recusarem a adotar pr\u00e1ticas como a aborto, a eutan\u00e1sia ou outras t\u00e9cnicas biom\u00e9dicas. Este problema tamb\u00e9m atinge outros grupos de pessoas na Europa: m\u00e9dicos, enfermeiros, etc.&#8221;<\/p>\n<h2>Liberdade religiosa, um direito fundamental<\/h2>\n<h2><\/h2>\n<p>A resolu\u00e7\u00e3o da ONU reitera que &#8220;o terrorismo e o extremismo violento, em todas as suas formas e manifesta\u00e7\u00f5es, n\u00e3o podem e n\u00e3o devem ser associados a nenhuma religi\u00e3o, nacionalidade, civiliza\u00e7\u00e3o ou grupo \u00e9tnico&#8221;.<\/p>\n<p>Poucos meses ap\u00f3s os ataques contra a mesquita de Christchurch, em mar\u00e7o na Nova Zel\u00e2ndia, e contra as igrejas no Sri Lanka no domingo de P\u00e1scoa, as Na\u00e7\u00f5es Unidas convidam todos os pa\u00edses, os expoentes da sociedade civil e cada indiv\u00edduo em particular, a observar a efem\u00e9ride, comprometendo-se ao mesmo tempo, com o respeito pela liberdade de religi\u00e3o.<\/p>\n<p>O objetivo de instituir tal data, \u00e9 homenagear as v\u00edtimas e os sobreviventes de todas as religi\u00f5es que, &#8220;muitas vezes, permanecem esquecidas&#8221;, reiterando que o direito \u00e0 liberdade de religi\u00e3o ou cren\u00e7a \u00e9 &#8220;um direito fundamental de todo ser humano&#8221;.<\/p>\n<p>No entanto, denuncia Kugler &#8211; analisando &#8220;a rea\u00e7\u00e3o dos pol\u00edticos mais influentes na Europa ap\u00f3s os ataques no Sri Lanka &#8211; a maioria deles n\u00e3o mencionou o fato de tratar-se de atos de viol\u00eancia contra os crist\u00e3os. Alguns &#8211; revela &#8211; falaram de problemas entre as religi\u00f5es no Sri Lanka, o que absolutamente n\u00e3o \u00e9 verdadeiro, porque os crist\u00e3os representam uma pequena minoria &#8220;, comparada \u00e0 maioria budista, seguida por hindu\u00edstas e mu\u00e7ulmanos.<\/p>\n<p>&#8220;Certamente &#8211; acrescenta &#8211; n\u00e3o existe tal conflito por tr\u00e1s desses ataques: &#8220;em suma, n\u00e3o foram capazes de falar em voz alta sobre o que est\u00e1 acontecendo.&#8221;<\/p>\n<h2>Atos de vandalismo contra as igrejas<\/h2>\n<h2><\/h2>\n<p>Segundo a ONU, atualmente &#8220;um ter\u00e7o da popula\u00e7\u00e3o mundial sofre algum tipode persegui\u00e7\u00e3o religiosa&#8221;. H\u00e1 tamb\u00e9m formas de &#8220;discrimina\u00e7\u00e3o&#8221; contra os crist\u00e3os na Europa, observa Kugler, mas tamb\u00e9m outros fatores e epis\u00f3dios, como &#8220;os atos de vandalismo contra igrejas&#8221;, por exemplo &#8220;na Fran\u00e7a&#8221;.<\/p>\n<p>&#8220;Ap\u00f3s a trag\u00e9dia de Notre Dame &#8211; observa o expoente do Observat\u00f3rio &#8211; h\u00e1 uma maior conscientiza\u00e7\u00e3o e aten\u00e7\u00e3o por parte da m\u00eddia internacional em rela\u00e7\u00e3o a este pa\u00eds, enquanto antes ningu\u00e9m falava do fato de que, somente no ano passado, em 2018, mais de mil locais de ora\u00e7\u00e3o de crist\u00e3os, igrejas ou locais de recolhimento, foram palco de vandalismo; alguns desses lugares tamb\u00e9m foram dessacralizados. Al\u00e9m disso, centenas de casos do g\u00eanero foram cometidos diretamente contra pessoas. Portanto, trata-se de um fen\u00f4meno novo: h\u00e1 dez anos temos registrado este processo. O nosso site cont\u00e9m mais de 2500 casos na Europa, que incluem atos de vandalismo, de viol\u00eancia e tamb\u00e9m os desenvolvimentos legais e culturais de fen\u00f4menos de discrimina\u00e7\u00e3o e marginaliza\u00e7\u00e3o&#8221;.<\/p>\n<\/div>\n","protected":false},"excerpt":{"rendered":"<p>Entrevista do Vatican News com Martin Kugler, do Observat\u00f3rio sobre Intoler\u00e2ncia e a Discrimina\u00e7\u00e3o contra Crist\u00e3os na Europa, ap\u00f3s a decis\u00e3o da ONU de estabelecer um Dia Internacional das V\u00edtimas da Viol\u00eancia em Rela\u00e7\u00e3o \u00e0 sua Religi\u00e3o ou Cren\u00e7a Giada Aquilino &#8211; Cidade do Vaticano Um &#8220;passo muito, muito importante, na realidade era h\u00e1 muito [&hellip;]<\/p>\n","protected":false},"author":1,"featured_media":49800,"comment_status":"open","ping_status":"closed","sticky":false,"template":"","format":"standard","meta":{"footnotes":""},"categories":[3],"tags":[],"class_list":["post-49799","post","type-post","status-publish","format-standard","has-post-thumbnail","hentry","category-vaticano"],"_links":{"self":[{"href":"https:\/\/catolicanet.net\/wp-cnet\/wp-json\/wp\/v2\/posts\/49799","targetHints":{"allow":["GET"]}}],"collection":[{"href":"https:\/\/catolicanet.net\/wp-cnet\/wp-json\/wp\/v2\/posts"}],"about":[{"href":"https:\/\/catolicanet.net\/wp-cnet\/wp-json\/wp\/v2\/types\/post"}],"author":[{"embeddable":true,"href":"https:\/\/catolicanet.net\/wp-cnet\/wp-json\/wp\/v2\/users\/1"}],"replies":[{"embeddable":true,"href":"https:\/\/catolicanet.net\/wp-cnet\/wp-json\/wp\/v2\/comments?post=49799"}],"version-history":[{"count":1,"href":"https:\/\/catolicanet.net\/wp-cnet\/wp-json\/wp\/v2\/posts\/49799\/revisions"}],"predecessor-version":[{"id":49801,"href":"https:\/\/catolicanet.net\/wp-cnet\/wp-json\/wp\/v2\/posts\/49799\/revisions\/49801"}],"wp:featuredmedia":[{"embeddable":true,"href":"https:\/\/catolicanet.net\/wp-cnet\/wp-json\/wp\/v2\/media\/49800"}],"wp:attachment":[{"href":"https:\/\/catolicanet.net\/wp-cnet\/wp-json\/wp\/v2\/media?parent=49799"}],"wp:term":[{"taxonomy":"category","embeddable":true,"href":"https:\/\/catolicanet.net\/wp-cnet\/wp-json\/wp\/v2\/categories?post=49799"},{"taxonomy":"post_tag","embeddable":true,"href":"https:\/\/catolicanet.net\/wp-cnet\/wp-json\/wp\/v2\/tags?post=49799"}],"curies":[{"name":"wp","href":"https:\/\/api.w.org\/{rel}","templated":true}]}}