{"id":49789,"date":"2019-05-31T10:41:43","date_gmt":"2019-05-31T13:41:43","guid":{"rendered":"http:\/\/catolicanet.net\/wp-cnet\/?p=49789"},"modified":"2019-05-31T10:41:43","modified_gmt":"2019-05-31T13:41:43","slug":"projeto-de-educacao-musical-abre-vagas-gratuitas-na-regiao","status":"publish","type":"post","link":"https:\/\/catolicanet.net\/wp-cnet\/projeto-de-educacao-musical-abre-vagas-gratuitas-na-regiao\/","title":{"rendered":"Projeto de educa\u00e7\u00e3o musical abre vagas gratuitas na regi\u00e3o"},"content":{"rendered":"<h2>Sediado em Aparecida, PEMSA \u00e9 mantido pelo maior templo mariano do mundo. Podem se matricular jovens de 7 a 17 anos que possuem frequ\u00eancia escolar.<\/h2>\n<p>A partir do pr\u00f3ximo dia 12 de novembro, crian\u00e7as e adolescentes de Aparecida (SP) e regi\u00e3o que desejam se aprofundar no mundo da m\u00fasica t\u00eam uma oportunidade gratuita. O Projeto de Educa\u00e7\u00e3o Musical do Santu\u00e1rio de Aparecida (PEMSA), abre 200 vagas para 14 oficinas. As matr\u00edculas podem ser realizadas at\u00e9 o dia 30 deste m\u00eas, na sede do pr\u00f3prio Projeto.<\/p>\n<p>Para isso, \u00e9 preciso procurar a secretaria do PEMSA e verificar os documentos necess\u00e1rios. Uma entrevista com a assistente social tamb\u00e9m faz parte do processo. Isso acontece porque a iniciativa integra o N\u00facleo de Servi\u00e7o Social do Santu\u00e1rio Nacional.<\/p>\n<p>Podem participar crian\u00e7as e adolescentes de 7 a 17 anos que frequentem regularmente a escola. Entretanto, para algumas oficinas, \u00e9 preciso correr para garantir a vaga, j\u00e1 que a procura para elas \u00e9 maior. \u201cViolino, coral, percuss\u00e3o, viol\u00e3o e guitarra s\u00e3o as oficinas que sempre chamam mais p\u00fablico. Isso faz com que as vagas se esgotem rapidamente\u201d, esclarece a gerente administrativa do PEMSA, Patr\u00edcia Filardo.<\/p>\n<p>O Projeto fornece uniforme, lanche e instrumento musical para os atendidos durante o hor\u00e1rio das oficinas, ministradas por instrutores especializados no ensino da m\u00fasica, sob a coordena\u00e7\u00e3o de maestros. Al\u00e9m deles, uma equipe multidisciplinar composta por psic\u00f3logos, nutricionistas, assistentes sociais e fonoaudi\u00f3loga auxilia na forma\u00e7\u00e3o integral dos jovens.<\/p>\n<p>\u201cS\u00e3o mais de cinquenta profissionais envolvidos diretamente no PEMSA, ligados a diferentes \u00e1reas. Isso porque entendemos que n\u00f3s n\u00e3o formamos apenas m\u00fasicos, mas sim <b>pessoas<\/b> atrav\u00e9s da m\u00fasica. Ou seja, a m\u00fasica \u00e9 o instrumento usado para colaborarmos com o crescimento e orienta\u00e7\u00e3o das crian\u00e7as e adolescentes\u201d, destaca Filardo.<\/p>\n<p>Al\u00e9m do aparato humano, uma estrutura f\u00edsica de mais de 2.500 metros de \u00e1rea constru\u00edda \u00e9 totalmente dedicada ao ensino. Caminhando pelos quatro pavimentos do pr\u00e9dio, \u00e9 poss\u00edvel encontrar salas para oficinas te\u00f3ricas e pr\u00e1ticas, individuais e em grupo, al\u00e9m de refeit\u00f3rio, sanit\u00e1rios e um audit\u00f3rio para ensaios coletivos. Tudo pensado e adequado para atender os portadores de necessidades especiais.<\/p>\n<p>Os interessados em se inscrever para as vagas devem entrar em contato pelos telefones (12) 3104-2528 ou 3104-3445 para agendamento e apresenta\u00e7\u00e3o da documenta\u00e7\u00e3o. O PEMSA est\u00e1 sediado na Rua Oliveira Braga, 80, em Aparecida (SP), pr\u00f3ximo da Bas\u00edlica Velha de Nossa Senhora Aparecida.<\/p>\n","protected":false},"excerpt":{"rendered":"<p>Sediado em Aparecida, PEMSA \u00e9 mantido pelo maior templo mariano do mundo. Podem se matricular jovens de 7 a 17 anos que possuem frequ\u00eancia escolar. A partir do pr\u00f3ximo dia 12 de novembro, crian\u00e7as e adolescentes de Aparecida (SP) e regi\u00e3o que desejam se aprofundar no mundo da m\u00fasica t\u00eam uma oportunidade gratuita. O Projeto [&hellip;]<\/p>\n","protected":false},"author":1,"featured_media":49790,"comment_status":"open","ping_status":"closed","sticky":false,"template":"","format":"standard","meta":{"footnotes":""},"categories":[4],"tags":[],"class_list":["post-49789","post","type-post","status-publish","format-standard","has-post-thumbnail","hentry","category-cotidiano"],"_links":{"self":[{"href":"https:\/\/catolicanet.net\/wp-cnet\/wp-json\/wp\/v2\/posts\/49789","targetHints":{"allow":["GET"]}}],"collection":[{"href":"https:\/\/catolicanet.net\/wp-cnet\/wp-json\/wp\/v2\/posts"}],"about":[{"href":"https:\/\/catolicanet.net\/wp-cnet\/wp-json\/wp\/v2\/types\/post"}],"author":[{"embeddable":true,"href":"https:\/\/catolicanet.net\/wp-cnet\/wp-json\/wp\/v2\/users\/1"}],"replies":[{"embeddable":true,"href":"https:\/\/catolicanet.net\/wp-cnet\/wp-json\/wp\/v2\/comments?post=49789"}],"version-history":[{"count":1,"href":"https:\/\/catolicanet.net\/wp-cnet\/wp-json\/wp\/v2\/posts\/49789\/revisions"}],"predecessor-version":[{"id":49791,"href":"https:\/\/catolicanet.net\/wp-cnet\/wp-json\/wp\/v2\/posts\/49789\/revisions\/49791"}],"wp:featuredmedia":[{"embeddable":true,"href":"https:\/\/catolicanet.net\/wp-cnet\/wp-json\/wp\/v2\/media\/49790"}],"wp:attachment":[{"href":"https:\/\/catolicanet.net\/wp-cnet\/wp-json\/wp\/v2\/media?parent=49789"}],"wp:term":[{"taxonomy":"category","embeddable":true,"href":"https:\/\/catolicanet.net\/wp-cnet\/wp-json\/wp\/v2\/categories?post=49789"},{"taxonomy":"post_tag","embeddable":true,"href":"https:\/\/catolicanet.net\/wp-cnet\/wp-json\/wp\/v2\/tags?post=49789"}],"curies":[{"name":"wp","href":"https:\/\/api.w.org\/{rel}","templated":true}]}}