{"id":4978,"date":"2014-08-12T17:11:27","date_gmt":"2014-08-12T20:11:27","guid":{"rendered":"http:\/\/catolicanet.net\/wp-cnet\/patriarca-iraquiano-os-extremistas-nao-decapitaram-criancas-cristas\/"},"modified":"2017-04-06T11:25:17","modified_gmt":"2017-04-06T14:25:17","slug":"patriarca-iraquiano-os-extremistas-nao-decapitaram-criancas-cristas","status":"publish","type":"post","link":"https:\/\/catolicanet.net\/wp-cnet\/patriarca-iraquiano-os-extremistas-nao-decapitaram-criancas-cristas\/","title":{"rendered":"Patriarca iraquiano: os extremistas n\u00e3o decapitaram crian\u00e7as crist\u00e3s"},"content":{"rendered":"<p style=\"text-align: justify;\"><strong>O patriarca caudeu da Babil\u00f4nia afirma que colabora com o governo para levar os crist\u00e3os refugiados para Bagd\u00e1<\/strong><\/p>\n<p><img decoding=\"async\" src=\"http:\/\/catolicanet.com.br\/images\/stories\/criancascristas.jpg\" border=\"0\" align=\"left\" \/>Transferir o maior n\u00famero poss\u00edvel de crist\u00e3os refugiados para Bagd\u00e1, evitando assim uma cat\u00e1strofe humanit\u00e1ria. O patriarca caldeu Luis Sako explicou \u00e0 Aleteia como est\u00e1 organizando, em conjunto com o governo iraquiano, esta grande opera\u00e7\u00e3o humanit\u00e1ria. Ele fatou tamb\u00e9m sobre o boato de que os jihadistas do Estado Isl\u00e2mico estariam decapitando crian\u00e7as crist\u00e3s.<\/p>\n<p>Atualmente, a maior parte dos crist\u00e3os expulsos das vilas e das cidades na plan\u00edcie de N\u00ednive est\u00e3o em condi\u00e7\u00f5es prec\u00e1rias, em estruturas de acolhida improvisadas, al\u00e9m de lotadas. A capital Bagd\u00e1, por sua vez, teria melhores condi\u00e7\u00f5es do ponto de vista sanit\u00e1rio, para a assist\u00eancia m\u00e9dica e a seguran\u00e7a pessoal. O Patriarca est\u00e1 convencido que os ataques a\u00e9reos norte-americanos n\u00e3o ser\u00e3o suficientes para parar a press\u00e3o e o avan\u00e7o das mil\u00edcias do EI.<\/p>\n<p><strong>Sua Beatitude, nos microfones da CNN, Mark Arabo, um empresario californiano e l\u00edder crist\u00e3o, falou de \u201cgenoc\u00eddio dos crist\u00e3os\u201d e de \u201csistem\u00e1tica decapita\u00e7\u00e3o das crian\u00e7as\u201d, por parte do EI. Ele falou tamb\u00e9m que precisamente \u201cem Mossul existe um parque onde s\u00e3o decapitadas as crian\u00e7as e suas cabe\u00e7as s\u00e3o colocadas em varas\u201d. O senhor pode nos confirmar, ou desmentir esta not\u00edcia?<\/strong><\/p>\n<p>Nada disso. N\u00e3o acorreu nenhuma decapita\u00e7\u00e3o. Em Mossul, o dinheiro foi roubado, mas os crist\u00e3os n\u00e3o foram atacados fisicamente. Aconteceu uma grande fuga em massa e muito p\u00e2nico na plan\u00edcie de N\u00ednive. As pessoas foram literalmente expulsas das pr\u00f3prias casas. Um homem foi morto durante um momento de tens\u00e3o enquanto tentava atravessar o check point.<\/p>\n<p><strong>\u00c9 verdade que os militares do EI pedem taxas aos crist\u00e3os para que suas vidas sejam preservadas e raptam as mulheres fazendo delas suas mulheres?<\/strong><\/p>\n<p>S\u00e3o duas not\u00edcias verdadeiras. Aconteceram raptos de mulheres crist\u00e3s, assim como pedido de pagamento de taxas. Em particular, estes islamitas fan\u00e1ticos pedem dinheiro aos crist\u00e3os para faz\u00ea-los voltar para suas pr\u00f3prias casas. Mas os crist\u00e3os n\u00e3o confiam. Aquele povo muda de ideia continuamente: eles n\u00e3o s\u00e3o de confian\u00e7a. Talvez um crist\u00e3o pague hoje, depois volta para casa para estar em paz, e amanh\u00e3 os militantes o atacam novamente, e n\u00e3o se sabe com quais consequ\u00eancias. <\/p>\n<p><strong>O governo de Bagd\u00e1 acusou os jihadistas sunitas do EI de terem jogado centenas de yazidis em valas comuns, com mulheres e crian\u00e7as ainda vivas. O que o senhor pode dizer sobre o assunto?<\/strong><\/p>\n<p>O que aconteceu ao povo yazidi \u00e9 verdade. Foram capturadas e raptadas mais de mil mulheres. Morreram tamb\u00e9m muitas crian\u00e7as. Este povo n\u00e3o tem alimento nem \u00e1gua, al\u00e9m de se sentirem isolados do mundo. N\u00e3o sabem para onde ir e o que fazer. <\/p>\n<p><strong>Falando da crise iraquiana, Dom Silvano Maria Tomasi, observador permanente da Santa S\u00e9 na ONU em Genebra, disse que \u201ca a\u00e7\u00e3o militar neste momento \u00e9 necess\u00e1ria\u201d. O que o senhor pensa sobre uma interven\u00e7\u00e3o militar norte-americana?<\/strong><\/p>\n<p>N\u00e3o bastam ataques parciais. A solu\u00e7\u00e3o para a crise passa atrav\u00e9s de um acordo mais amplo com o envolvimento do governo curdo e do governo central iraquiano. Sem uma estrat\u00e9gia geral, o sonho de voltar a ver o povo retornando nas pr\u00f3prias casas n\u00e3o acontecer\u00e1. <\/p>\n<p><strong>Neste momento os crist\u00e3os t\u00eam o direito de se organizarem para se defenderem, ou \u00e9 recomendada apenas a fuga?<\/strong><\/p>\n<p>Mas como se organizam? Antes de tudo s\u00e3o um n\u00famero reduzido, 400-500 mil no total. Al\u00e9m do mais, a maior parte fugiu das vilas. Todos est\u00e3o dispersos. Considere os n\u00fameros e a situa\u00e7\u00e3o atual deles, n\u00e3o seria poss\u00edvel organizar uma mil\u00edcia. E diante deles existem os extremistas agressivos. <\/p>\n<p><strong>Segundo o senhor, nos pr\u00f3ximos dias, qual cen\u00e1rio veremos?<\/strong><\/p>\n<p>Eu temo que a situa\u00e7\u00e3o piore. Existe um problema em rela\u00e7\u00e3o aos refugiados, a emerg\u00eancia humanit\u00e1ria e um outro problema de ordem pol\u00edtica. Neste momento n\u00e3o vejo prospectivas. O mundo inteiro precisa se mobilizar perante a situa\u00e7\u00e3o do Iraque, caso contr\u00e1rio uma solu\u00e7\u00e3o est\u00e1vel e permanente, ao meu ver, estar\u00e1 distante irremediavelmente. <\/p>\n<p><strong>H\u00e1 alguma possibilidade de di\u00e1logo com os jihadistas do EIL?<\/strong><\/p>\n<p>Diga-me, como se faz para dialogar com um fan\u00e1tico? Temos diante de n\u00f3s um muro! Eu, no come\u00e7o da crise, tentei falar com um deles, mas \u00e9 dif\u00edcil, n\u00e3o existe confian\u00e7a, e eles mudam de ideia continuamente. <\/p>\n<p>Existe o risco de que a influ\u00eancia desses extremistas isl\u00e2micos possa chegar a Bagd\u00e1?<\/p>\n<p>\u00c9 dif\u00edcil que cheguem at\u00e9 Bagd\u00e1, mas n\u00e3o \u00e9 imposs\u00edvel.<\/p>\n<p>E a Igreja Cat\u00f3lica, como est\u00e1 tentando cuidar da situa\u00e7\u00e3o dos refugiados?<\/p>\n<p>Em todas as igrejas do pa\u00eds temos grupos em escolas, dormit\u00f3rios, espa\u00e7os para comer. Em cada cidade, em cada vilarejo das proximidades da regi\u00e3o atacada pelas mil\u00edcias, as regi\u00f5es de acolhimento est\u00e3o lotadas. Agora a melhor coisa a se fazer \u00e9 transferir quanto mais pessoas poss\u00edvel para Bagd\u00e1. Estou em contato com o governo at\u00e9 que aconte\u00e7a.<\/p>\n<p><strong>Como deveria acontecer esta transfer\u00eancia?<\/strong><\/p>\n<p>As vias terrestres est\u00e3o fechadas, a \u00fanica possibilidade s\u00e3o os avi\u00f5es. Aqui na capital temos mais espa\u00e7o para hospedar este povo que corre riscos a cada momento. Tamb\u00e9m existem hospitais e lugares para cuidar deles. Temos j\u00e1 vinte fam\u00edlias, mas continuaremos a acolher outras em breve. <\/p>\n<p><strong>O que os refugiados contam?<\/strong><\/p>\n<p>Ouvi o testemunho deles e \u00e9 sempre algo dram\u00e1tico. Eu j\u00e1 estava em contato com alguns crist\u00e3os daquele local durante a visita que fiz a Erbil e \u00e0s vilas atacadas. Ouvi-los \u00e9 uma experi\u00eancia de voltar no tempo, parece que estamos na Idade M\u00e9dia. Meu cora\u00e7\u00e3o chora lembrando as hist\u00f3rias tristes que contam marcadas pelo medo e o temor de serem maltratados, espancados e assassinados. Eles n\u00e3o t\u00eam mais nada: nem casa, nem economias, ap\u00f3s anos e anos de sacrif\u00edcios. Mas eles temem sobretudo que esta situa\u00e7\u00e3o dure muito tempo.<\/p>\n<p>Fonte: Aleteia<\/p>\n","protected":false},"excerpt":{"rendered":"<p>O patriarca caudeu da Babil\u00f4nia afirma que colabora com o governo para levar os crist\u00e3os refugiados para Bagd\u00e1 Transferir o maior n\u00famero poss\u00edvel de crist\u00e3os refugiados para Bagd\u00e1, evitando assim uma cat\u00e1strofe humanit\u00e1ria. O patriarca caldeu Luis Sako explicou \u00e0 Aleteia como est\u00e1 organizando, em conjunto com o governo iraquiano, esta grande opera\u00e7\u00e3o humanit\u00e1ria. Ele [&hellip;]<\/p>\n","protected":false},"author":1,"featured_media":0,"comment_status":"closed","ping_status":"closed","sticky":false,"template":"","format":"standard","meta":{"footnotes":""},"categories":[4],"tags":[],"class_list":["post-4978","post","type-post","status-publish","format-standard","hentry","category-cotidiano"],"_links":{"self":[{"href":"https:\/\/catolicanet.net\/wp-cnet\/wp-json\/wp\/v2\/posts\/4978","targetHints":{"allow":["GET"]}}],"collection":[{"href":"https:\/\/catolicanet.net\/wp-cnet\/wp-json\/wp\/v2\/posts"}],"about":[{"href":"https:\/\/catolicanet.net\/wp-cnet\/wp-json\/wp\/v2\/types\/post"}],"author":[{"embeddable":true,"href":"https:\/\/catolicanet.net\/wp-cnet\/wp-json\/wp\/v2\/users\/1"}],"replies":[{"embeddable":true,"href":"https:\/\/catolicanet.net\/wp-cnet\/wp-json\/wp\/v2\/comments?post=4978"}],"version-history":[{"count":1,"href":"https:\/\/catolicanet.net\/wp-cnet\/wp-json\/wp\/v2\/posts\/4978\/revisions"}],"predecessor-version":[{"id":9872,"href":"https:\/\/catolicanet.net\/wp-cnet\/wp-json\/wp\/v2\/posts\/4978\/revisions\/9872"}],"wp:attachment":[{"href":"https:\/\/catolicanet.net\/wp-cnet\/wp-json\/wp\/v2\/media?parent=4978"}],"wp:term":[{"taxonomy":"category","embeddable":true,"href":"https:\/\/catolicanet.net\/wp-cnet\/wp-json\/wp\/v2\/categories?post=4978"},{"taxonomy":"post_tag","embeddable":true,"href":"https:\/\/catolicanet.net\/wp-cnet\/wp-json\/wp\/v2\/tags?post=4978"}],"curies":[{"name":"wp","href":"https:\/\/api.w.org\/{rel}","templated":true}]}}