{"id":49774,"date":"2019-05-31T09:30:24","date_gmt":"2019-05-31T12:30:24","guid":{"rendered":"http:\/\/catolicanet.net\/wp-cnet\/?p=49774"},"modified":"2019-05-31T09:30:24","modified_gmt":"2019-05-31T12:30:24","slug":"a-solenidade-da-ascensao-do-senhor-e-celebrada-neste-domingo-02-de-junho","status":"publish","type":"post","link":"https:\/\/catolicanet.net\/wp-cnet\/a-solenidade-da-ascensao-do-senhor-e-celebrada-neste-domingo-02-de-junho\/","title":{"rendered":"A solenidade da Ascens\u00e3o do Senhor \u00e9 celebrada neste domingo, 02 de junho"},"content":{"rendered":"<p>Na quinta-feira da sexta semana do Tempo Pascal celebra-se no Vaticano e em alguns pa\u00edses do mundo, a solenidade da Ascens\u00e3o do Senhor, que no Brasil e em outras na\u00e7\u00f5es, \u00e9 comemorada no domingo. Dom Edmar Peron, bispo de Paranagu\u00e1 (PR) e presidente da Comiss\u00e3o para a Liturgia da Confer\u00eancia Nacional dos Bispos do Brasil (CNBB) explica que a Igreja no Brasil transferiu a festa da Ascens\u00e3o para o domingo para poder facilitar a participa\u00e7\u00e3o do povo na celebra\u00e7\u00e3o.<\/p>\n<p>A Ascens\u00e3o de Cristo celebra a subida de Jesus ao c\u00e9u 40 dias ap\u00f3s sua ressurrei\u00e7\u00e3o. O per\u00edodo conclui a presen\u00e7a de Cristo no contexto hist\u00f3rico e inaugura a hist\u00f3ria da Igreja. Neste contexto, dom Edmar afirma que o per\u00edodo marca um fim e um come\u00e7o. O fim de acordo com ele \u00e9 por conta da conclus\u00e3o da miss\u00e3o do Senhor, na qual ele a entrega aos Ap\u00f3stolos para que levem o an\u00fancio \u00e0s na\u00e7\u00f5es. \u201cE ao mesmo tempo \u00e9 o in\u00edcio, ou seja, a Igreja que depois da Ascens\u00e3o \u00e9 chamada a ir\u201d, afirma o bispo.<\/p>\n<p>Dom Edmar explica que nos Atos dos Ap\u00f3stolos, a Ascens\u00e3o \u00e9 descrita por meio de uma mensagem aos Ap\u00f3stolos, que continuavam olhando para o c\u00e9u, enquanto Jesus subia. Na ocasi\u00e3o, ele conta que apareceram dois homens vestidos de branco (mensageiros) que lhes disseram: \u2018Homens da Galileia, por que ficais aqui, parados, olhando para o c\u00e9u? Esse Jesus que vos foi levado para o c\u00e9u vir\u00e1 do mesmo modo como o vistes partir para o c\u00e9u\u2019.<\/p>\n<p>Ainda conforme o bispo, o Evangelho retoma essa mesma compreens\u00e3o acerca da Ascens\u00e3o, apresentando o encontro final de Jesus ressuscitado com os seus disc\u00edpulos, em um monte da Galileia.\u00a0 Dom Edmar salienta que a comunidade dos disc\u00edpulos, reunida \u00e0 volta de Jesus ressuscitado, reconhece-o como o seu Senhor e recebe dele a miss\u00e3o de continuar no mundo o testemunho do Reino. \u201cJesus disse que o seu Evangelho, o Evangelho do Reino deve chegar a todas as na\u00e7\u00f5es\u201d, aponta dom Edmar.<\/p>\n<p>Esse reconhecimento tamb\u00e9m pode ser percebido nos textos do Missal Romano, conforme dom Edmar.\u00a0 \u201cNa Ascens\u00e3o, o Senhor n\u00e3o subiu aos c\u00e9us para nos afastar da nossa humanidade, mas para nos garantir de que a nossa meta \u00e9 tamb\u00e9m chegar \u00e0 casa do pai, ent\u00e3o a nossa humanidade segundo o c\u00e2non romano entra no para\u00edso com a Ascens\u00e3o de Jesus aos c\u00e9us\u201d, finaliza.<\/p>\n<div class=\"article-main-next-prev\">\n<div class=\"paragraph-row\"><\/div>\n<\/div>\n","protected":false},"excerpt":{"rendered":"<p>Na quinta-feira da sexta semana do Tempo Pascal celebra-se no Vaticano e em alguns pa\u00edses do mundo, a solenidade da Ascens\u00e3o do Senhor, que no Brasil e em outras na\u00e7\u00f5es, \u00e9 comemorada no domingo. Dom Edmar Peron, bispo de Paranagu\u00e1 (PR) e presidente da Comiss\u00e3o para a Liturgia da Confer\u00eancia Nacional dos Bispos do Brasil [&hellip;]<\/p>\n","protected":false},"author":1,"featured_media":49775,"comment_status":"open","ping_status":"closed","sticky":false,"template":"","format":"standard","meta":{"footnotes":""},"categories":[7],"tags":[],"class_list":["post-49774","post","type-post","status-publish","format-standard","has-post-thumbnail","hentry","category-cnbb"],"_links":{"self":[{"href":"https:\/\/catolicanet.net\/wp-cnet\/wp-json\/wp\/v2\/posts\/49774","targetHints":{"allow":["GET"]}}],"collection":[{"href":"https:\/\/catolicanet.net\/wp-cnet\/wp-json\/wp\/v2\/posts"}],"about":[{"href":"https:\/\/catolicanet.net\/wp-cnet\/wp-json\/wp\/v2\/types\/post"}],"author":[{"embeddable":true,"href":"https:\/\/catolicanet.net\/wp-cnet\/wp-json\/wp\/v2\/users\/1"}],"replies":[{"embeddable":true,"href":"https:\/\/catolicanet.net\/wp-cnet\/wp-json\/wp\/v2\/comments?post=49774"}],"version-history":[{"count":1,"href":"https:\/\/catolicanet.net\/wp-cnet\/wp-json\/wp\/v2\/posts\/49774\/revisions"}],"predecessor-version":[{"id":49776,"href":"https:\/\/catolicanet.net\/wp-cnet\/wp-json\/wp\/v2\/posts\/49774\/revisions\/49776"}],"wp:featuredmedia":[{"embeddable":true,"href":"https:\/\/catolicanet.net\/wp-cnet\/wp-json\/wp\/v2\/media\/49775"}],"wp:attachment":[{"href":"https:\/\/catolicanet.net\/wp-cnet\/wp-json\/wp\/v2\/media?parent=49774"}],"wp:term":[{"taxonomy":"category","embeddable":true,"href":"https:\/\/catolicanet.net\/wp-cnet\/wp-json\/wp\/v2\/categories?post=49774"},{"taxonomy":"post_tag","embeddable":true,"href":"https:\/\/catolicanet.net\/wp-cnet\/wp-json\/wp\/v2\/tags?post=49774"}],"curies":[{"name":"wp","href":"https:\/\/api.w.org\/{rel}","templated":true}]}}