{"id":49771,"date":"2019-05-31T09:23:50","date_gmt":"2019-05-31T12:23:50","guid":{"rendered":"http:\/\/catolicanet.net\/wp-cnet\/?p=49771"},"modified":"2019-05-31T09:23:50","modified_gmt":"2019-05-31T12:23:50","slug":"cuidem-do-corpo-e-da-respiracao-como-um-bem-precioso-da-saude-diz-dom-roberto-ferreria","status":"publish","type":"post","link":"https:\/\/catolicanet.net\/wp-cnet\/cuidem-do-corpo-e-da-respiracao-como-um-bem-precioso-da-saude-diz-dom-roberto-ferreria\/","title":{"rendered":"\u201cCuidem do corpo e da respira\u00e7\u00e3o como um bem precioso da sa\u00fade\u201d, diz Dom Roberto Ferrer\u00eda"},"content":{"rendered":"<p>A Pastoral da Sa\u00fade da Confer\u00eancia Nacional dos Bispos do Brasil (CNBB), que h\u00e1 quase 100 anos faz um trabalho importante de acolhida aos enfermos e de promo\u00e7\u00e3o e cuidado com a vida humana, t\u00eam sido uma grande aliada em campanhas proativas que ajudam a preservar a sa\u00fade da popula\u00e7\u00e3o.<\/p>\n<div id=\"attachment_220706\" class=\"wp-caption alignright\"><a href=\"http:\/\/www.cnbb.org.br\/pastoral-da-saude-e-a-luta-antitabagista-cuidem-do-corpo-e-da-respiracao-como-um-bem-precioso-da-saude-diz-dom-roberto-ferreria\/untitled-1-3\/\"><img loading=\"lazy\" decoding=\"async\" class=\"wp-image-220706 size-medium\" src=\"http:\/\/www.cnbb.org.br\/wp-content\/uploads\/sites\/32\/2019\/05\/Untitled-1-300x191.jpg\" srcset=\"http:\/\/www.cnbb.org.br\/wp-content\/uploads\/sites\/32\/2019\/05\/Untitled-1-300x191.jpg 300w, http:\/\/www.cnbb.org.br\/wp-content\/uploads\/sites\/32\/2019\/05\/Untitled-1-768x488.jpg 768w, http:\/\/www.cnbb.org.br\/wp-content\/uploads\/sites\/32\/2019\/05\/Untitled-1-1024x650.jpg 1024w, http:\/\/www.cnbb.org.br\/wp-content\/uploads\/sites\/32\/2019\/05\/Untitled-1.jpg 1200w\" alt=\"\" width=\"300\" height=\"191\" aria-describedby=\"caption-attachment-220706\" \/><\/a><\/p>\n<p id=\"caption-attachment-220706\" class=\"wp-caption-text\"><em>Foto: INCA<\/em><\/p>\n<\/div>\n<p>Neste contexto, o bispo de Campos (RJ) e referencial da Pastoral da Sa\u00fade, dom Roberto Ferrer\u00eda Paz, destaca que <em><strong>\u201ca luta antitabagista tem se mantido firme e esperan\u00e7osa em nossas comunidades e redes eclesiais\u201d.<\/strong><\/em><\/p>\n<p>Desde 1987, a Organiza\u00e7\u00e3o Mundial da Sa\u00fade (OMS) criou o Dia Mundial Sem Tabaco \u2013 31 de maio \u2013 para alertar sobre os danos causados aos pulm\u00f5es pela exposi\u00e7\u00e3o ao tabagismo, seja ativo ou passivo. E para este ano, a OMS definiu como tema <strong>\u201cTabaco e sa\u00fade pulmonar\u201d<\/strong>.<\/p>\n<p>De acordo com o Instituto Nacional do C\u00e2ncer (INCA), respons\u00e1vel pela divulga\u00e7\u00e3o e elabora\u00e7\u00e3o do material t\u00e9cnico sobre as comemora\u00e7\u00f5es, o uso do tabaco e a exposi\u00e7\u00e3o ao fumo passivo exercem um impacto direto e negativo sobre a sa\u00fade pulmonar, do c\u00e2ncer de pulm\u00e3o, nas doen\u00e7as respirat\u00f3rias cr\u00f4nicas como asma em doen\u00e7as pulmonares cr\u00f4nicas como bronquite e efisema.<\/p>\n<p>Ainda segundo o INCA, o tabaco fumado, em qualquer uma de suas formas, \u00e9 respons\u00e1vel por at\u00e9 90% de todos os c\u00e2nceres de pulm\u00e3o \u2013 \u00f3rg\u00e3o que tem um papel fundamental na sa\u00fade e no bem-estar de todas as pessoas.<\/p>\n<p>Dom Roberto Ferrer\u00eda Paz ressalta que o movimento antitabagista no mundo e no Brasil tem gerado uma cultura de liberta\u00e7\u00e3o do tabaco e defendido espa\u00e7os p\u00fablicos de abstin\u00eancia do fumo.<\/p>\n<p><strong><em>\u201cAinda precisamos continuar a substituir e neutralizar a ind\u00fastria do fumo e a consci\u00eancia de seus efeitos delet\u00e9rios\u201d, disse.<\/em><\/strong><\/p>\n<p>Desde 2018, o papa Francisco Papa tomou uma iniciativa importante no que tange a preserva\u00e7\u00e3o da sa\u00fade e proibiu a venda de tabaco no Vaticano. A norma foi publicada em 9 novembro 2017.<\/p>\n<blockquote><p><strong><em>Segundo o porta-voz da Santa S\u00e9 na \u00e9poca, Greg Burke, \u201cA explica\u00e7\u00e3o \u00e9 simples: nenhum lucro pode ser leg\u00edtimo se est\u00e1 custando a vida de pessoas\u201d.<\/em><\/strong><\/p>\n<p>At\u00e9 ent\u00e3o, os funcion\u00e1rios e aposentados do Vaticano podiam comprar cigarros, charutos e tabaco com desconto no supermercado que se encontra no Estado pontif\u00edcio, que \u00e9 uma fonte de receita para a Santa S\u00e9.<\/p>\n<p><strong><em>Ainda segundo o anuncio do porta-voz \u201ca Santa S\u00e9 n\u00e3o pode cooperar com uma pr\u00e1tica que prejudica claramente a sa\u00fade das pessoas\u201d.<\/em><\/strong><\/p><\/blockquote>\n<p>No Brasil, o bispo referencial da Pastoral da Sa\u00fade chama a aten\u00e7\u00e3o para que crist\u00e3os e pessoas de boa vontade cuidem do corpo e da respira\u00e7\u00e3o como um bem precioso da sa\u00fade, afinal cada corpo \u00e9 um templo do Esp\u00edrito Santo.<\/p>\n<p><em><strong>\u201cQue o Senhor da Vida limpe nossos pulm\u00f5es da nicotina e permita uma liberta\u00e7\u00e3o total aos irm\u00e3os fumantes dependentes\u201d, finaliza dom Roberto.<\/strong><\/em><\/p>\n","protected":false},"excerpt":{"rendered":"<p>A Pastoral da Sa\u00fade da Confer\u00eancia Nacional dos Bispos do Brasil (CNBB), que h\u00e1 quase 100 anos faz um trabalho importante de acolhida aos enfermos e de promo\u00e7\u00e3o e cuidado com a vida humana, t\u00eam sido uma grande aliada em campanhas proativas que ajudam a preservar a sa\u00fade da popula\u00e7\u00e3o. Foto: INCA Neste contexto, o [&hellip;]<\/p>\n","protected":false},"author":1,"featured_media":49772,"comment_status":"open","ping_status":"closed","sticky":false,"template":"","format":"standard","meta":{"footnotes":""},"categories":[7],"tags":[],"class_list":["post-49771","post","type-post","status-publish","format-standard","has-post-thumbnail","hentry","category-cnbb"],"_links":{"self":[{"href":"https:\/\/catolicanet.net\/wp-cnet\/wp-json\/wp\/v2\/posts\/49771","targetHints":{"allow":["GET"]}}],"collection":[{"href":"https:\/\/catolicanet.net\/wp-cnet\/wp-json\/wp\/v2\/posts"}],"about":[{"href":"https:\/\/catolicanet.net\/wp-cnet\/wp-json\/wp\/v2\/types\/post"}],"author":[{"embeddable":true,"href":"https:\/\/catolicanet.net\/wp-cnet\/wp-json\/wp\/v2\/users\/1"}],"replies":[{"embeddable":true,"href":"https:\/\/catolicanet.net\/wp-cnet\/wp-json\/wp\/v2\/comments?post=49771"}],"version-history":[{"count":1,"href":"https:\/\/catolicanet.net\/wp-cnet\/wp-json\/wp\/v2\/posts\/49771\/revisions"}],"predecessor-version":[{"id":49773,"href":"https:\/\/catolicanet.net\/wp-cnet\/wp-json\/wp\/v2\/posts\/49771\/revisions\/49773"}],"wp:featuredmedia":[{"embeddable":true,"href":"https:\/\/catolicanet.net\/wp-cnet\/wp-json\/wp\/v2\/media\/49772"}],"wp:attachment":[{"href":"https:\/\/catolicanet.net\/wp-cnet\/wp-json\/wp\/v2\/media?parent=49771"}],"wp:term":[{"taxonomy":"category","embeddable":true,"href":"https:\/\/catolicanet.net\/wp-cnet\/wp-json\/wp\/v2\/categories?post=49771"},{"taxonomy":"post_tag","embeddable":true,"href":"https:\/\/catolicanet.net\/wp-cnet\/wp-json\/wp\/v2\/tags?post=49771"}],"curies":[{"name":"wp","href":"https:\/\/api.w.org\/{rel}","templated":true}]}}