{"id":49760,"date":"2019-05-31T08:42:16","date_gmt":"2019-05-31T11:42:16","guid":{"rendered":"http:\/\/catolicanet.net\/wp-cnet\/?p=49760"},"modified":"2019-05-31T08:42:16","modified_gmt":"2019-05-31T11:42:16","slug":"a-conversa-com-o-presidente-bolsonaro-foi-amigavel-disse-dom-walmor","status":"publish","type":"post","link":"https:\/\/catolicanet.net\/wp-cnet\/a-conversa-com-o-presidente-bolsonaro-foi-amigavel-disse-dom-walmor\/","title":{"rendered":"\u201cA conversa com o presidente Bolsonaro foi amig\u00e1vel\u201d, disse dom Walmor"},"content":{"rendered":"<p>Dom Walmor Oliveira de Azevedo, presidente da CNBB, visitou o Presidente da Rep\u00fablica, Jair Bolsonaro, na tarde desta quarta-feira, 29 de maio. Na sa\u00edda do encontro, falando com a equipe da TV Can\u00e7\u00e3o Nova, o presidente da CNBB disse: \u201c<em>A conversa com o presidente Bolsonaro foi amig\u00e1vel. Viemos como presid\u00eancia da CNBB fazer uma visita cordial e de cortesia. Dizer a import\u00e2ncia do di\u00e1logo e da nossa proximidade, porque como Igreja Cat\u00f3lica, a partir dos valores do Evangelho e do tesouro maior que n\u00f3s temos, a nossa f\u00e9, olhamos o Brasil nos seus muitos desafios. Estamos aqui para dialogar, colaborar, com todos os poderes, com todos os segmentos da sociedade, porque a Igreja, quando anuncia o Reino de Deus, ilumina o cora\u00e7\u00e3o e a mente de todas as pessoas buscando sempre promover a vida em todas as suas etapas\u201d.<\/em><\/p>\n<p><strong>O encontro<\/strong><\/p>\n<p>Segundo a Can\u00e7\u00e3o Nova, a reuni\u00e3o foi a portas fechadas, sem autoriza\u00e7\u00e3o para imagens nem \u00e1udio da imprensa. O primeiro encontro entre as autoridades come\u00e7ou por volta das 14h e durou menos de uma hora, no Pal\u00e1cio do Planalto. Tamb\u00e9m estavam presentes membros da CNBB.<\/p>\n<p>Ao ser abordado pela reportagem, dom Walmor disse tamb\u00e9m se que a visita n\u00e3o foi para \u2018dar recados\u2019, mas para caminhar juntos pelo bem da sociedade brasileira.<\/p>\n","protected":false},"excerpt":{"rendered":"<p>Dom Walmor Oliveira de Azevedo, presidente da CNBB, visitou o Presidente da Rep\u00fablica, Jair Bolsonaro, na tarde desta quarta-feira, 29 de maio. Na sa\u00edda do encontro, falando com a equipe da TV Can\u00e7\u00e3o Nova, o presidente da CNBB disse: \u201cA conversa com o presidente Bolsonaro foi amig\u00e1vel. Viemos como presid\u00eancia da CNBB fazer uma visita [&hellip;]<\/p>\n","protected":false},"author":1,"featured_media":49761,"comment_status":"open","ping_status":"closed","sticky":false,"template":"","format":"standard","meta":{"footnotes":""},"categories":[13],"tags":[],"class_list":["post-49760","post","type-post","status-publish","format-standard","has-post-thumbnail","hentry","category-featured"],"_links":{"self":[{"href":"https:\/\/catolicanet.net\/wp-cnet\/wp-json\/wp\/v2\/posts\/49760","targetHints":{"allow":["GET"]}}],"collection":[{"href":"https:\/\/catolicanet.net\/wp-cnet\/wp-json\/wp\/v2\/posts"}],"about":[{"href":"https:\/\/catolicanet.net\/wp-cnet\/wp-json\/wp\/v2\/types\/post"}],"author":[{"embeddable":true,"href":"https:\/\/catolicanet.net\/wp-cnet\/wp-json\/wp\/v2\/users\/1"}],"replies":[{"embeddable":true,"href":"https:\/\/catolicanet.net\/wp-cnet\/wp-json\/wp\/v2\/comments?post=49760"}],"version-history":[{"count":1,"href":"https:\/\/catolicanet.net\/wp-cnet\/wp-json\/wp\/v2\/posts\/49760\/revisions"}],"predecessor-version":[{"id":49762,"href":"https:\/\/catolicanet.net\/wp-cnet\/wp-json\/wp\/v2\/posts\/49760\/revisions\/49762"}],"wp:featuredmedia":[{"embeddable":true,"href":"https:\/\/catolicanet.net\/wp-cnet\/wp-json\/wp\/v2\/media\/49761"}],"wp:attachment":[{"href":"https:\/\/catolicanet.net\/wp-cnet\/wp-json\/wp\/v2\/media?parent=49760"}],"wp:term":[{"taxonomy":"category","embeddable":true,"href":"https:\/\/catolicanet.net\/wp-cnet\/wp-json\/wp\/v2\/categories?post=49760"},{"taxonomy":"post_tag","embeddable":true,"href":"https:\/\/catolicanet.net\/wp-cnet\/wp-json\/wp\/v2\/tags?post=49760"}],"curies":[{"name":"wp","href":"https:\/\/api.w.org\/{rel}","templated":true}]}}