{"id":49747,"date":"2019-05-30T14:11:29","date_gmt":"2019-05-30T17:11:29","guid":{"rendered":"http:\/\/catolicanet.net\/wp-cnet\/?p=49747"},"modified":"2019-05-30T14:11:29","modified_gmt":"2019-05-30T17:11:29","slug":"dois-falecidos-em-ataque-a-estudantes-de-escola-catolica","status":"publish","type":"post","link":"https:\/\/catolicanet.net\/wp-cnet\/dois-falecidos-em-ataque-a-estudantes-de-escola-catolica\/","title":{"rendered":"Dois falecidos em ataque a estudantes de escola cat\u00f3lica"},"content":{"rendered":"<p>Um homem com problemas de sa\u00fade mental atacou, em 28 de maio, estudantes de uma escola particular cat\u00f3lica que esperavam para embarcar no transporte escolar em Kawasaki (Jap\u00e3o), causando a morte de uma menina de 12 anos e um adulto de 39 anos.<\/p>\n<p>A pol\u00edcia japonesa informou que outras 16 pessoas ficaram feridas neste ataque com faca na cidade de Kawasaki, ao sul de T\u00f3quio.<\/p>\n<p>De acordo com v\u00e1rias ag\u00eancias de not\u00edcias, testemunhas afirmaram que o suspeito atacou o grupo de menores quando se organizavam para embarcar no \u00f4nibus de uma escola particular cat\u00f3lica gritando &#8220;Vou matar voc\u00eas!&#8221;. Ap\u00f3s o ataque, o suposto autor fugiu e, posteriormente, tirou a pr\u00f3pria vida.<\/p>\n<p>O primeiro-ministro do Jap\u00e3o, Shinzo Abe, descreveu o ataque como &#8220;devastador&#8221; e &#8220;muito doloroso&#8221;, raz\u00e3o pela qual o governo aumentou as medidas de seguran\u00e7a para proteger todos os estudantes do pa\u00eds.<\/p>\n","protected":false},"excerpt":{"rendered":"<p>Um homem com problemas de sa\u00fade mental atacou, em 28 de maio, estudantes de uma escola particular cat\u00f3lica que esperavam para embarcar no transporte escolar em Kawasaki (Jap\u00e3o), causando a morte de uma menina de 12 anos e um adulto de 39 anos. A pol\u00edcia japonesa informou que outras 16 pessoas ficaram feridas neste ataque [&hellip;]<\/p>\n","protected":false},"author":1,"featured_media":49748,"comment_status":"open","ping_status":"closed","sticky":false,"template":"","format":"standard","meta":{"footnotes":""},"categories":[13],"tags":[],"class_list":["post-49747","post","type-post","status-publish","format-standard","has-post-thumbnail","hentry","category-featured"],"_links":{"self":[{"href":"https:\/\/catolicanet.net\/wp-cnet\/wp-json\/wp\/v2\/posts\/49747","targetHints":{"allow":["GET"]}}],"collection":[{"href":"https:\/\/catolicanet.net\/wp-cnet\/wp-json\/wp\/v2\/posts"}],"about":[{"href":"https:\/\/catolicanet.net\/wp-cnet\/wp-json\/wp\/v2\/types\/post"}],"author":[{"embeddable":true,"href":"https:\/\/catolicanet.net\/wp-cnet\/wp-json\/wp\/v2\/users\/1"}],"replies":[{"embeddable":true,"href":"https:\/\/catolicanet.net\/wp-cnet\/wp-json\/wp\/v2\/comments?post=49747"}],"version-history":[{"count":1,"href":"https:\/\/catolicanet.net\/wp-cnet\/wp-json\/wp\/v2\/posts\/49747\/revisions"}],"predecessor-version":[{"id":49749,"href":"https:\/\/catolicanet.net\/wp-cnet\/wp-json\/wp\/v2\/posts\/49747\/revisions\/49749"}],"wp:featuredmedia":[{"embeddable":true,"href":"https:\/\/catolicanet.net\/wp-cnet\/wp-json\/wp\/v2\/media\/49748"}],"wp:attachment":[{"href":"https:\/\/catolicanet.net\/wp-cnet\/wp-json\/wp\/v2\/media?parent=49747"}],"wp:term":[{"taxonomy":"category","embeddable":true,"href":"https:\/\/catolicanet.net\/wp-cnet\/wp-json\/wp\/v2\/categories?post=49747"},{"taxonomy":"post_tag","embeddable":true,"href":"https:\/\/catolicanet.net\/wp-cnet\/wp-json\/wp\/v2\/tags?post=49747"}],"curies":[{"name":"wp","href":"https:\/\/api.w.org\/{rel}","templated":true}]}}