{"id":49742,"date":"2019-05-30T13:58:30","date_gmt":"2019-05-30T16:58:30","guid":{"rendered":"http:\/\/catolicanet.net\/wp-cnet\/?p=49742"},"modified":"2019-05-30T14:04:17","modified_gmt":"2019-05-30T17:04:17","slug":"49742-2","status":"publish","type":"post","link":"https:\/\/catolicanet.net\/wp-cnet\/49742-2\/","title":{"rendered":"Caritas Cuba: combater individualismo para construir civiliza\u00e7\u00e3o do amor"},"content":{"rendered":"<div class=\"article__subTitle\">\u201cO apoio dos nossos pastores, bispos e sacerdotes, com suas cartas e homilias, foi fundamental n\u00e3o somente no que diz respeito ao aspecto material, mas tamb\u00e9m, e n\u00e3o menos importante, para alcan\u00e7ar os objetivos educacionais da Campanha\u201d, ressalta a diretora da Caritas na Ilha caribenha, Maritza Abillud<\/div>\n<div class=\"title__separator\"><\/div>\n<div class=\"article__text\">\n<p><b>Cidade do Vaticano<\/b><\/p>\n<p>\u201cTeu Pai, que v\u00ea no segredo, te recompensar\u00e1\u201d \u00e9 a passagem evang\u00e9lica de <i>Mt 6,4<\/i> tomada como lema pela Caritas de Cuba para sua campanha anual que, pelo segundo ano consecutivo, se estender\u00e1 por quatro meses, de junho a setembro. O objetivo \u00e9 sensibilizar as pessoas sobre os m\u00faltiplos problemas sociais que causam marginaliza\u00e7\u00e3o.<\/p>\n<div>\n<div class=\"article__embed article__embed--unwrap article__embed--dark\">\n<div class=\"article__innerTitle\">Ou\u00e7a e compartilhe!<\/div>\n<!--[if lt IE 9]><script>document.createElement('audio');<\/script><![endif]-->\n<audio class=\"wp-audio-shortcode\" id=\"audio-49742-1\" preload=\"none\" style=\"width: 100%;\" controls=\"controls\"><source type=\"audio\/mpeg\" src=\"https:\/\/media.vaticannews.va\/media\/audio\/s1\/2019\/05\/30\/13\/135050129_F135050129.mp3?_=1\" \/><a href=\"https:\/\/media.vaticannews.va\/media\/audio\/s1\/2019\/05\/30\/13\/135050129_F135050129.mp3\">https:\/\/media.vaticannews.va\/media\/audio\/s1\/2019\/05\/30\/13\/135050129_F135050129.mp3<\/a><\/audio>\n<\/div>\n<\/div>\n<h2>Necessidade de construir uma civiliza\u00e7\u00e3o do amor<\/h2>\n<p>\u201cQueremos suscitar uma reflex\u00e3o sobre a crescente tend\u00eancia no mundo e em nossa sociedade ao individualismo, e sobre a necessidade de construir uma civiliza\u00e7\u00e3o do amor come\u00e7ando pela parte mais \u00edntima da pessoa\u201d, explica a diretora da Caritas , Maritza S\u00e1nchez Abillud, em nota enviada \u00e0 ag\u00eancia mission\u00e1ria <i>Fides<\/i>.<\/p>\n<div>\n<div class=\"article__embed article__embed--border embed_style\">\n<blockquote><p>\u201cRifas, bingos, exposi\u00e7\u00f5es e outras atividades servir\u00e3o para educar e angariar fundos nas comunidades crist\u00e3s das onze dioceses da Ilha caribenha, que ser\u00e3o destinados a v\u00e1rios programas, baseados nas particularidades e nos grupos vulner\u00e1veis de cada territ\u00f3rio.\u201d<\/p><\/blockquote>\n<\/div>\n<\/div>\n<p>Apesar de a situa\u00e7\u00e3o econ\u00f4mica da maioria da popula\u00e7\u00e3o n\u00e3o ser favor\u00e1vel, em 2018 mais de 400 comunidades e 13 grupos de diferentes projetos participaram da coleta. Conseguiram coletar quase 300 mil pesos cubanos (moeda nacional), destinados aos v\u00e1rios servi\u00e7os do programa voltado para os anci\u00e3os.<\/p>\n<h2>Trabalho imprescind\u00edvel dos volunt\u00e1rios e colaboradores<\/h2>\n<p>Maritza ressalta o trabalho das Caritas diocesanas, em particular dos volunt\u00e1rios e dos colaboradores das par\u00f3quias e das comunidades. Al\u00e9m disso, \u201co apoio dos nossos pastores, bispos e sacerdotes, com suas cartas e homilias, foi fundamental n\u00e3o somente no que diz respeito ao aspecto material, mas tamb\u00e9m, e n\u00e3o menos importante, para alcan\u00e7ar os objetivos educacionais da Campanha\u201d.<\/p>\n<p>Embora a Campanha Caritas tenha um car\u00e1ter nacional, mesmo aqueles que n\u00e3o residem no pa\u00eds podem tamb\u00e9m enviar suas ajudas mediante o site web da organiza\u00e7\u00e3o Friends of Caritas Cuba (www.friendsofcaritascubana.org), conclui a referida nota.<\/p>\n<\/div>\n","protected":false},"excerpt":{"rendered":"<p>\u201cO apoio dos nossos pastores, bispos e sacerdotes, com suas cartas e homilias, foi fundamental n\u00e3o somente no que diz respeito ao aspecto material, mas tamb\u00e9m, e n\u00e3o menos importante, para alcan\u00e7ar os objetivos educacionais da Campanha\u201d, ressalta a diretora da Caritas na Ilha caribenha, Maritza Abillud Cidade do Vaticano \u201cTeu Pai, que v\u00ea no [&hellip;]<\/p>\n","protected":false},"author":1,"featured_media":49745,"comment_status":"open","ping_status":"closed","sticky":false,"template":"","format":"standard","meta":{"footnotes":""},"categories":[3],"tags":[],"class_list":["post-49742","post","type-post","status-publish","format-standard","has-post-thumbnail","hentry","category-vaticano"],"_links":{"self":[{"href":"https:\/\/catolicanet.net\/wp-cnet\/wp-json\/wp\/v2\/posts\/49742","targetHints":{"allow":["GET"]}}],"collection":[{"href":"https:\/\/catolicanet.net\/wp-cnet\/wp-json\/wp\/v2\/posts"}],"about":[{"href":"https:\/\/catolicanet.net\/wp-cnet\/wp-json\/wp\/v2\/types\/post"}],"author":[{"embeddable":true,"href":"https:\/\/catolicanet.net\/wp-cnet\/wp-json\/wp\/v2\/users\/1"}],"replies":[{"embeddable":true,"href":"https:\/\/catolicanet.net\/wp-cnet\/wp-json\/wp\/v2\/comments?post=49742"}],"version-history":[{"count":3,"href":"https:\/\/catolicanet.net\/wp-cnet\/wp-json\/wp\/v2\/posts\/49742\/revisions"}],"predecessor-version":[{"id":49746,"href":"https:\/\/catolicanet.net\/wp-cnet\/wp-json\/wp\/v2\/posts\/49742\/revisions\/49746"}],"wp:featuredmedia":[{"embeddable":true,"href":"https:\/\/catolicanet.net\/wp-cnet\/wp-json\/wp\/v2\/media\/49745"}],"wp:attachment":[{"href":"https:\/\/catolicanet.net\/wp-cnet\/wp-json\/wp\/v2\/media?parent=49742"}],"wp:term":[{"taxonomy":"category","embeddable":true,"href":"https:\/\/catolicanet.net\/wp-cnet\/wp-json\/wp\/v2\/categories?post=49742"},{"taxonomy":"post_tag","embeddable":true,"href":"https:\/\/catolicanet.net\/wp-cnet\/wp-json\/wp\/v2\/tags?post=49742"}],"curies":[{"name":"wp","href":"https:\/\/api.w.org\/{rel}","templated":true}]}}