{"id":49720,"date":"2019-05-30T09:17:19","date_gmt":"2019-05-30T12:17:19","guid":{"rendered":"http:\/\/catolicanet.net\/wp-cnet\/?p=49720"},"modified":"2019-05-30T09:17:19","modified_gmt":"2019-05-30T12:17:19","slug":"bispo-greco-catolico-fratila-permanecer-fiel-no-testemunho","status":"publish","type":"post","link":"https:\/\/catolicanet.net\/wp-cnet\/bispo-greco-catolico-fratila-permanecer-fiel-no-testemunho\/","title":{"rendered":"Bispo greco-cat\u00f3lico Fr\u0103\u021bil\u0103: permanecer fiel no testemunho"},"content":{"rendered":"<div class=\"article__subTitle\">A experi\u00eancia da Igreja Greco-cat\u00f3lica na Rom\u00eania em destaque na entrevista com Dom Mihai C\u0103t\u0103lin Fr\u0103\u021bil\u0103, bispo da Eparquia greco-cat\u00f3lica &#8220;S\u00e3o Bas\u00edlio Magno&#8221;, em Bucareste<\/div>\n<div class=\"title__separator\"><\/div>\n<div class=\"article__text\">\n<p><b>Debora Donnini &#8211; Cidade do Vaticano<\/b><\/p>\n<p>H\u00e1 uma grande expectativa pela chegada do Papa na comunidade cat\u00f3lica da Rom\u00eania: s\u00e3o cerca de 1 milh\u00e3o e 400 mil, entre cat\u00f3licos romanos de rito latino \u2013 de l\u00edngua romena, h\u00fangara, alem\u00e3 e outras &#8211; greco-cat\u00f3licos de rito bizantino, e uma pequena comunidade arm\u00eania. S\u00e3o seis as Diocese do rito latino, 6 de rito bizantino e h\u00e1 tamb\u00e9m um Ordinariato para os fi\u00e9is de rito arm\u00eanio. No total, os cat\u00f3licos s\u00e3o cerca de 7,3% da popula\u00e7\u00e3o, de maioria ortodoxa.<\/p>\n<p>A Igreja Greco-cat\u00f3lica de rito bizantino uniu-se a Roma em 1700 com o S\u00ednodo de Alba Iulia, quando foi reconhecida o primado de Roma, al\u00e9m de outros pontos-chave, sem renunciar \u00e0 liturgia e \u00e0s tradi\u00e7\u00f5es orientais. Durante o regime comunista, o clero greco-cat\u00f3lico\u00a0 foi muito perseguido. A Igreja Greco-cat\u00f3lica foi banida em 1948.<\/p>\n<p>Sinal desta persegui\u00e7\u00e3o, em n\u00edvel hist\u00f3rico, pela fidelidade ao Papa, ser\u00e1 a beatifica\u00e7\u00e3o no domingo em Blaj dos sete bispos m\u00e1rtires greco-cat\u00f3licos: bispos que passaram por grandes sofrimentos, conheceram a pris\u00e3o. Seiscentos sacerdotes que foram presos, igrejas, casas paroquiais, escolas e at\u00e9 mesmo cemit\u00e9rios foram desapropriados.<\/p>\n<p>&#8220;Essa beatifica\u00e7\u00e3o n\u00e3o \u00e9 um per\u00edodo de tempo que se conclui, mas \u00e9 um dia de nova cria\u00e7\u00e3o&#8221;, diz Dom Mihai C\u0103t\u0103lin Fr\u0103\u021bil\u0103, bispo da Eparquia greco-cat\u00f3lica &#8220;S\u00e3o Bas\u00edlio Magno&#8221;, em Bucareste, que tamb\u00e9m nos fala sobre a grande expectativa dos cat\u00f3licos na Rom\u00eania pela chegada do Papa:<\/p>\n<p>R. \u2013 <i>H\u00e1 um clima de consenso. Muitos de nossos confrades romenos est\u00e3o no exterior j\u00e1 h\u00e1 v\u00e1rios anos, portanto, \u00a0conhecem bem todo o ambiente ocidental, onde a sensibilidade cat\u00f3lica \u00e9 conhecida. No que tange \u00e0s nossas comunidades cat\u00f3licas, \u00e9 uma grande confirma\u00e7\u00e3o na f\u00e9.<\/i><\/p>\n<p><b>Estas beatifica\u00e7\u00f5es tamb\u00e9m d\u00e3o frutos nos dias de hoje, frutos de amor, de testemunho &#8230;<\/b><\/p>\n<p>R. &#8211; <i>Certamente. \u00c9 incr\u00edvel. Este ano s\u00e3o 30 anos desde a queda do regime. Muitos precisam redescobrir essa hist\u00f3ria. \u00c9 importante n\u00e3o somente para n\u00f3s cat\u00f3licos na Rom\u00eania, mas tamb\u00e9m para qualquer pessoa em busca da verdade. Olhando para o momento da persegui\u00e7\u00e3o, para qualquer pessoa que tenha tentado reagir, qual \u00e9 o verdadeiro desafio? Que o homem n\u00e3o se limite apenas ao prazer pessoal, \u00e0 comida, \u00e0 distra\u00e7\u00e3o e tampouco \u00e0 cultura intelectual. Existem coisas &#8220;superiores&#8221; pelas quais vale a pena dar a vida e de mostrar que todos temos um futuro que n\u00e3o termina nesta exist\u00eancia passageira.<\/i><\/p>\n<p><b>Na visita de 1999, Jo\u00e3o Paulo II visitou os locais onde estavam sepultados o cardeal Hossu e o Aftenie e, em seguida, nomeou esses sete bispos que ser\u00e3o beatificados na Rom\u00eania, assim tamb\u00e9m nesse sentido existe uma continuidade &#8230;<\/b><\/p>\n<p>R. &#8211; <i>Esses momentos s\u00e3o inesquec\u00edveis para n\u00f3s. Vinte anos atr\u00e1s, quando o Papa foi a esses dois t\u00famulos, nos disse: eles s\u00e3o seus pastores espirituais. Enfatizando este aspecto de permanecer fi\u00e9is, mas n\u00e3o apenas como um reposit\u00f3rio exterior, cultural, mas de traduzi-lo em nosso testemunho di\u00e1rio, para que aqueles que vivem hoje e que vir\u00e3o depois de n\u00f3s, possam manter esse amor e esse respeito pela gra\u00e7a de Deus que pode atuar no sacrif\u00edcio dessas pessoas.<\/i><\/p>\n<p>&nbsp;<\/p>\n<\/div>\n","protected":false},"excerpt":{"rendered":"<p>A experi\u00eancia da Igreja Greco-cat\u00f3lica na Rom\u00eania em destaque na entrevista com Dom Mihai C\u0103t\u0103lin Fr\u0103\u021bil\u0103, bispo da Eparquia greco-cat\u00f3lica &#8220;S\u00e3o Bas\u00edlio Magno&#8221;, em Bucareste Debora Donnini &#8211; Cidade do Vaticano H\u00e1 uma grande expectativa pela chegada do Papa na comunidade cat\u00f3lica da Rom\u00eania: s\u00e3o cerca de 1 milh\u00e3o e 400 mil, entre cat\u00f3licos romanos [&hellip;]<\/p>\n","protected":false},"author":1,"featured_media":49721,"comment_status":"open","ping_status":"closed","sticky":false,"template":"","format":"standard","meta":{"footnotes":""},"categories":[3],"tags":[],"class_list":["post-49720","post","type-post","status-publish","format-standard","has-post-thumbnail","hentry","category-vaticano"],"_links":{"self":[{"href":"https:\/\/catolicanet.net\/wp-cnet\/wp-json\/wp\/v2\/posts\/49720","targetHints":{"allow":["GET"]}}],"collection":[{"href":"https:\/\/catolicanet.net\/wp-cnet\/wp-json\/wp\/v2\/posts"}],"about":[{"href":"https:\/\/catolicanet.net\/wp-cnet\/wp-json\/wp\/v2\/types\/post"}],"author":[{"embeddable":true,"href":"https:\/\/catolicanet.net\/wp-cnet\/wp-json\/wp\/v2\/users\/1"}],"replies":[{"embeddable":true,"href":"https:\/\/catolicanet.net\/wp-cnet\/wp-json\/wp\/v2\/comments?post=49720"}],"version-history":[{"count":1,"href":"https:\/\/catolicanet.net\/wp-cnet\/wp-json\/wp\/v2\/posts\/49720\/revisions"}],"predecessor-version":[{"id":49722,"href":"https:\/\/catolicanet.net\/wp-cnet\/wp-json\/wp\/v2\/posts\/49720\/revisions\/49722"}],"wp:featuredmedia":[{"embeddable":true,"href":"https:\/\/catolicanet.net\/wp-cnet\/wp-json\/wp\/v2\/media\/49721"}],"wp:attachment":[{"href":"https:\/\/catolicanet.net\/wp-cnet\/wp-json\/wp\/v2\/media?parent=49720"}],"wp:term":[{"taxonomy":"category","embeddable":true,"href":"https:\/\/catolicanet.net\/wp-cnet\/wp-json\/wp\/v2\/categories?post=49720"},{"taxonomy":"post_tag","embeddable":true,"href":"https:\/\/catolicanet.net\/wp-cnet\/wp-json\/wp\/v2\/tags?post=49720"}],"curies":[{"name":"wp","href":"https:\/\/api.w.org\/{rel}","templated":true}]}}