{"id":49710,"date":"2019-05-29T15:37:52","date_gmt":"2019-05-29T18:37:52","guid":{"rendered":"http:\/\/catolicanet.net\/wp-cnet\/?p=49710"},"modified":"2019-05-30T08:41:01","modified_gmt":"2019-05-30T11:41:01","slug":"nota-do-cimi-justica-federal-anula-cpi-do-cimi-no-mato-grosso-do-sul","status":"publish","type":"post","link":"https:\/\/catolicanet.net\/wp-cnet\/nota-do-cimi-justica-federal-anula-cpi-do-cimi-no-mato-grosso-do-sul\/","title":{"rendered":"Nota do Cimi: Justi\u00e7a Federal anula CPI do Cimi no Mato Grosso do Sul"},"content":{"rendered":"<p class=\"section_title section_title_medium_var2 second_font\">O Conselho Indigenista Mission\u00e1rio (Cimi) publicou uma nota oficial sobre a decis\u00e3o judicial que anulou a Comiss\u00e3o Parlamentar de Inqu\u00e9rito na Assembleia Legislativa do Mato Grosso do Sul, \u201cCPI do Cimi\u201d. Segundo a decis\u00e3o, a Assembleia Legislativa do estado extrapolou suas compet\u00eancias ao criar a referida CPI.<\/p>\n<p>A nota completa est\u00e1 dispon\u00edvel no site do <a href=\"https:\/\/cimi.org.br\/2019\/05\/nota-do-cimi-justica-federal-anula-cpi-do-cimi-no-mato-grosso-do-sul\/\"><strong>Conselho Indigenista Mission\u00e1rio \u2013 CIMI<\/strong><\/a><\/p>\n","protected":false},"excerpt":{"rendered":"<p>O Conselho Indigenista Mission\u00e1rio (Cimi) publicou uma nota oficial sobre a decis\u00e3o judicial que anulou a Comiss\u00e3o Parlamentar de Inqu\u00e9rito na Assembleia Legislativa do Mato Grosso do Sul, \u201cCPI do Cimi\u201d. Segundo a decis\u00e3o, a Assembleia Legislativa do estado extrapolou suas compet\u00eancias ao criar a referida CPI. A nota completa est\u00e1 dispon\u00edvel no site do [&hellip;]<\/p>\n","protected":false},"author":1,"featured_media":49711,"comment_status":"open","ping_status":"closed","sticky":false,"template":"","format":"standard","meta":{"footnotes":""},"categories":[7],"tags":[],"class_list":["post-49710","post","type-post","status-publish","format-standard","has-post-thumbnail","hentry","category-cnbb"],"_links":{"self":[{"href":"https:\/\/catolicanet.net\/wp-cnet\/wp-json\/wp\/v2\/posts\/49710","targetHints":{"allow":["GET"]}}],"collection":[{"href":"https:\/\/catolicanet.net\/wp-cnet\/wp-json\/wp\/v2\/posts"}],"about":[{"href":"https:\/\/catolicanet.net\/wp-cnet\/wp-json\/wp\/v2\/types\/post"}],"author":[{"embeddable":true,"href":"https:\/\/catolicanet.net\/wp-cnet\/wp-json\/wp\/v2\/users\/1"}],"replies":[{"embeddable":true,"href":"https:\/\/catolicanet.net\/wp-cnet\/wp-json\/wp\/v2\/comments?post=49710"}],"version-history":[{"count":1,"href":"https:\/\/catolicanet.net\/wp-cnet\/wp-json\/wp\/v2\/posts\/49710\/revisions"}],"predecessor-version":[{"id":49712,"href":"https:\/\/catolicanet.net\/wp-cnet\/wp-json\/wp\/v2\/posts\/49710\/revisions\/49712"}],"wp:featuredmedia":[{"embeddable":true,"href":"https:\/\/catolicanet.net\/wp-cnet\/wp-json\/wp\/v2\/media\/49711"}],"wp:attachment":[{"href":"https:\/\/catolicanet.net\/wp-cnet\/wp-json\/wp\/v2\/media?parent=49710"}],"wp:term":[{"taxonomy":"category","embeddable":true,"href":"https:\/\/catolicanet.net\/wp-cnet\/wp-json\/wp\/v2\/categories?post=49710"},{"taxonomy":"post_tag","embeddable":true,"href":"https:\/\/catolicanet.net\/wp-cnet\/wp-json\/wp\/v2\/tags?post=49710"}],"curies":[{"name":"wp","href":"https:\/\/api.w.org\/{rel}","templated":true}]}}