{"id":49699,"date":"2019-05-29T14:28:27","date_gmt":"2019-05-29T17:28:27","guid":{"rendered":"http:\/\/catolicanet.net\/wp-cnet\/?p=49699"},"modified":"2019-05-29T14:28:27","modified_gmt":"2019-05-29T17:28:27","slug":"igreja-no-chile-uma-igreja-em-saida-requer-catequistas-em-saida","status":"publish","type":"post","link":"https:\/\/catolicanet.net\/wp-cnet\/igreja-no-chile-uma-igreja-em-saida-requer-catequistas-em-saida\/","title":{"rendered":"Igreja no Chile: uma &#8216;Igreja em sa\u00edda&#8217; requer &#8216;Catequistas em sa\u00edda&#8217;"},"content":{"rendered":"<div class=\"article__subTitle\">Para se ter uma \u201cCatequese em sa\u00edda\u201d \u00e9 preciso, em primeiro lugar, \u201creconhecer em quais lugares a catequese ainda n\u00e3o oferece respostas adequadas \u00e0s necessidades da comunidade. N\u00e3o se trata de pensar somente ou principalmente na catequese sacramental, mas, particularmente em situa\u00e7\u00f5es de vida em que hoje n\u00e3o oferecemos um itiner\u00e1rio catequ\u00e9tico adequado\u201d, diz o diretor da Comiss\u00e3o Nacional da Catequese do Chile, Valenzuela Maga\u00f1a<\/div>\n<div class=\"title__separator\"><\/div>\n<div class=\"article__text\">\n<p><b>Cidade do Vaticano<\/b><\/p>\n<p>Ap\u00f3s tantos s\u00e9culos de evangeliza\u00e7\u00e3o, urge colocar a catequese em caminho rumo a uma profunda renova\u00e7\u00e3o. Como o Papa Francisco fala de \u201cIgreja em sa\u00edda\u201d, podemos dizer que hoje \u00e9 necess\u00e1rio ter uma \u201cCatequese em sa\u00edda\u201d.<\/p>\n<div>\n<div class=\"article__embed article__embed--unwrap article__embed--dark\">\n<div class=\"article__innerTitle\">Ou\u00e7a e compartilhe!<\/div>\n<!--[if lt IE 9]><script>document.createElement('audio');<\/script><![endif]-->\n<audio class=\"wp-audio-shortcode\" id=\"audio-49699-1\" preload=\"none\" style=\"width: 100%;\" controls=\"controls\"><source type=\"audio\/mpeg\" src=\"https:\/\/media.vaticannews.va\/media\/audio\/s1\/2019\/05\/29\/16\/135046442_F135046442.mp3?_=1\" \/><a href=\"https:\/\/media.vaticannews.va\/media\/audio\/s1\/2019\/05\/29\/16\/135046442_F135046442.mp3\">https:\/\/media.vaticannews.va\/media\/audio\/s1\/2019\/05\/29\/16\/135046442_F135046442.mp3<\/a><\/audio>\n<\/div>\n<\/div>\n<p>\u00c9 o que escreve o diretor da Comiss\u00e3o Nacional da Catequese do Chile, Eduardo Valenzuela Maga\u00f1a, apresentando o Dia do Catequista, a ser celebrado este s\u00e1bado, 1\u00ba de junho, que, se inspirando no M\u00eas Mission\u00e1rio Extraordin\u00e1rio de outubro 2019, ter\u00e1 como tema \u201cCatequistas em miss\u00e3o\u201d.<\/p>\n<h2>Colocar em comunh\u00e3o com Jesus Cristo<\/h2>\n<p>No site da Confer\u00eancia Episcopal Chilena encontra-se dispon\u00edvel o material para a celebra\u00e7\u00e3o: al\u00e9m da sauda\u00e7\u00e3o do presidente da Comiss\u00e3o Nacional da Catequese, o arcebispo de Antofagasta, Dom Ignacio Ducasse Medina, e a introdu\u00e7\u00e3o de Valenzuela Maga\u00f1a, h\u00e1 indica\u00e7\u00f5es para a missa, para um retiro espiritual, para a <i>lectio divina<\/i>, al\u00e9m de alguns testemunhos de catequistas.<\/p>\n<p>\u201cO objetivo \u00faltimo da catequese n\u00e3o \u00e9 ensinar os conte\u00fados em sentido conceitual\/doutrinal, mas colocar em comunh\u00e3o com Jesus Cristo. O ensinamento dos Pastores da Igreja nos \u00faltimos anos evidenciou o fato que a f\u00e9 n\u00e3o nasce da ades\u00e3o a ideias, normas ou \u00e9tica, mas a f\u00e9 nasce do encontro com a pessoa de Jesus Cristo\u201d, afirma Valenzuela Maga\u00f1a.<\/p>\n<h2>Catequista \u00e9 testemunha daquilo que cr\u00ea<\/h2>\n<p>\u201cSe nos colocarmos nessa perspectiva, entenderemos que a catequese \u00e9, num certo sentido, \u2018mission\u00e1ria\u2019, porque busca favorecer o encontro entre Jesus e o catequisando, onde quer que se encontre. Os projetos catequ\u00e9ticos devem abandonar a ideia de estruturar-se segundo a l\u00f3gica dos conte\u00fados de modo enciclop\u00e9dico, para descobrir a vitalidade da f\u00e9 e seu progresso natural\u201d, acrescenta.<\/p>\n<p>A Igreja confia esta miss\u00e3o ao catequista, que n\u00e3o deve somente transmitir um conte\u00fado de f\u00e9, mas o catequista \u00e9 testemunha daquilo que cr\u00ea, testemunha seu encontro e o seguimento de Jesus. Ningu\u00e9m inicia os outros na experi\u00eancia do encontro com Jesus Cristo se esta experi\u00eancia n\u00e3o passa atrav\u00e9s da pr\u00f3pria vida.<\/p>\n<h2>Kerigma, mensagem que todo catequista deve partilhar<\/h2>\n<\/div>\n<p>\u201cO catequista \u00e9 uma testemunha, um disc\u00edpulo mission\u00e1rio, a mulher ou o homem que confia no amor e que quer viver fielmente o an\u00fancio da salva\u00e7\u00e3o que recebeu\u201d, l\u00ea-se ainda.<\/p>\n<p>Propondo alguns pontos de reflex\u00e3o para realizar uma \u201cCatequese mission\u00e1ria\u201d, Valenzuela Maga\u00f1a ressalta que muitos temas podem ser tratados durante os encontros de catequeses, mas o catequista n\u00e3o deve esquecer que \u201co Kerigma \u00e9 a mensagem que todo catequista deve partilhar em cada encontro: Jesus Cristo te ama, deu a sua vida para salvar-te, e agora est\u00e1 vivo a seu lado todos os dias, para iluminar-te, para revigorar-te, para libertar-te. Essa mensagem deve ser repetida durante toda a catequese e em cada etapa e momento\u201d.<\/p>\n<h2>Lugares e ambientes que requerem pastoral catequ\u00e9tica<\/h2>\n<p>Para se ter uma \u201cCatequese em sa\u00edda\u201d \u00e9 preciso, em primeiro lugar, \u201creconhecer em quais lugares a catequese ainda n\u00e3o oferece respostas adequadas \u00e0s necessidades da comunidade. N\u00e3o se trata de pensar somente ou principalmente na catequese sacramental, mas, particularmente em situa\u00e7\u00f5es de vida em que hoje n\u00e3o oferecemos um itiner\u00e1rio catequ\u00e9tico adequado. Lugares e ambientes que requerem urgentemente uma assist\u00eancia pastoral catequ\u00e9tica, como anci\u00e3os, crian\u00e7as, pr\u00e9-adolescentes, adultos distantes da Igreja, casais jovens, fam\u00edlias com trabalhadores em mineiras, o mundo carcer\u00e1rio, e outros\u201d.<\/p>\n<p>Valenzuela Maga\u00f1a afirma que a m\u00eddia em geral e as redes sociais podem oferecer uma ajuda v\u00e1lida para esse tipo de catequeses. \u201cContinuamos pensando que os livros impressos s\u00e3o os \u00fanicos meios. Hoje se algu\u00e9m n\u00e3o sabe algo, procura-o na Internet ou nas redes sociais (nas quais os membros da Igreja n\u00e3o t\u00eam uma presen\u00e7a ativa suficiente).\u201d<\/p>\n<h2>Alcan\u00e7ar novas searas aonde o Evangelho ainda n\u00e3o chegou<\/h2>\n<p>\u201cEste \u00e9 um are\u00f3pago ao qual n\u00e3o podemos renunciar e que deve ser evangelizado. A\u00ed tudo deve ser feito. Al\u00e9m disso, existem muitas r\u00e1dios diocesanas que t\u00eam um potencial catequ\u00e9tico enorme\u201d.<\/p>\n<p>Concluindo, o diretor da Comiss\u00e3o Nacional da Catequese do Chile ressalta que \u201ccertamente essas tarefas nos levam para fora da nossa zona de conforto, mas \u00e9 necess\u00e1rio faz\u00ea-las para colocar a catequese em sa\u00edda e alcan\u00e7ar novas searas aonde o Evangelho do Senhor ainda n\u00e3o chegou\u201d.<\/p>\n","protected":false},"excerpt":{"rendered":"<p>Para se ter uma \u201cCatequese em sa\u00edda\u201d \u00e9 preciso, em primeiro lugar, \u201creconhecer em quais lugares a catequese ainda n\u00e3o oferece respostas adequadas \u00e0s necessidades da comunidade. N\u00e3o se trata de pensar somente ou principalmente na catequese sacramental, mas, particularmente em situa\u00e7\u00f5es de vida em que hoje n\u00e3o oferecemos um itiner\u00e1rio catequ\u00e9tico adequado\u201d, diz o [&hellip;]<\/p>\n","protected":false},"author":1,"featured_media":49700,"comment_status":"open","ping_status":"closed","sticky":false,"template":"","format":"standard","meta":{"footnotes":""},"categories":[3],"tags":[],"class_list":["post-49699","post","type-post","status-publish","format-standard","has-post-thumbnail","hentry","category-vaticano"],"_links":{"self":[{"href":"https:\/\/catolicanet.net\/wp-cnet\/wp-json\/wp\/v2\/posts\/49699","targetHints":{"allow":["GET"]}}],"collection":[{"href":"https:\/\/catolicanet.net\/wp-cnet\/wp-json\/wp\/v2\/posts"}],"about":[{"href":"https:\/\/catolicanet.net\/wp-cnet\/wp-json\/wp\/v2\/types\/post"}],"author":[{"embeddable":true,"href":"https:\/\/catolicanet.net\/wp-cnet\/wp-json\/wp\/v2\/users\/1"}],"replies":[{"embeddable":true,"href":"https:\/\/catolicanet.net\/wp-cnet\/wp-json\/wp\/v2\/comments?post=49699"}],"version-history":[{"count":1,"href":"https:\/\/catolicanet.net\/wp-cnet\/wp-json\/wp\/v2\/posts\/49699\/revisions"}],"predecessor-version":[{"id":49701,"href":"https:\/\/catolicanet.net\/wp-cnet\/wp-json\/wp\/v2\/posts\/49699\/revisions\/49701"}],"wp:featuredmedia":[{"embeddable":true,"href":"https:\/\/catolicanet.net\/wp-cnet\/wp-json\/wp\/v2\/media\/49700"}],"wp:attachment":[{"href":"https:\/\/catolicanet.net\/wp-cnet\/wp-json\/wp\/v2\/media?parent=49699"}],"wp:term":[{"taxonomy":"category","embeddable":true,"href":"https:\/\/catolicanet.net\/wp-cnet\/wp-json\/wp\/v2\/categories?post=49699"},{"taxonomy":"post_tag","embeddable":true,"href":"https:\/\/catolicanet.net\/wp-cnet\/wp-json\/wp\/v2\/tags?post=49699"}],"curies":[{"name":"wp","href":"https:\/\/api.w.org\/{rel}","templated":true}]}}