{"id":4968,"date":"2014-08-11T13:55:47","date_gmt":"2014-08-11T16:55:47","guid":{"rendered":"http:\/\/catolicanet.net\/wp-cnet\/coreia-os-jovens-que-irao-encontrar-o-papa\/"},"modified":"2017-04-06T11:15:47","modified_gmt":"2017-04-06T14:15:47","slug":"coreia-os-jovens-que-irao-encontrar-o-papa","status":"publish","type":"post","link":"https:\/\/catolicanet.net\/wp-cnet\/coreia-os-jovens-que-irao-encontrar-o-papa\/","title":{"rendered":"Coreia: os jovens que ir\u00e3o encontrar o Papa"},"content":{"rendered":"<p style=\"text-align: justify;\"><img decoding=\"async\" src=\"http:\/\/catolicanet.com.br\/images\/stories\/coreialogo.jpg\" border=\"0\" align=\"left\" \/>Faltam menos de 3 dias para a chegada do Papa Francisco \u00e0 Coreia do Sul. Ser\u00e1 a sua terceira viagem Apost\u00f3lica internacional. Um dos momentos principais desta visita ser\u00e1 o encontro com os jovens asi\u00e1ticos que participam da 6\u00aa Jornada da Juventude Asi\u00e1tica. Sobre a juventude asi\u00e1tica a R\u00e1dio Vaticano conversou com o mission\u00e1rio da Consolata Padre Pedro Louro, que h\u00e1 anos trabalha neste pa\u00eds.<\/p>\n<p>Fonte: R\u00e1dio Vaticano<br \/>Local: Cidade do Vaticano<\/p>\n","protected":false},"excerpt":{"rendered":"<p>Faltam menos de 3 dias para a chegada do Papa Francisco \u00e0 Coreia do Sul. Ser\u00e1 a sua terceira viagem Apost\u00f3lica internacional. Um dos momentos principais desta visita ser\u00e1 o encontro com os jovens asi\u00e1ticos que participam da 6\u00aa Jornada da Juventude Asi\u00e1tica. Sobre a juventude asi\u00e1tica a R\u00e1dio Vaticano conversou com o mission\u00e1rio da [&hellip;]<\/p>\n","protected":false},"author":1,"featured_media":0,"comment_status":"closed","ping_status":"closed","sticky":false,"template":"","format":"standard","meta":{"footnotes":""},"categories":[3],"tags":[],"class_list":["post-4968","post","type-post","status-publish","format-standard","hentry","category-vaticano"],"_links":{"self":[{"href":"https:\/\/catolicanet.net\/wp-cnet\/wp-json\/wp\/v2\/posts\/4968","targetHints":{"allow":["GET"]}}],"collection":[{"href":"https:\/\/catolicanet.net\/wp-cnet\/wp-json\/wp\/v2\/posts"}],"about":[{"href":"https:\/\/catolicanet.net\/wp-cnet\/wp-json\/wp\/v2\/types\/post"}],"author":[{"embeddable":true,"href":"https:\/\/catolicanet.net\/wp-cnet\/wp-json\/wp\/v2\/users\/1"}],"replies":[{"embeddable":true,"href":"https:\/\/catolicanet.net\/wp-cnet\/wp-json\/wp\/v2\/comments?post=4968"}],"version-history":[{"count":1,"href":"https:\/\/catolicanet.net\/wp-cnet\/wp-json\/wp\/v2\/posts\/4968\/revisions"}],"predecessor-version":[{"id":9863,"href":"https:\/\/catolicanet.net\/wp-cnet\/wp-json\/wp\/v2\/posts\/4968\/revisions\/9863"}],"wp:attachment":[{"href":"https:\/\/catolicanet.net\/wp-cnet\/wp-json\/wp\/v2\/media?parent=4968"}],"wp:term":[{"taxonomy":"category","embeddable":true,"href":"https:\/\/catolicanet.net\/wp-cnet\/wp-json\/wp\/v2\/categories?post=4968"},{"taxonomy":"post_tag","embeddable":true,"href":"https:\/\/catolicanet.net\/wp-cnet\/wp-json\/wp\/v2\/tags?post=4968"}],"curies":[{"name":"wp","href":"https:\/\/api.w.org\/{rel}","templated":true}]}}