{"id":4967,"date":"2014-08-11T13:12:22","date_gmt":"2014-08-11T16:12:22","guid":{"rendered":"http:\/\/catolicanet.net\/wp-cnet\/experimentar-deus-nos-conflitos\/"},"modified":"2017-04-06T11:15:28","modified_gmt":"2017-04-06T14:15:28","slug":"experimentar-deus-nos-conflitos","status":"publish","type":"post","link":"https:\/\/catolicanet.net\/wp-cnet\/experimentar-deus-nos-conflitos\/","title":{"rendered":"Experimentar Deus nos conflitos"},"content":{"rendered":"<p style=\"text-align: justify;\">Deus vem ao encontro do homem especialmente nos momentos de necessidade. O Deus dos profetas e de Jesus \u00e9 aquele que toma a defesa dos pobres e dos fracos. Ele n\u00e3o est\u00e1 nos fen\u00f4menos naturais grandiosos e violentos, mas no sopro leve da brisa, como que significando a espiritualidade e intimidade das manifesta\u00e7\u00f5es de Deus ao homem.<br \/>A comunidade crist\u00e3 vive uma exist\u00eancia atormentada pela hostilidade das for\u00e7as adversas, que se manifestam nas persegui\u00e7\u00f5es e dificuldades internas e externas. Unicamente com suas for\u00e7as, ela n\u00e3o chegaria ao fim do caminho. Mas Jesus ressuscitado est\u00e1 presente no meio dos seus; embora invis\u00edvel, ele os assiste.<br \/>A forma como Elias experimenta Deus \u00e9 diferente da de Mois\u00e9s: Jav\u00e9 n\u00e3o est\u00e1 no furac\u00e3o que racha as montanhas e quebra os rochedos, nem no terremoto ou no fogo, elemento extraordin\u00e1rio das manifesta\u00e7\u00f5es de Deus no \u00caxodo, mas no murm\u00fario de uma brisa suave quase impercept\u00edvel.<br \/>Elias tem que fazer uma experi\u00eancia nova de Deus, que n\u00e3o mais se serve dos fen\u00f4menos espetaculares da natureza para se manifestar.<br \/>Elias sente que a experi\u00eancia com Jav\u00e9 \u00e9 totalmente diferente em rela\u00e7\u00e3o \u00e0s anteriores: a majestade de Deus se manifesta nas coisas quase impercept\u00edveis, como a brisa da manh\u00e3. N\u00e3o \u00e9 majestade que apavora e espanta, mas cativa e transmite serenidade. A\u00ed reside a novidade da experi\u00eancia de Deus. Ao faz\u00ea-la percebe-se que s\u00f3 Jav\u00e9 pode ser considerado Deus, pois s\u00f3 Ele \u201cfaz sair\u201d da caverna para a comunh\u00e3o e compromisso com Ele.<br \/>Vento e fogo est\u00e3o associados \u00e0 vida de Elias, homem impetuoso e fogoso por car\u00e1ter. Sua miss\u00e3o anterior e posterior a essa experi\u00eancia o demonstra: era um demolidor.<br \/>Contudo, encontra Deus na solid\u00e3o da montanha e no sil\u00eancio da brisa mansa, longe do tumulto. Ouvindo o vento suave, ele cobre o rosto com o manto, pois a\u00ed percebe a presen\u00e7a de Jav\u00e9.<\/p>\n","protected":false},"excerpt":{"rendered":"<p>Deus vem ao encontro do homem especialmente nos momentos de necessidade. O Deus dos profetas e de Jesus \u00e9 aquele que toma a defesa dos pobres e dos fracos. Ele n\u00e3o est\u00e1 nos fen\u00f4menos naturais grandiosos e violentos, mas no sopro leve da brisa, como que significando a espiritualidade e intimidade das manifesta\u00e7\u00f5es de Deus [&hellip;]<\/p>\n","protected":false},"author":10,"featured_media":0,"comment_status":"closed","ping_status":"closed","sticky":false,"template":"","format":"standard","meta":{"footnotes":""},"categories":[9],"tags":[],"class_list":["post-4967","post","type-post","status-publish","format-standard","hentry","category-artigos"],"_links":{"self":[{"href":"https:\/\/catolicanet.net\/wp-cnet\/wp-json\/wp\/v2\/posts\/4967","targetHints":{"allow":["GET"]}}],"collection":[{"href":"https:\/\/catolicanet.net\/wp-cnet\/wp-json\/wp\/v2\/posts"}],"about":[{"href":"https:\/\/catolicanet.net\/wp-cnet\/wp-json\/wp\/v2\/types\/post"}],"author":[{"embeddable":true,"href":"https:\/\/catolicanet.net\/wp-cnet\/wp-json\/wp\/v2\/users\/10"}],"replies":[{"embeddable":true,"href":"https:\/\/catolicanet.net\/wp-cnet\/wp-json\/wp\/v2\/comments?post=4967"}],"version-history":[{"count":1,"href":"https:\/\/catolicanet.net\/wp-cnet\/wp-json\/wp\/v2\/posts\/4967\/revisions"}],"predecessor-version":[{"id":9862,"href":"https:\/\/catolicanet.net\/wp-cnet\/wp-json\/wp\/v2\/posts\/4967\/revisions\/9862"}],"wp:attachment":[{"href":"https:\/\/catolicanet.net\/wp-cnet\/wp-json\/wp\/v2\/media?parent=4967"}],"wp:term":[{"taxonomy":"category","embeddable":true,"href":"https:\/\/catolicanet.net\/wp-cnet\/wp-json\/wp\/v2\/categories?post=4967"},{"taxonomy":"post_tag","embeddable":true,"href":"https:\/\/catolicanet.net\/wp-cnet\/wp-json\/wp\/v2\/tags?post=4967"}],"curies":[{"name":"wp","href":"https:\/\/api.w.org\/{rel}","templated":true}]}}