{"id":49643,"date":"2019-05-28T08:25:04","date_gmt":"2019-05-28T11:25:04","guid":{"rendered":"http:\/\/catolicanet.net\/wp-cnet\/?p=49643"},"modified":"2019-05-29T08:30:41","modified_gmt":"2019-05-29T11:30:41","slug":"papa-francisco-no-encontro-sim-a-vida-o-aborto-nunca-e-a-resposta-ideal","status":"publish","type":"post","link":"https:\/\/catolicanet.net\/wp-cnet\/papa-francisco-no-encontro-sim-a-vida-o-aborto-nunca-e-a-resposta-ideal\/","title":{"rendered":"Papa Francisco, no encontro \u201cSim \u00e0 vida\u201d: \u201cO aborto nunca \u00e9 a resposta ideal\u201d"},"content":{"rendered":"<p><em><strong>\u201cNenhum ser humano jamais pode ser incompat\u00edvel com a vida, seja pela sua idade, pela sua sa\u00fade e pela qualidade da sua exist\u00eancia. Toda crian\u00e7a, desde o seio da sua m\u00e3e, \u00e9 um dom, que muda a hist\u00f3ria de uma fam\u00edlia. Ela deve ser sempre bem-vinda, amada e cuidada\u201d, disse o papa Francisco durante o Encontro Internacional \u201cSim \u00e0 vida: cuidado com o precioso dom da vida na fragilidade\u201d.<\/strong><\/em><\/p>\n<p>O encontro, promovido pelo Dicast\u00e9rio para os Leigos, a Fam\u00edlia e a Vida e pela Funda\u00e7\u00e3o <em><strong>\u201cO Cora\u00e7\u00e3o em uma gota<\/strong><\/em>\u201d, que acolhe crian\u00e7as rec\u00e9m-nascidas em extrema fragilidade, reuniu cerca de 300 participantes no Vaticano. Entre eles, o assessor da Comiss\u00e3o Episcopal para Vida e a Fam\u00edlia da Confer\u00eancia Nacional dos Bispos do Brasil (CNBB), padre Jorge Alves Filho.<\/p>\n<div id=\"attachment_220583\" class=\"wp-caption alignleft\">\n<p><a href=\"http:\/\/www.cnbb.org.br\/?attachment_id=220583\"><img loading=\"lazy\" decoding=\"async\" class=\"wp-image-220583 \" src=\"http:\/\/www.cnbb.org.br\/wp-content\/uploads\/sites\/32\/2019\/05\/Padre-Jorge-e-o-papa_Vatican-Media-300x199.jpeg\" srcset=\"http:\/\/www.cnbb.org.br\/wp-content\/uploads\/sites\/32\/2019\/05\/Padre-Jorge-e-o-papa_Vatican-Media-300x199.jpeg 300w, http:\/\/www.cnbb.org.br\/wp-content\/uploads\/sites\/32\/2019\/05\/Padre-Jorge-e-o-papa_Vatican-Media.jpeg 700w\" alt=\"\" width=\"371\" height=\"246\" aria-describedby=\"caption-attachment-220583\" \/><\/a><\/p>\n<p id=\"caption-attachment-220583\" class=\"wp-caption-text\"><em>Foto: Vatican media<\/em><\/p>\n<\/div>\n<p><em><strong>\u201cFoi para mim uma demonstra\u00e7\u00e3o de que nossa Comiss\u00e3o Episcopal Pastoral para a Vida e a Fam\u00edlia est\u00e1 em sintonia com o pensamento do Papa Francisco. Em Roma refletimos sobre o sim \u00e0 vida. Apoio \u00e0s fam\u00edlias que enfrentam uma gravidez de crian\u00e7as com alguma doen\u00e7a. Estar diante do Papa \u00e9 poder dizer a ele que trabalho na CNBB, justamente com a Pastoral Familiar, que defende a vida, \u00e9 verdadeiramente uma grande gra\u00e7a\u201d, destacou.<\/strong><\/em><\/p>\n<p>Segundo padre Jorge, \u00e9 sempre bom estar diante de uma pessoa que tem demonstrado como \u00e9 necess\u00e1rio que a Igreja se aproxime mais das pessoas em suas realidades familiares bem-sucedidas, mas principalmente daquelas que s\u00e3o mais fr\u00e1geis. <em><strong>\u201cOnde h\u00e1 uma fam\u00edlia, ali deve estar sempre um agente da Pastoral Familiar, sobretudo, lutando pela defesa da vida\u201d.<\/strong><\/em><\/p>\n<p>Em seu discurso, o papa disse ainda que que as crian\u00e7as, em alguns casos, s\u00e3o definidas pela cultura do descarte como incompat\u00edveis com a vida.<em><strong> \u201cNenhum ser humano jamais pode ser incompat\u00edvel com a vida, seja pela sua idade, pela sua sa\u00fade e pela qualidade da sua exist\u00eancia. Toda crian\u00e7a, desde o seio da sua m\u00e3e, \u00e9 um dom, que muda a hist\u00f3ria de uma fam\u00edlia. Ela deve ser sempre bem-vinda, amada e cuidada\u201d, destacou.<\/strong><\/em><\/p>\n<p>Segundo o Pont\u00edfice, quando uma mulher descobre que est\u00e1 esperando um filho, sente a profunda sensa\u00e7\u00e3o de um mist\u00e9rio, que cresce dentro de si, permeia todo o seu ser e a torna m\u00e3e. Entre ela e a crian\u00e7a, Francisco afirma que instaura-se um intenso di\u00e1logo, uma rela\u00e7\u00e3o real desde o momento da concep\u00e7\u00e3o.<\/p>\n<div id=\"attachment_220584\" class=\"wp-caption alignright\">\n<p><a href=\"http:\/\/www.cnbb.org.br\/?attachment_id=220584\"><img loading=\"lazy\" decoding=\"async\" class=\"wp-image-220584 \" src=\"http:\/\/www.cnbb.org.br\/wp-content\/uploads\/sites\/32\/2019\/05\/cq5dam.thumbnail.cropped.1000.563-1-1-300x169.jpeg\" srcset=\"http:\/\/www.cnbb.org.br\/wp-content\/uploads\/sites\/32\/2019\/05\/cq5dam.thumbnail.cropped.1000.563-1-1-300x169.jpeg 300w, http:\/\/www.cnbb.org.br\/wp-content\/uploads\/sites\/32\/2019\/05\/cq5dam.thumbnail.cropped.1000.563-1-1-768x432.jpeg 768w, http:\/\/www.cnbb.org.br\/wp-content\/uploads\/sites\/32\/2019\/05\/cq5dam.thumbnail.cropped.1000.563-1-1.jpeg 1000w\" alt=\"\" width=\"405\" height=\"228\" aria-describedby=\"caption-attachment-220584\" \/><\/a><\/p>\n<p id=\"caption-attachment-220584\" class=\"wp-caption-text\"><em>Foto: Vativan Media<\/em><\/p>\n<\/div>\n<p><em><strong>\u201cEsta capacidade comunicativa n\u00e3o \u00e9 s\u00f3 da mulher, mas, sobretudo, da crian\u00e7a, que, em sua individualidade, envia sinais da sua presen\u00e7a e das suas necessidades \u00e0 m\u00e3e. Hoje, as t\u00e9cnicas modernas fazem um diagn\u00f3stico pr\u00e9-natal, prevendo malforma\u00e7\u00f5es e patologias, que poderiam comprometer a vida da crian\u00e7a e a serenidade da mulher\u201d, explicou o Papa, que prosseguiu alertando: \u201cA autenticidade da sua evolu\u00e7\u00e3o \u00e9 muito subjetiva e, eventualmente, pode ser resolvida com as devidas terapias. Por isso, os m\u00e9dicos jamais devem esquecer o valor sagrado da vida humana e a sua prote\u00e7\u00e3o\u201d.<\/strong><\/em><\/p>\n<p>Aos m\u00e9dicos, o Santo Padre revelou: <em><strong>\u201cA profiss\u00e3o do m\u00e9dico \u00e9 uma miss\u00e3o, uma voca\u00e7\u00e3o para a vida. Eles devem estar conscientes de que s\u00e3o um dom para as fam\u00edlias. Por isso, devem assumir a vida dos outros, enfrentar a sua dor; serem capazes de tranquilizar e encontrar solu\u00e7\u00f5es sempre no respeito da dignidade da vida humana\u201d.<\/strong><\/em><\/p>\n<p>Ao cuidar das crian\u00e7as terminais, Francisco comentou que os m\u00e9dicos devem ajudar os pais a aceitarem a realidade e a aliviar sua dor. <strong><em>\u201cInfelizmente, a cultura dominante, hoje, n\u00e3o promove este aspecto. Em n\u00edvel social, o temor e a hostilidade, diante da defici\u00eancia f\u00edsica, podem levar, muitas vezes, \u00e0 escolha do aborto, como pr\u00e1tica de \u2018preven\u00e7\u00e3o\u2019\u201d<\/em><\/strong>, completou o Pont\u00edfice que recordou o ensinamento da Igreja:<\/p>\n<p><em><strong>\u201cA vida humana \u00e9 sagrada e inviol\u00e1vel e o uso da diagnose pr\u00e9-natal, para prop\u00f3sitos seletivos, deve ser fortemente desencorajado. O aborto nunca \u00e9 a resposta ideal que as mulheres e as fam\u00edlias buscam. Neste sentido, as a\u00e7\u00f5es pastorais s\u00e3o sempre urgentes e necess\u00e1rias para criar espa\u00e7os, lugares e \u2018redes de amor\u2019, aos quais os casais podem se dirigir, al\u00e9m de dedicar tempo para acompanhar as fam\u00edlias\u201d.<\/strong><\/em><\/p>\n<p>O Santo Padre concluiu seu discurso aos participantes no encontro internacional, agradecendo a todos os que trabalham para a defesa da vida, em particular, \u00e0s fam\u00edlias, m\u00e3es e pais, que acolheram a vida fr\u00e1gil e, agora, s\u00e3o solid\u00e1rios e ajudam outras fam\u00edlias. <em><strong>\u201cSeu testemunho de amor \u00e9 um presente para o mundo!\u201d<\/strong><\/em>, encerrou.<\/p>\n<h5><em><strong>Com informa\u00e7\u00f5es do Vatican News<\/strong><\/em><\/h5>\n","protected":false},"excerpt":{"rendered":"<p>\u201cNenhum ser humano jamais pode ser incompat\u00edvel com a vida, seja pela sua idade, pela sua sa\u00fade e pela qualidade da sua exist\u00eancia. Toda crian\u00e7a, desde o seio da sua m\u00e3e, \u00e9 um dom, que muda a hist\u00f3ria de uma fam\u00edlia. Ela deve ser sempre bem-vinda, amada e cuidada\u201d, disse o papa Francisco durante o [&hellip;]<\/p>\n","protected":false},"author":1,"featured_media":49644,"comment_status":"open","ping_status":"closed","sticky":false,"template":"","format":"standard","meta":{"footnotes":""},"categories":[13],"tags":[],"class_list":["post-49643","post","type-post","status-publish","format-standard","has-post-thumbnail","hentry","category-featured"],"_links":{"self":[{"href":"https:\/\/catolicanet.net\/wp-cnet\/wp-json\/wp\/v2\/posts\/49643","targetHints":{"allow":["GET"]}}],"collection":[{"href":"https:\/\/catolicanet.net\/wp-cnet\/wp-json\/wp\/v2\/posts"}],"about":[{"href":"https:\/\/catolicanet.net\/wp-cnet\/wp-json\/wp\/v2\/types\/post"}],"author":[{"embeddable":true,"href":"https:\/\/catolicanet.net\/wp-cnet\/wp-json\/wp\/v2\/users\/1"}],"replies":[{"embeddable":true,"href":"https:\/\/catolicanet.net\/wp-cnet\/wp-json\/wp\/v2\/comments?post=49643"}],"version-history":[{"count":2,"href":"https:\/\/catolicanet.net\/wp-cnet\/wp-json\/wp\/v2\/posts\/49643\/revisions"}],"predecessor-version":[{"id":49646,"href":"https:\/\/catolicanet.net\/wp-cnet\/wp-json\/wp\/v2\/posts\/49643\/revisions\/49646"}],"wp:featuredmedia":[{"embeddable":true,"href":"https:\/\/catolicanet.net\/wp-cnet\/wp-json\/wp\/v2\/media\/49644"}],"wp:attachment":[{"href":"https:\/\/catolicanet.net\/wp-cnet\/wp-json\/wp\/v2\/media?parent=49643"}],"wp:term":[{"taxonomy":"category","embeddable":true,"href":"https:\/\/catolicanet.net\/wp-cnet\/wp-json\/wp\/v2\/categories?post=49643"},{"taxonomy":"post_tag","embeddable":true,"href":"https:\/\/catolicanet.net\/wp-cnet\/wp-json\/wp\/v2\/tags?post=49643"}],"curies":[{"name":"wp","href":"https:\/\/api.w.org\/{rel}","templated":true}]}}