{"id":4963,"date":"2014-08-11T13:04:56","date_gmt":"2014-08-11T16:04:56","guid":{"rendered":"http:\/\/catolicanet.net\/wp-cnet\/filhos-o-futuro\/"},"modified":"2017-04-06T11:13:34","modified_gmt":"2017-04-06T14:13:34","slug":"filhos-o-futuro","status":"publish","type":"post","link":"https:\/\/catolicanet.net\/wp-cnet\/filhos-o-futuro\/","title":{"rendered":"Filhos: o futuro"},"content":{"rendered":"<p style=\"text-align: justify;\">Nesta Semana Nacional da Fam\u00edlia, em que a espiritualidade se coloca como imperativo para que se possa ser sinal de tempos novos neste mundo, e a fam\u00edlia crist\u00e3 seja uma proposta feliz para a sociedade \u00e9 bom refletir sobre a beleza e a import\u00e2ncia dos filhos e a busca de educ\u00e1-los como crist\u00e3os.<br \/>A vida humana tem tr\u00eas grandes est\u00e1gios. O primeiro est\u00e1gio \u00e9 no \u00fatero da m\u00e3e, o segundo est\u00e1gio \u00e9 a vida humana neste mundo e o terceiro est\u00e1gio \u00e9 a vida eterna. Os tr\u00eas est\u00e1gios est\u00e3o intrinsecamente ligados entre si. A Biologia esclarece que o embri\u00e3o humano j\u00e1 disp\u00f5e de um sistema imunol\u00f3gico e patrim\u00f4nio gen\u00e9tico pr\u00f3prio. Este ser humano possui o direito de ser respeitado na sua integridade e dignidade como a de qualquer pessoa j\u00e1 nascida. O dia do nascituro nos lembra que os filhos s\u00e3o dons preciosos de Deus e que a gera\u00e7\u00e3o de filhos \u00e9 uma das finalidades do Matrim\u00f4nio. O filho \u00e9 reflexo vivo do amor e sinal permanente da unidade conjugal. Na verdade, os filhos s\u00e3o testemunhas vivas do encontro amoroso do casal e profetas de um mundo que se renova na continuidade da vida e da obra criadora de Deus. <br \/>As crian\u00e7as s\u00e3o sinais de que Deus n\u00e3o perdeu a esperan\u00e7a na humanidade. As crian\u00e7as, al\u00e9m de serem os art\u00edfices do futuro, s\u00e3o continuidades da vida dos Pais e de toda a humanidade. Portanto, elas s\u00e3o as grandes motiva\u00e7\u00f5es das fam\u00edlias. A Igreja louva e glorifica a Deus, e se encanta com os avan\u00e7os e as maravilhas das conquistas cient\u00edficas. Entretanto, o que a Igreja espera \u00e9 que todas as buscas do homem, no campo cient\u00edfico, sejam feitas \u00e0 luz da \u00e9tica da vida, do respeito pela sacralidade e inviolabilidade da vida humana. A bio\u00e9tica, uma ci\u00eancia relativamente nova, desencadeou no mundo, sobretudo na comunidade cientifica, um processo de reflex\u00e3o sobre os limites e balizamentos \u00e9ticos da Ci\u00eancia.<br \/> A bio\u00e9tica, de cunho personalista, que \u00e9 a corrente adotada pela Igreja, tem como objetivo indicar os limites e as finalidades da interven\u00e7\u00e3o do homem sobre a vida humana. \u00c9 uma nova disciplina, que combina o conhecimento biol\u00f3gico (cient\u00edfico) com o conhecimento dos valores humanos. Podemos afirmar: uma \u201cponte\u201d entre duas culturas: a cient\u00edfica e a human\u00edstica. E o princ\u00edpio fundamental da bio\u00e9tica personalista \u00e9 o princ\u00edpio da defesa da vida f\u00edsica como valor fundamental, o qual ressalta a sacralidade e a inviolabilidade da vida humana. <\/p>\n<p>O respeito pela vida, a sua defesa e a sua promo\u00e7\u00e3o representam o primeiro imperativo \u00e9tico do homem diante de si mesmo e dos outros. \u00c9 muito oportuno ouvir as palavras do Ap\u00f3stolo Paulo: \u201cN\u00e3o vos conformeis com este mundo\u201d (Rom.12,2). A Igreja n\u00e3o deve concordar com tudo o que hoje se sustenta em nome do cientificismo.\u00a0 Somos a Igreja do \u201cSim\u201d. Sim ao direito de nascer e viver com dignidade! Sim ao direito de ser original e irrepet\u00edvel! Sim \u00e0 vida de todos, em todas as suas formas e manifesta\u00e7\u00f5es! Sim \u00e0s pesquisas levadas adiante com seriedade e serenidade, sem sensacionalismo e v\u00e3s promessas! Sim \u00e0 pesquisa com c\u00e9lulas adultas (n\u00e3o embri\u00f5es!) visando \u00e0 terapia e respeitando as normas \u00e9ticas! Sim aos empenhos da ci\u00eancia por minorar os sofrimentos, inclusive de doen\u00e7as de cunho gen\u00e9tico, mas sem esconder o mist\u00e9rio do sofrimento e da cruz como caminhos de crescimento humano! Sim \u00e0s infinitas manifesta\u00e7\u00f5es dos milagres da vida! Sim para que os pais n\u00e3o se fechem a gerarem filhos para que a humanidade tenha continuidade! <br \/>Recordo tamb\u00e9m das palavras de Madre Tereza de Calcut\u00e1: \u201cSe aceitamos que uma m\u00e3e pode matar sua crian\u00e7a, como podemos dizer para outras pessoas que n\u00e3o matem uns aos outros?\u201d. Pensei muito nisso quando vimos nos notici\u00e1rios quantas crian\u00e7as mortas nos combates violentos. E, outro pensamento de Santa Gianna Beretta Molla (It\u00e1lia): \u201cEntre a minha vida e a do meu filho, salvem a crian\u00e7a\u201d. Por isso, amemos a vida e digamos \u201cN\u00e3o ao aborto!\u201d A humanidade j\u00e1 est\u00e1 pagando muito caro pela op\u00e7\u00e3o de n\u00e3o respeitar a vida! Al\u00e9m do envelhecimento do Ocidente, a falta de respeito \u00e0 vida em todas as demais circunst\u00e2ncias, longe e perto de n\u00f3s. E para que a vida seja protegida, necessitamos da fam\u00edlia, que \u00e9 a base e protetora da vida humana, e, tamb\u00e9m, fonte de paz, alegria, felicidade e serenidade pessoal.<br \/> Disse ainda o Papa S\u00e3o Jo\u00e3o Paulo II: \u201cA tarefa fundamental da fam\u00edlia \u00e9 o servi\u00e7o \u00e0 vida. \u00c9 realizar, na hist\u00f3ria, a b\u00ean\u00e7\u00e3o origin\u00e1ria do Criador, transmitindo a imagem divina pela gera\u00e7\u00e3o de homem a homem. Fecundidade \u00e9 o fruto e o sinal do amor conjugal, o testemunho vivo da plena doa\u00e7\u00e3o rec\u00edproca dos esposos\u201d (Familiaris Consortio, 28).<br \/>Todos esses ensinamentos nos levam ao que a Igreja afirma constantemente: \u201cO amor conjugal deve ser plenamente humano, exclusivo e aberto \u00e0 nova vida\u201d (GS,50; HV,11; FC,29). A situa\u00e7\u00e3o social e cultural dos nossos tempos dificulta a compreens\u00e3o dessa verdade. A comunica\u00e7\u00e3o contr\u00e1ria \u00e0 vida procura enganar e seduzir, a cada momento, o povo, que continua firme em valorizar a vida. Vale a pena reler o que disse o Papa S\u00e3o Jo\u00e3o Paulo II sobre isso:<br \/>\u201cAlguns se perguntam se viver \u00e9 bom ou se n\u00e3o teria sido melhor nem sequer ter nascido. Outros pensam que s\u00e3o os \u00fanicos destinat\u00e1rios da t\u00e9cnica e excluem os demais, impondo-lhes meios contraceptivos ou t\u00e9cnicas ainda piores. Nasceu, assim, uma mentalidade contra a vida (\u201canti-life mentality\u201d), como emerge de muitas quest\u00f5es atuais. Pense-se, por exemplo, num certo p\u00e2nico derivado dos estudos dos ec\u00f3logos e dos futur\u00f3logos sobre a demografia, que exageram, \u00e0s vezes, o perigo do incremento demogr\u00e1fico para a qualidade da vida. Mas a Igreja cr\u00ea, firmemente, que a vida humana, mesmo se d\u00e9bil e com sofrimento, \u00e9 sempre um espl\u00eandido dom do Deus da bondade. Contra o pessimismo e o ego\u00edsmo que obscurecem o mundo, a Igreja est\u00e1 do lado da vida\u201d (Familiaris Cons\u00f3rtio, 30).<br \/>Infelizmente, os pais de hoje se recusam a ter filhos. Eu pergunto: sem filhos, como caminhar\u00e1 a humanidade? Muitos t\u00eam medo de n\u00e3o educar bem os filhos, pois eu lhes digo que com Deus \u00e9 poss\u00edvel educ\u00e1-los; basta que o casal se ame, crie um lar saud\u00e1vel e viva para os filhos com todas as suas for\u00e7as e com toda dedica\u00e7\u00e3o. Muitas vezes eu me pergunto como meus pais conseguiram nos educar a todos, e hoje as coisas aparentam t\u00e3o dif\u00edceis? Ser\u00e3o situa\u00e7\u00f5es criadas para dificultar ou mentalidade que nos s\u00e3o impostas? E, na cria\u00e7\u00e3o dos filhos, a educa\u00e7\u00e3o cat\u00f3lica deve ser dada primeiramente pelo testemunho pastoral dos pais e av\u00f3s. O resto, Deus e eles far\u00e3o. Fa\u00e7a do seu filho um homem de bem e eduque-o na f\u00e9 para a santidade, depois ele saber\u00e1 enfrentar o futuro.<\/p>\n","protected":false},"excerpt":{"rendered":"<p>Nesta Semana Nacional da Fam\u00edlia, em que a espiritualidade se coloca como imperativo para que se possa ser sinal de tempos novos neste mundo, e a fam\u00edlia crist\u00e3 seja uma proposta feliz para a sociedade \u00e9 bom refletir sobre a beleza e a import\u00e2ncia dos filhos e a busca de educ\u00e1-los como crist\u00e3os.A vida humana [&hellip;]<\/p>\n","protected":false},"author":5,"featured_media":0,"comment_status":"closed","ping_status":"closed","sticky":false,"template":"","format":"standard","meta":{"footnotes":""},"categories":[9],"tags":[],"class_list":["post-4963","post","type-post","status-publish","format-standard","hentry","category-artigos"],"_links":{"self":[{"href":"https:\/\/catolicanet.net\/wp-cnet\/wp-json\/wp\/v2\/posts\/4963","targetHints":{"allow":["GET"]}}],"collection":[{"href":"https:\/\/catolicanet.net\/wp-cnet\/wp-json\/wp\/v2\/posts"}],"about":[{"href":"https:\/\/catolicanet.net\/wp-cnet\/wp-json\/wp\/v2\/types\/post"}],"author":[{"embeddable":true,"href":"https:\/\/catolicanet.net\/wp-cnet\/wp-json\/wp\/v2\/users\/5"}],"replies":[{"embeddable":true,"href":"https:\/\/catolicanet.net\/wp-cnet\/wp-json\/wp\/v2\/comments?post=4963"}],"version-history":[{"count":1,"href":"https:\/\/catolicanet.net\/wp-cnet\/wp-json\/wp\/v2\/posts\/4963\/revisions"}],"predecessor-version":[{"id":9859,"href":"https:\/\/catolicanet.net\/wp-cnet\/wp-json\/wp\/v2\/posts\/4963\/revisions\/9859"}],"wp:attachment":[{"href":"https:\/\/catolicanet.net\/wp-cnet\/wp-json\/wp\/v2\/media?parent=4963"}],"wp:term":[{"taxonomy":"category","embeddable":true,"href":"https:\/\/catolicanet.net\/wp-cnet\/wp-json\/wp\/v2\/categories?post=4963"},{"taxonomy":"post_tag","embeddable":true,"href":"https:\/\/catolicanet.net\/wp-cnet\/wp-json\/wp\/v2\/tags?post=4963"}],"curies":[{"name":"wp","href":"https:\/\/api.w.org\/{rel}","templated":true}]}}