{"id":49629,"date":"2019-05-28T13:33:54","date_gmt":"2019-05-28T16:33:54","guid":{"rendered":"http:\/\/catolicanet.net\/wp-cnet\/?p=49629"},"modified":"2019-05-28T13:33:54","modified_gmt":"2019-05-28T16:33:54","slug":"igreja-jovens-e-essencial-reforcar-a-dinamica-de-uma-igreja-presente-e-a-escuta-d-americo-aguiar","status":"publish","type":"post","link":"https:\/\/catolicanet.net\/wp-cnet\/igreja-jovens-e-essencial-reforcar-a-dinamica-de-uma-igreja-presente-e-a-escuta-d-americo-aguiar\/","title":{"rendered":"Igreja\/jovens: \u00c9 essencial refor\u00e7ar a din\u00e2mica de uma \u00abIgreja presente e \u00e0 escuta\u00bb \u2013 D. Am\u00e9rico Aguiar"},"content":{"rendered":"<p><em>Bispo auxiliar de Lisboa participou nas confer\u00eancias de maio do Centro de Reflex\u00e3o Crist\u00e3 e refor\u00e7ou import\u00e2ncia da JMJ 2022 que vai ter lugar em Portugal<\/em><\/p>\n<p>Lisboa, 28 mai 2019 (Ecclesia) \u2013 O Centro de Reflex\u00e3o Crist\u00e3 encerrou este domingo um ciclo de confer\u00eancias de maio com a abordagem ao tema \u2018Os jovens descobrem Deus\u2019, no Centro Nacional de Cultura, em Lisboa.<\/p>\n<p>A iniciativa contou com a participa\u00e7\u00e3o de D. Am\u00e9rico Aguiar, bispo auxiliar de Lisboa que est\u00e1 envolvido na organiza\u00e7\u00e3o da pr\u00f3xima Jornada Mundial da Juventude, que vai ter lugar em 2022 na capital portuguesa.<\/p>\n<p>Para aquele respons\u00e1vel, \u00e9 essencial \u201calargar as realidades onde os jovens aderem\u201d \u00e0 Igreja Cat\u00f3lica, seja a partir de iniciativas mais globais como as JMJ seja atrav\u00e9s do exemplo de outras realidades ou projetos, como \u201cos escuteiros\u201d ou a \u201cMiss\u00e3o Pa\u00eds\u201d.<\/p>\n<p>\u201cN\u00e3o s\u00e3o os jovens que tem de se encaixar, mas sim n\u00f3s que temos de nos adaptar\u201d, frisou D. Am\u00e9rico Aguiar que, citado pelo portal Educris, destacou o protagonismo que cada vez mais os jovens querem assumir na sociedade, com um olhar sobre as \u00faltimas elei\u00e7\u00f5es europeias.<\/p>\n<p>\u201cAinda havemos de ver se os mais novos exerceram agora ou n\u00e3o o direito de voto. Estou convencido que o voto verde seja ligado aos jovens e \u00e9 bom que assim seja\u201d, sustentou.<\/p>\n<p>Sobre a organiza\u00e7\u00e3o da JMJ 2022 em Portugal, o bispo auxiliar de Lisboa sublinhou este evento como uma oportunidade privilegiada para chegar aos mais novos e refor\u00e7ar a proximidade da Igreja Cat\u00f3lica junto deles.<\/p>\n<p>\u201cNas JMJ vemos centenas de milhares de jovens t\u00e3o diferentes onde o essencial da viv\u00eancia cultural est\u00e1 presente e onde sentem que naquele momento a Igreja est\u00e1 presente e \u00e0 escuta para eles\u201d, frisou D. Am\u00e9rico Aguiar, para quem \u00e9 esta atitude atenta que deve caraterizar sempre a rela\u00e7\u00e3o com os jovens.<\/p>\n<p>\u201cTemos de garantir a aten\u00e7\u00e3o ao outro, \u00e0 pessoa. Os jovens s\u00e3o sens\u00edveis a isso, \u00e0 aten\u00e7\u00e3o da Pessoa. Quando mostramos que ser crist\u00e3o \u00e9 isso conseguimos cativar e eles conseguem descobrir Deus\u201d, completou.<\/p>\n<p>No encerramento do ciclo de confer\u00eancias de maio do Centro de Reflex\u00e3o Crist\u00e3 participaram tamb\u00e9m o antrop\u00f3logo Alfredo Teixeira e o arquiteto e m\u00fasico Jo\u00e3o Val\u00e9rio, numa mesa moderada por Guilherme d\u2019Oliveira Martins, administrador da funda\u00e7\u00e3o Calouste Gulbenkian.<\/p>\n<p>Segundo Alfredo Teixeira, o discurso da Igreja Cat\u00f3lica sobre os jovens cai por vezes no espa\u00e7o da \u201cfic\u00e7\u00e3o\u201d porque n\u00e3o consegue chegar ao \u201cmodo como os jovens vivem e habitam a experi\u00eancia humana\u201d.<\/p>\n<p>\u201cFalar de Jesus Cristo \u00e9 falar da hospitalidade que se diz nos gestos de Jesus a que eles s\u00e3o sens\u00edveis. N\u00e3o o Deus do pai tutelar, mas sim o do Deus amigo. A amizade \u00e9 lugar privilegiado de descoberta do mundo para os mais novos\u201d, explicitou o professor da Universidade Cat\u00f3lica Portuguesa.<\/p>\n<p>Jo\u00e3o Val\u00e9rio desafiou por sua vez os participantes da confer\u00eancia a olharem para o tema proposto a partir da forma negativa, \u2018Os jovens n\u00e3o descobrem Deus\u2019, para real\u00e7ar a urg\u00eancia de ir n\u00e3o s\u00f3 ao encontro dos jovens que est\u00e3o fora da Igreja mas tamb\u00e9m daqueles que \u201cest\u00e3o dentro e que n\u00e3o encontram a\u00ed respostas s\u00f3lidas \u00e0s suas quest\u00f5es\u201d.<\/p>\n<p>\u00c9 essencial, neste mundo \u201cacelerado\u201d, proporcionar aos mais novos \u201cespa\u00e7os e tempos de sil\u00eancio, de verdadeiro encontro com Deus, os outros e consigo pr\u00f3prio\u201d, para que eles \u201cpossam encontrar Cristo para l\u00e1 das apar\u00eancias que n\u00e3o lhes permite um acesso ao transcendente\u201d, completou.<\/p>\n<p>O Centro de Reflex\u00e3o Crist\u00e3 assume-se como um espa\u00e7o de \u201cdi\u00e1logo entre crist\u00e3os de diferentes sensibilidades\u201d proporcionando tamb\u00e9m o encontro entre \u201ccrist\u00e3os e n\u00e3o crist\u00e3os\u201d.<\/p>\n","protected":false},"excerpt":{"rendered":"<p>Bispo auxiliar de Lisboa participou nas confer\u00eancias de maio do Centro de Reflex\u00e3o Crist\u00e3 e refor\u00e7ou import\u00e2ncia da JMJ 2022 que vai ter lugar em Portugal Lisboa, 28 mai 2019 (Ecclesia) \u2013 O Centro de Reflex\u00e3o Crist\u00e3 encerrou este domingo um ciclo de confer\u00eancias de maio com a abordagem ao tema \u2018Os jovens descobrem Deus\u2019, [&hellip;]<\/p>\n","protected":false},"author":1,"featured_media":49630,"comment_status":"open","ping_status":"closed","sticky":false,"template":"","format":"standard","meta":{"footnotes":""},"categories":[4],"tags":[],"class_list":["post-49629","post","type-post","status-publish","format-standard","has-post-thumbnail","hentry","category-cotidiano"],"_links":{"self":[{"href":"https:\/\/catolicanet.net\/wp-cnet\/wp-json\/wp\/v2\/posts\/49629","targetHints":{"allow":["GET"]}}],"collection":[{"href":"https:\/\/catolicanet.net\/wp-cnet\/wp-json\/wp\/v2\/posts"}],"about":[{"href":"https:\/\/catolicanet.net\/wp-cnet\/wp-json\/wp\/v2\/types\/post"}],"author":[{"embeddable":true,"href":"https:\/\/catolicanet.net\/wp-cnet\/wp-json\/wp\/v2\/users\/1"}],"replies":[{"embeddable":true,"href":"https:\/\/catolicanet.net\/wp-cnet\/wp-json\/wp\/v2\/comments?post=49629"}],"version-history":[{"count":1,"href":"https:\/\/catolicanet.net\/wp-cnet\/wp-json\/wp\/v2\/posts\/49629\/revisions"}],"predecessor-version":[{"id":49631,"href":"https:\/\/catolicanet.net\/wp-cnet\/wp-json\/wp\/v2\/posts\/49629\/revisions\/49631"}],"wp:featuredmedia":[{"embeddable":true,"href":"https:\/\/catolicanet.net\/wp-cnet\/wp-json\/wp\/v2\/media\/49630"}],"wp:attachment":[{"href":"https:\/\/catolicanet.net\/wp-cnet\/wp-json\/wp\/v2\/media?parent=49629"}],"wp:term":[{"taxonomy":"category","embeddable":true,"href":"https:\/\/catolicanet.net\/wp-cnet\/wp-json\/wp\/v2\/categories?post=49629"},{"taxonomy":"post_tag","embeddable":true,"href":"https:\/\/catolicanet.net\/wp-cnet\/wp-json\/wp\/v2\/tags?post=49629"}],"curies":[{"name":"wp","href":"https:\/\/api.w.org\/{rel}","templated":true}]}}