{"id":49594,"date":"2019-05-28T09:42:32","date_gmt":"2019-05-28T12:42:32","guid":{"rendered":"http:\/\/catolicanet.net\/wp-cnet\/?p=49594"},"modified":"2019-05-28T09:42:32","modified_gmt":"2019-05-28T12:42:32","slug":"por-que-o-caso-de-schumacher-e-vincent-lambert-sao-tratados-de-maneira-distinta-arcebispo-responde","status":"publish","type":"post","link":"https:\/\/catolicanet.net\/wp-cnet\/por-que-o-caso-de-schumacher-e-vincent-lambert-sao-tratados-de-maneira-distinta-arcebispo-responde\/","title":{"rendered":"Por que o caso de Schumacher e Vincent Lambert s\u00e3o tratados de maneira distinta? Arcebispo responde"},"content":{"rendered":"<p>O Arcebispo de Paris (Fran\u00e7a), Dom Michel Aupetit, lembrou que Vincent Lambert e o ex-piloto de F\u00f3rmula 1, Michael Schumacher, enfrentam a mesma situa\u00e7\u00e3o, mas s\u00e3o tratados de maneira distinta, por isso destacou que estamos diante de uma \u201cescolha decisiva: a civiliza\u00e7\u00e3o do descarte ou a civiliza\u00e7\u00e3o do amor\u201d.<\/p>\n<p>Dom Michel Aupetit falou sobre a situa\u00e7\u00e3o de Vincent Lambert, um franc\u00eas, de 42 anos, que ficou tetrapl\u00e9gico ap\u00f3s um acidente de moto em 2008. V\u00e1rias vezes tentaram deix\u00e1-lo morrer, retirando-lhe os aparelhos que fornecem alimenta\u00e7\u00e3o e hidrata\u00e7\u00e3o, a \u00faltima vez foi no dia 20 de maio.<\/p>\n<p>O Arcebispo descreveu a situa\u00e7\u00e3o de Lambert como &#8220;um caso particular e emblem\u00e1tico&#8221; e assegurou que reza por ele, j\u00e1 que sua vida depende de decis\u00f5es que n\u00e3o est\u00e3o em suas m\u00e3os.<\/p>\n<p>&#8220;H\u00e1 alguns anos, j\u00e1 havia passado por uma suspens\u00e3o de alimenta\u00e7\u00e3o e hidrata\u00e7\u00e3o, mas sobreviveu de maneira surpreendente&#8221;, relatou o Prelado.<\/p>\n<p>Dom Aupetit explicou que Lambert &#8220;est\u00e1 atualmente com uma defici\u00eancia grave, tetrapl\u00e9gico e totalmente dependente em uma cama do Hospital Universit\u00e1rio de Reims&#8221;. Este caso \u00e9 muito semelhante ao de Michael Schumacher, que tamb\u00e9m sofreu traumatismo craniano e v\u00e1rias les\u00f5es cerebrais.<\/p>\n<p>O traumatismo e les\u00f5es cerebrais foram provocados \u200b\u200bpor uma queda em 29 de dezembro de 2013, quando estava esquiando nos Alpes franceses. Desde ent\u00e3o, o ex-piloto est\u00e1 em casa. Seu progn\u00f3stico \u00e9 reservado j\u00e1 que sua fam\u00edlia pediu que sua privacidade seja respeitada.<\/p>\n<p>&#8220;Apesar da fama deste campe\u00e3o de F\u00f3rmula 1, os meios de comunica\u00e7\u00e3o n\u00e3o aproveitaram seu caso m\u00e9dico e pode desfrutar de um atendimento altamente especializado em um ambiente privado. No caso de Vincent Lambert, vemos que seus olhos est\u00e3o abertos, respira normalmente e que est\u00e1 est\u00e1vel, e n\u00e3o no final de sua vida&#8221;, destaca o Arcebispo de Paris.<\/p>\n<p>Por isso, recorda que a decis\u00e3o de interromper a aten\u00e7\u00e3o b\u00e1sica a Lambert vai contra a lei Leonetti, aprovada em 2005 e que previa um importante desenvolvimento dos cuidados paliativos. Al\u00e9m disso, n\u00e3o autorizava a eutan\u00e1sia, nem o suic\u00eddio assistido, mas estabelecia o direito \u00e0 seda\u00e7\u00e3o profunda e cont\u00ednua at\u00e9 a morte para pacientes terminais.<\/p>\n<p>Nesse sentido, Dom Aupetit destacou que Lambert n\u00e3o padece de um &#8220;sofrimento insuport\u00e1vel que requeira seda\u00e7\u00e3o profunda, exceto, obviamente, no caso de que os m\u00e9dicos retirem dele a hidrata\u00e7\u00e3o, o que lhe causaria a dor cruel de morrer de sede. Isso n\u00e3o \u00e9 uma \u2018obstina\u00e7\u00e3o terap\u00eautica\u2019, j\u00e1 que n\u00e3o \u00e9 um cuidado curativo para uma doen\u00e7a incur\u00e1vel, mas simplesmente um cuidado corporal e nutricional b\u00e1sico que tamb\u00e9m \u00e9 feito com os idosos dependentes, hemipl\u00e9gicos e beb\u00eas que ainda n\u00e3o s\u00e3o independentes\u201d.<\/p>\n<p>O Prelado recordou que citam com frequ\u00eancia os pa\u00edses chamados \u201cmenos \u00e9ticos\u201d, como a B\u00e9lgica e os Pa\u00edses Baixos, onde assegura que h\u00e1 uma \u201canestesia total de consci\u00eancia\u201d; e por isso anima a imitarem o exemplo de outros pa\u00edses que sim t\u00eam maior sensibilidade e consci\u00eancia em rela\u00e7\u00e3o a estes temas, como a Alemanha e a It\u00e1lia.<\/p>\n<p>&#8220;Hoje existe uma escolha muito clara da civiliza\u00e7\u00e3o: ou consideramos os seres humanos como rob\u00f4s funcionais que podem ser removidos ou descartados quando n\u00e3o forem mais \u00fateis, ou consideramos que a pureza da humanidade n\u00e3o se baseia na utilidade de uma vida, mas na qualidade das rela\u00e7\u00f5es entre as pessoas que revelam o amor\u201d, afirmou.<\/p>\n<p>Tamb\u00e9m alertou que estamos diante de uma &#8220;escolha decisiva: a civiliza\u00e7\u00e3o do descarte ou a civiliza\u00e7\u00e3o do amor&#8221; e explicou que &#8220;Cristo nos revelou a \u00fanica maneira de crescer em humanidade: \u2018amai-vos uns aos outros, como eu vos amo&#8217;. E Ele nos deu a \u00fanica maneira de expressar esse amor: \u2018Ningu\u00e9m tem maior amor do que aquele que d\u00e1 a sua vida por seus amigos\u2019&#8221;.<\/p>\n","protected":false},"excerpt":{"rendered":"<p>O Arcebispo de Paris (Fran\u00e7a), Dom Michel Aupetit, lembrou que Vincent Lambert e o ex-piloto de F\u00f3rmula 1, Michael Schumacher, enfrentam a mesma situa\u00e7\u00e3o, mas s\u00e3o tratados de maneira distinta, por isso destacou que estamos diante de uma \u201cescolha decisiva: a civiliza\u00e7\u00e3o do descarte ou a civiliza\u00e7\u00e3o do amor\u201d. Dom Michel Aupetit falou sobre a [&hellip;]<\/p>\n","protected":false},"author":1,"featured_media":49595,"comment_status":"open","ping_status":"closed","sticky":false,"template":"","format":"standard","meta":{"footnotes":""},"categories":[4],"tags":[],"class_list":["post-49594","post","type-post","status-publish","format-standard","has-post-thumbnail","hentry","category-cotidiano"],"_links":{"self":[{"href":"https:\/\/catolicanet.net\/wp-cnet\/wp-json\/wp\/v2\/posts\/49594","targetHints":{"allow":["GET"]}}],"collection":[{"href":"https:\/\/catolicanet.net\/wp-cnet\/wp-json\/wp\/v2\/posts"}],"about":[{"href":"https:\/\/catolicanet.net\/wp-cnet\/wp-json\/wp\/v2\/types\/post"}],"author":[{"embeddable":true,"href":"https:\/\/catolicanet.net\/wp-cnet\/wp-json\/wp\/v2\/users\/1"}],"replies":[{"embeddable":true,"href":"https:\/\/catolicanet.net\/wp-cnet\/wp-json\/wp\/v2\/comments?post=49594"}],"version-history":[{"count":1,"href":"https:\/\/catolicanet.net\/wp-cnet\/wp-json\/wp\/v2\/posts\/49594\/revisions"}],"predecessor-version":[{"id":49596,"href":"https:\/\/catolicanet.net\/wp-cnet\/wp-json\/wp\/v2\/posts\/49594\/revisions\/49596"}],"wp:featuredmedia":[{"embeddable":true,"href":"https:\/\/catolicanet.net\/wp-cnet\/wp-json\/wp\/v2\/media\/49595"}],"wp:attachment":[{"href":"https:\/\/catolicanet.net\/wp-cnet\/wp-json\/wp\/v2\/media?parent=49594"}],"wp:term":[{"taxonomy":"category","embeddable":true,"href":"https:\/\/catolicanet.net\/wp-cnet\/wp-json\/wp\/v2\/categories?post=49594"},{"taxonomy":"post_tag","embeddable":true,"href":"https:\/\/catolicanet.net\/wp-cnet\/wp-json\/wp\/v2\/tags?post=49594"}],"curies":[{"name":"wp","href":"https:\/\/api.w.org\/{rel}","templated":true}]}}