{"id":49591,"date":"2019-05-28T09:23:26","date_gmt":"2019-05-28T12:23:26","guid":{"rendered":"http:\/\/catolicanet.net\/wp-cnet\/?p=49591"},"modified":"2019-05-28T09:23:26","modified_gmt":"2019-05-28T12:23:26","slug":"papa-francisco-explica-qual-e-a-pior-discriminacao-contra-os-pobres","status":"publish","type":"post","link":"https:\/\/catolicanet.net\/wp-cnet\/papa-francisco-explica-qual-e-a-pior-discriminacao-contra-os-pobres\/","title":{"rendered":"Papa Francisco explica qual \u00e9 a pior discrimina\u00e7\u00e3o contra os pobres"},"content":{"rendered":"<p>O Papa Francisco recebeu na manh\u00e3 de hoje, 27 de maio, os participantes da XXI Assembleia Geral da C\u00e1ritas Internacional e explicou-lhes qual \u00e9 a pior discrimina\u00e7\u00e3o contra os pobres, que s\u00e3o atendidos por esta institui\u00e7\u00e3o em todo o mundo.<\/p>\n<p>&#8220;O servi\u00e7o da caridade deve, portanto, escolher a l\u00f3gica do desenvolvimento integral como ant\u00eddoto \u00e0 cultura do descarte e da indiferen\u00e7a. E dirigindo-me a voc\u00eas, que s\u00e3o a Caritas, quero reiterar que \u2018a pior discrimina\u00e7\u00e3o da qual os pobres sofrem \u00e9 a falta de aten\u00e7\u00e3o espiritual&#8221;, disse o Papa recordando o que escreveu na Exorta\u00e7\u00e3o Apost\u00f3lica Evangelii Gaudium.<\/p>\n<p>Na Sala Clementina do Pal\u00e1cio Apost\u00f3lico do Vaticano, o Papa Francisco tamb\u00e9m enfatizou que os pobres &#8220;t\u00eam uma especial abertura \u00e0 f\u00e9; precisam de Deus e n\u00e3o podemos deixar de oferecer-lhes sua amizade, sua b\u00ean\u00e7\u00e3o, sua Palavra, a celebra\u00e7\u00e3o dos sacramento e a proposta de um caminho de crescimento e de matura\u00e7\u00e3o na f\u00e9&#8221;.<\/p>\n<p>Por isso, continuou o Santo Padre: &#8220;como nos ensina tamb\u00e9m o exemplo dos Santos e das Santas da caridade, a op\u00e7\u00e3o preferencial pelos pobres deve traduzir-se principalmente numa aten\u00e7\u00e3o religiosa privilegiada e priorit\u00e1ria&#8221;.<\/p>\n<p>Em seu discurso, o Papa Francisco destacou tr\u00eas aspectos que devem ser levados em considera\u00e7\u00e3o por aqueles que servem na C\u00e1ritas: caridade, desenvolvimento integral e comunh\u00e3o.<\/p>\n<p>Sobre a caridade, o Papa indicou que \u201cn\u00e3o \u00e9 uma presta\u00e7\u00e3o est\u00e9ril ou um simples \u00f3bolo a ser restitu\u00eddo para apaziguar a nossa consci\u00eancia&#8221;.<\/p>\n<p>&#8220;O que jamais devemos esquecer \u00e9 que a caridade tem a sua origem e a sua ess\u00eancia em Deus mesmo; a caridade \u00e9 o abra\u00e7o de Deus nosso Pai a todo homem, de modo particular aos \u00faltimos e aos sofredores, os quais ocupam no seu cora\u00e7\u00e3o um lugar preferencial&#8221;.<\/p>\n<p>Em rela\u00e7\u00e3o ao desenvolvimento integral, o Papa Francisco assinalou que &#8220;no servi\u00e7o da caridade \u00e9 a vis\u00e3o participa\u00e7\u00e3o do homem, que n\u00e3o pode reduzir-se a um \u00fanico aspecto, mas envolve todo o\u00a0ser humano\u00a0enquanto filho de Deus, criado \u00e0 sua imagem. Os pobres s\u00e3o pessoas, e em seus rostos se esconde o rosto de Cristo&#8221;.<\/p>\n<p>&#8220;Eles s\u00e3o sua carne, sinais de seu corpo crucificado, e n\u00f3s temos o dever de chegar at\u00e9 eles nas periferias mais extremas e nos subterr\u00e2neos da hist\u00f3ria com a delicadeza e a ternura da M\u00e3e igreja&#8221;, para que todos os homens &#8220;sejam autores e protagonistas de seu progresso&#8221;.<\/p>\n<p>Quanto \u00e0 comunh\u00e3o, o Papa Francisco destacou que &#8220;\u00e9 central para a Igreja e define sua ess\u00eancia. A comunh\u00e3o eclesial nasce do encontro com o Filho de Deus, Jesus Cristo, que, mediante o an\u00fancio da Igreja, alcan\u00e7a os homens e cria comunh\u00e3o com Ele mesmo e com o Pai e o Esp\u00edrito Santo&#8221;.<\/p>\n<p>&#8220;E a comunh\u00e3o em Cristo e na Igreja \u00e9 o que anima, acompanha e sustenta o servi\u00e7o da caridade nas pr\u00f3prias comunidades e nas situa\u00e7\u00f5es de emerg\u00eancia em todo o mundo&#8221;.<\/p>\n<p>Depois de destacar que a caridade deve ser vivida em esp\u00edrito de pobreza e entre os pobres, o Pont\u00edfice animou a estar atentos &#8220;para evitar cair na tenta\u00e7\u00e3o de viver uma caridade hip\u00f3crita ou mentirosa, uma caridade identificada com a esmola, com a benefic\u00eancia ou com a p\u00edlula que acalma nossa consci\u00eancia inquieta\u201d.<\/p>\n<p>&#8220;Sendo a Caridade a mais almejada das virtudes \u00e0 qual o homem possa aspirar para poder imitar Deus, torna-se escandaloso ver agentes de Caridade que a transformam em\u00a0business: falam tanto em Caridade, mas vivem no luxo ou no esbanjamento ou mesmo organizado F\u00f3rum sobre a Caridade desperdi\u00e7ando inutilmente tanto dinheiro&#8221;, lamentou o Santo Padre.<\/p>\n<p>&#8220;D\u00f3i constatar que alguns agentes de Caridade se transformam em funcion\u00e1rios e burocratas. Por esta raz\u00e3o, quero reiterar que a caridade n\u00e3o \u00e9 uma ideia ou um sentimento piedoso, mas um encontro pessoal com Cristo&#8221; com &#8220;o estilo da pobreza&#8221;.<\/p>\n<p>Para concluir, o Papa Francisco encorajou os membros da C\u00e1ritas Internacional a &#8220;continuar dando com alegria a sua contribui\u00e7\u00e3o para que cres\u00e7a no mundo o Reino de Deus, Reino de Justi\u00e7a, de amor e de paz\u201d.<\/p>\n<p>A Assembleia Geral da C\u00e1ritas Internacional termina nesta ter\u00e7a-feira, 28 de maio. O tema do evento \u00e9 &#8220;Uma Fam\u00edlia Humana, uma casa comum&#8221;, est\u00e1 inspirado na enc\u00edclica Laudato si do Papa Francisco sobre os cuidados com a casa comum.<\/p>\n","protected":false},"excerpt":{"rendered":"<p>O Papa Francisco recebeu na manh\u00e3 de hoje, 27 de maio, os participantes da XXI Assembleia Geral da C\u00e1ritas Internacional e explicou-lhes qual \u00e9 a pior discrimina\u00e7\u00e3o contra os pobres, que s\u00e3o atendidos por esta institui\u00e7\u00e3o em todo o mundo. &#8220;O servi\u00e7o da caridade deve, portanto, escolher a l\u00f3gica do desenvolvimento integral como ant\u00eddoto \u00e0 [&hellip;]<\/p>\n","protected":false},"author":1,"featured_media":49592,"comment_status":"open","ping_status":"closed","sticky":false,"template":"","format":"standard","meta":{"footnotes":""},"categories":[4],"tags":[],"class_list":["post-49591","post","type-post","status-publish","format-standard","has-post-thumbnail","hentry","category-cotidiano"],"_links":{"self":[{"href":"https:\/\/catolicanet.net\/wp-cnet\/wp-json\/wp\/v2\/posts\/49591","targetHints":{"allow":["GET"]}}],"collection":[{"href":"https:\/\/catolicanet.net\/wp-cnet\/wp-json\/wp\/v2\/posts"}],"about":[{"href":"https:\/\/catolicanet.net\/wp-cnet\/wp-json\/wp\/v2\/types\/post"}],"author":[{"embeddable":true,"href":"https:\/\/catolicanet.net\/wp-cnet\/wp-json\/wp\/v2\/users\/1"}],"replies":[{"embeddable":true,"href":"https:\/\/catolicanet.net\/wp-cnet\/wp-json\/wp\/v2\/comments?post=49591"}],"version-history":[{"count":1,"href":"https:\/\/catolicanet.net\/wp-cnet\/wp-json\/wp\/v2\/posts\/49591\/revisions"}],"predecessor-version":[{"id":49593,"href":"https:\/\/catolicanet.net\/wp-cnet\/wp-json\/wp\/v2\/posts\/49591\/revisions\/49593"}],"wp:featuredmedia":[{"embeddable":true,"href":"https:\/\/catolicanet.net\/wp-cnet\/wp-json\/wp\/v2\/media\/49592"}],"wp:attachment":[{"href":"https:\/\/catolicanet.net\/wp-cnet\/wp-json\/wp\/v2\/media?parent=49591"}],"wp:term":[{"taxonomy":"category","embeddable":true,"href":"https:\/\/catolicanet.net\/wp-cnet\/wp-json\/wp\/v2\/categories?post=49591"},{"taxonomy":"post_tag","embeddable":true,"href":"https:\/\/catolicanet.net\/wp-cnet\/wp-json\/wp\/v2\/tags?post=49591"}],"curies":[{"name":"wp","href":"https:\/\/api.w.org\/{rel}","templated":true}]}}