{"id":49582,"date":"2019-05-27T15:40:57","date_gmt":"2019-05-27T18:40:57","guid":{"rendered":"http:\/\/catolicanet.net\/wp-cnet\/?p=49582"},"modified":"2019-05-27T15:40:57","modified_gmt":"2019-05-27T18:40:57","slug":"a-ascensao-do-senhor-2","status":"publish","type":"post","link":"https:\/\/catolicanet.net\/wp-cnet\/a-ascensao-do-senhor-2\/","title":{"rendered":"A ascens\u00e3o do Senhor"},"content":{"rendered":"<p>Jesus parte para junto do Pai, mas esta comemora\u00e7\u00e3o enche os crist\u00e3os de alegria porque Ele a todos precede na entrada do santu\u00e1rio do c\u00e9u. J\u00fabilo tamb\u00e9m porque Ele chama a todos a serem por toda parte suas testemunhas. Ele, al\u00e9m do mais, prometera revestir seus seguidores da for\u00e7a do alto, enviando o Esp\u00edrito Santo. Alimentou a esperan\u00e7a crist\u00e3 para que se viva em ascens\u00f5es espirituais cont\u00ednuas a fim de estar com Ele por toda a eternidade (Lc 24,46-53). Abre-se um horizonte luminoso dando um sentido profundo \u00e0 vida de seu seguidor fiel. A Ascens\u00e3o \u00e9 uma ocasi\u00e3o para cada um se reconsiderar em todos os momentos. A exist\u00eancia do fiel tem um final feliz, garantido por aquele que parte, mas que se revela com outra presen\u00e7a, uma rela\u00e7\u00e3o mais espiritual porque firmada num f\u00e9 profunda neste poderoso Salvador. Este estar\u00e1 no final da vida de cada um l\u00e1 na outra margem da vida para introduzi-lo nas del\u00edcias eternas da Casa do Pai. Fica vencida a fragilidade humana, pois o seguidor de Cristo tem por obriga\u00e7\u00e3o testemunh\u00e1-lo onde quer que esteja, correspondendo \u00e0 salva\u00e7\u00e3o que Ele a todos oferece. A Ascens\u00e3o de Jesus \u00e9, de fato, nossa vit\u00f3ria. Atrav\u00e9s dele nossa pobre humanidade foi introduzida no para\u00edso celeste, onde Ele est\u00e1 como nosso intercessor junto do Pai. Esta poderosa media\u00e7\u00e3o \u00e9 fonte perene de gra\u00e7as para todos. Deste modo, a Ascens\u00e3o \u00e9 a consuma\u00e7\u00e3o do processo de nossa salva\u00e7\u00e3o eterna. Ele volta para junto do Pai levando consigo a humanidade, abrindo a porta do c\u00e9u a todos que O acolherem e O amarem nesta terra. Ele tomou nossa condi\u00e7\u00e3o de escravos do esp\u00edrito do mal, fazendo-se semelhante aos homens, para comunicar-lhes a vida divina por meio de seu sangue redentor. S\u00e3o Paulo ent\u00e3o concita a todos os fi\u00e9is a proclamar que Ele \u201c\u00e9 o Senhor para a gl\u00f3ria de Deus Pai\u201d (Fl 2,11). Ele se revelou a n\u00f3s pela sua encarna\u00e7\u00e3o, mostrando nosso destino final pela sua Ascens\u00e3o. \u00a0Os crist\u00e3o ent\u00e3o n\u00e3o ficam meramente estupefatos diante da obra divina, mas, rendem continuamente gra\u00e7a, louvam o seu Senhor com uma vida inteiramente conformada com seus ensinamentos. Ele passou\u00a0 corporalmente a\u00a0 uma outra dimens\u00e3o da realidade\u00a0 onde\u00a0 a morte e as degrada\u00e7\u00f5es n\u00e3o t\u00eam mais poder. Pela f\u00e9 o seu seguidor vive em fun\u00e7\u00e3o desta realidade espiritual n\u00e3o se ligando \u00e0s coisas materiais de um mundo tantas vezes oposto ao que Ele preceituou. Por tudo isto se compreende que a Ascens\u00e3o de Jesus n\u00e3o foi, realmente, uma partida, nem uma separa\u00e7\u00e3o de seus disc\u00edpulos e de sua Igreja. Jesus permanece no meio de seus fi\u00e9is na Eucaristia e atrav\u00e9s das ilumina\u00e7\u00f5es cont\u00ednuas do Esp\u00edrito divino.\u00a0 S\u00e3o Paulo atestou que \u201cningu\u00e9m pode dizer que Jesus \u00e9 o Senhor sen\u00e3o no Esp\u00edrito Santo\u201d (1Cor 12,3). Portanto, o crist\u00e3o tem todas as possibilidades de n\u00e3o aderir \u00e0s for\u00e7as do mal. Deus est\u00e1 sempre junto de cada um para que possa viver melhor, superando os problemas do presente ex\u00edlio. Com Jesus e o Esp\u00edrito Santo o seguidor de Cristo recebe sempre a energia espiritual que o permite enxergar por entre os sofrimentos a beatitude do c\u00e9u. \u00c9 deste modo que se entra na dimens\u00e3o da Ascens\u00e3o. Trata-se de participar desde agora na constru\u00e7\u00e3o de um mundo que faz da esperan\u00e7a sua regra de vida e que comunica a coragem de praticar as virtudes, sendo o motor para uma busca cont\u00ednua da santidade, tornando o mundo cada vez melhor. Assim sendo, o\u00a0 crist\u00e3o nunca se sente s\u00f3, abandonado nas dificuldades do cotidiano, errante sem ter um rumo certo no final de suas lutas terrenas. A mensagem que a Ascens\u00e3o lan\u00e7a no \u00edntimo de cada cora\u00e7\u00e3o \u00e9 um apelo a uma cren\u00e7a profunda na vida eterna j\u00e1 iniciada nesta terra. Esta \u00e9 a heran\u00e7a feliz de todo aquele que cr\u00ea. O crist\u00e3o se sente ent\u00e3o revestido de um not\u00e1vel vigor espiritual, olhos fixos no seu Redentor, numa disponibilidade total para receber e viver as luzes do Esp\u00edrito Santo. Cumpre, portanto, valorizar a vida que Deus concede. Tal a felicidade do verdadeiro crist\u00e3o que ent\u00e3o sabe apreciar sua exist\u00eancia, dado que l\u00e1 no c\u00e9u Jesus est\u00e1 \u00e0 sua espera. \u00c9 preciso, porem, a viv\u00eancia plena da influ\u00eancia de Cristo vitorioso pelo poder do Esp\u00edrito Santo, enviado de junto do Pai. Uma exist\u00eancia que leva a vencer todos os torpores, todos os medos, todas as fadigas. Jesus quer que vivamos com Ele. Assim todas as doen\u00e7as, todas as preocupa\u00e7\u00f5es, todos os cuidados materiais, todas as rela\u00e7\u00f5es familiares ser\u00e3o iluminados por Ele, Por tudo isto a solenidade da Ascens\u00e3o \u00e9, de fato, uma festa da Igreja porque leva os crist\u00e3os a confiar plenamente em Jesus, sabendo que sua ascens\u00e3o ao c\u00e9u \u00e9 a revela\u00e7\u00e3o da pr\u00f3pria eleva\u00e7\u00e3o de seu disc\u00edpulo de acordo com o projeto do Pai pelas luzes do Esp\u00edrito Santo. Por tudo isso o seguidor de Cristo se torna o arauto da miseric\u00f3rdia divina. Mostra-se consciente de que, ap\u00f3s sua trajet\u00f3ria neste mundo, estar\u00e1 para sempre com seu Salvador l\u00e1 onde Ele est\u00e1 a espera de cada um.<\/p>\n","protected":false},"excerpt":{"rendered":"<p>Jesus parte para junto do Pai, mas esta comemora\u00e7\u00e3o enche os crist\u00e3os de alegria porque Ele a todos precede na entrada do santu\u00e1rio do c\u00e9u. J\u00fabilo tamb\u00e9m porque Ele chama a todos a serem por toda parte suas testemunhas. Ele, al\u00e9m do mais, prometera revestir seus seguidores da for\u00e7a do alto, enviando o Esp\u00edrito Santo. [&hellip;]<\/p>\n","protected":false},"author":7,"featured_media":32782,"comment_status":"open","ping_status":"closed","sticky":false,"template":"","format":"standard","meta":{"footnotes":""},"categories":[9],"tags":[],"class_list":["post-49582","post","type-post","status-publish","format-standard","has-post-thumbnail","hentry","category-artigos"],"_links":{"self":[{"href":"https:\/\/catolicanet.net\/wp-cnet\/wp-json\/wp\/v2\/posts\/49582","targetHints":{"allow":["GET"]}}],"collection":[{"href":"https:\/\/catolicanet.net\/wp-cnet\/wp-json\/wp\/v2\/posts"}],"about":[{"href":"https:\/\/catolicanet.net\/wp-cnet\/wp-json\/wp\/v2\/types\/post"}],"author":[{"embeddable":true,"href":"https:\/\/catolicanet.net\/wp-cnet\/wp-json\/wp\/v2\/users\/7"}],"replies":[{"embeddable":true,"href":"https:\/\/catolicanet.net\/wp-cnet\/wp-json\/wp\/v2\/comments?post=49582"}],"version-history":[{"count":1,"href":"https:\/\/catolicanet.net\/wp-cnet\/wp-json\/wp\/v2\/posts\/49582\/revisions"}],"predecessor-version":[{"id":49583,"href":"https:\/\/catolicanet.net\/wp-cnet\/wp-json\/wp\/v2\/posts\/49582\/revisions\/49583"}],"wp:featuredmedia":[{"embeddable":true,"href":"https:\/\/catolicanet.net\/wp-cnet\/wp-json\/wp\/v2\/media\/32782"}],"wp:attachment":[{"href":"https:\/\/catolicanet.net\/wp-cnet\/wp-json\/wp\/v2\/media?parent=49582"}],"wp:term":[{"taxonomy":"category","embeddable":true,"href":"https:\/\/catolicanet.net\/wp-cnet\/wp-json\/wp\/v2\/categories?post=49582"},{"taxonomy":"post_tag","embeddable":true,"href":"https:\/\/catolicanet.net\/wp-cnet\/wp-json\/wp\/v2\/tags?post=49582"}],"curies":[{"name":"wp","href":"https:\/\/api.w.org\/{rel}","templated":true}]}}