{"id":49576,"date":"2019-05-27T11:40:11","date_gmt":"2019-05-27T14:40:11","guid":{"rendered":"http:\/\/catolicanet.net\/wp-cnet\/?p=49576"},"modified":"2019-05-27T11:40:11","modified_gmt":"2019-05-27T14:40:11","slug":"lisboa-resultado-da-formacao-liturgica-depende-do-empenho-de-todos","status":"publish","type":"post","link":"https:\/\/catolicanet.net\/wp-cnet\/lisboa-resultado-da-formacao-liturgica-depende-do-empenho-de-todos\/","title":{"rendered":"Lisboa: Resultado da forma\u00e7\u00e3o lit\u00fargica \u00abdepende do empenho de todos\u00bb"},"content":{"rendered":"<p><em>Patriarcado de Lisboa viveu ano dedicado \u00e0 liturgia e foi respons\u00e1vel por mais de 90 encontros sobre o tema nas v\u00e1rias vigararias<\/em><\/p>\n<p>Lisboa, 27 mai 2019 (Ecclesia) \u2013 O cardeal-patriarca de Lisboa presidiu este domingo ao Dia Diocesano da Liturgia, que encerrou um ano de trabalho particularmente dedicado a este setor, nas v\u00e1rias comunidades cat\u00f3licas.<\/p>\n<p>\u201cFoi um ano muito intenso, em que o Departamento de Liturgia se desdobrou em forma\u00e7\u00f5es\u201d para todas as par\u00f3quias, assinalou D. Manuel Clemente, em declara\u00e7\u00f5es \u00e0 Ag\u00eancia ECCLESIA.<\/p>\n<p>\u201cA Liturgia \u00e9 um modo important\u00edssimo, fundamental, de participa\u00e7\u00e3o naquilo que nos faz crist\u00e3os, que \u00e9 a vida de Cristo, assim como a Palavra e a Caridade\u201d, acrescentou.<\/p>\n<p>A igreja da Boa Nova, no Estoril, recebeu a celebra\u00e7\u00e3o, preparada pelo Departamento da Liturgia, com 13 ateliers dedicados ao tema.<\/p>\n<p>D. Manuel Clemente d\u00e1 conta da\u00a0\u201crece\u00e7\u00e3o sistem\u00e1tica da constitui\u00e7\u00e3o sinodal de Lisboa\u201d, <a href=\"https:\/\/www.agencia.ecclesia.pt\/noticias\/nacional\/lisboa-constituicao-sinodal-propoe-igreja-mais-virada-para-fora\/\">publicada<\/a> em 2016, procurando concretizar os \u201c70 n\u00fameros aprovados\u201d,\u00a0 que importa \u201cativar\u201d.<\/p>\n<p>\u201cTudo isto faz crescer a consci\u00eancia de que a liturgia \u00e9 um modo fundamental de participa\u00e7\u00e3o, do que nos faz crist\u00e3os. Assim como a palavra, a que dedicamos o ano anterior, mas tamb\u00e9m a caridade que depois se concretiza e vai ser objeto do pr\u00f3ximo ano\u201d, afirmou o cardeal-patriarca de Lisboa.<\/p>\n<p>O respons\u00e1vel destacou a participa\u00e7\u00e3o no Dia diocesano de par\u00f3quias de todos os locais do patriarcado: \u201cTemos aqui pessoas que chegam do norte, sul, leste e oeste da diocese \u2013 Alcoba\u00e7a a Lisboa, Azambuja ao Atl\u00e2ntico. Est\u00e3o aqui pessoas de todas estas comunidades, muitas participaram em a\u00e7\u00f5es de forma\u00e7\u00e3o lit\u00fargica ao longo do ano, aqui se encontram, conhecem e reconhecem e ganham sentido de Igreja, que \u00e9 isso que somos\u201d.<\/p>\n<p><a class=\"fbx-link fbx-instance\" href=\"https:\/\/agencia.ecclesia.pt\/portal\/wp-content\/uploads\/2019\/05\/vlcsnap-2019-05-27-13h00m18s200.jpg\"><img loading=\"lazy\" decoding=\"async\" class=\"alignleft wp-image-138236 size-medium\" src=\"https:\/\/agencia.ecclesia.pt\/portal\/wp-content\/uploads\/2019\/05\/vlcsnap-2019-05-27-13h00m18s200-390x260.jpg\" sizes=\"auto, (max-width: 390px) 100vw, 390px\" srcset=\"https:\/\/agencia.ecclesia.pt\/portal\/wp-content\/uploads\/2019\/05\/vlcsnap-2019-05-27-13h00m18s200-390x260.jpg 390w, https:\/\/agencia.ecclesia.pt\/portal\/wp-content\/uploads\/2019\/05\/vlcsnap-2019-05-27-13h00m18s200-768x512.jpg 768w, https:\/\/agencia.ecclesia.pt\/portal\/wp-content\/uploads\/2019\/05\/vlcsnap-2019-05-27-13h00m18s200-1024x682.jpg 1024w, https:\/\/agencia.ecclesia.pt\/portal\/wp-content\/uploads\/2019\/05\/vlcsnap-2019-05-27-13h00m18s200-1080x720.jpg 1080w\" alt=\"\" width=\"390\" height=\"260\" \/><\/a>J\u00e1 o diretor do departamento de liturgia do Patriarcado de Lisboa disse que o resultado do investimento da forma\u00e7\u00e3o do \u00faltimo ano nesta \u00e1rea vai depender \u201cdo empenho de todos\u201d, leigos e sacerdotes, e da cria\u00e7\u00e3o de \u201ccomunidades vivas\u201d.<\/p>\n<p>\u201cTemos de criar uma consci\u00eancia de Igreja: o problema \u00e9 que muitos crist\u00e3os n\u00e3o t\u00eam conhecimento que s\u00e3o Igreja, sentem-se de fora, mas s\u00e3o-no pelo batismo. \u00c9 preciso construir comunidades vivas que percebem que t\u00eam um pastor \u00e0 sua frente, e esse pastor, em comunh\u00e3o com toda a comunidade, com os padres, o povo de Deus, vai discernindo caminhos e aponta-os a todos n\u00f3s\u201d, afirmou \u00e0 Ag\u00eancia ECCLESIA o c\u00f3nego Lu\u00eds Manuel Silva, no final do Dia Diocesano dedicado \u00e0 Liturgia, tema que conduz o ano pastoral.<\/p>\n<p>Desde outubro que uma equipa formadora percorreu o patriarcado onde, em cinco encontros por cada vigararia, abordou v\u00e1rios temas desta \u00e1rea pastoral.<\/p>\n<p>O respons\u00e1vel d\u00e1 conta de mais de 90 encontros, alguns com \u201c500 participantes\u201d, outros com uma participa\u00e7\u00e3o m\u00e9dia de \u201c100 pessoas\u201d, como foi o caso das par\u00f3quias da \u201cbaixa da cidade, que tendo em conta o despovoamento, foi um bom n\u00famero\u201d.<\/p>\n<p>Apesar da \u201cgrande ades\u00e3o\u201d, que o c\u00f3nego Lu\u00eds Manuel indica estar em \u201clinha direta\u201d com o empenho \u201cdos pastores das par\u00f3quias\u201d, lamenta a falta de participa\u00e7\u00e3o que encontrou nalguns locais.<\/p>\n<p>\u201cN\u00e3o podemos escamotear, tivemos par\u00f3quias onde n\u00e3o foi anunciado, onde se viu um grande desinteresse a come\u00e7ar pelo seu pastor\u201d, indica.<\/p>\n<p>Para o c\u00f3nego Lu\u00eds Manuel, a par das \u201csementes\u201d lan\u00e7adas, o departamento aguarda o resultado de um inqu\u00e9rito que realizou.<\/p>\n<p>\u201cAs pessoas querem que isto continue ou na \u00e1rea da liturgia ou de outras, que continue o esfor\u00e7o de forma\u00e7\u00e3o, de celebra\u00e7\u00e3o comunit\u00e1ria\u201d, informa.<\/p>\n<p>Durante o Dia Diocesano da Liturgia foram institu\u00eddos, na Eucaristia final, Ministros Extraordin\u00e1rios da Comunh\u00e3o e Ministros Extraordin\u00e1rios das Ex\u00e9quias, provenientes de diferentes par\u00f3quias do Patriarcado.<\/p>\n","protected":false},"excerpt":{"rendered":"<p>Patriarcado de Lisboa viveu ano dedicado \u00e0 liturgia e foi respons\u00e1vel por mais de 90 encontros sobre o tema nas v\u00e1rias vigararias Lisboa, 27 mai 2019 (Ecclesia) \u2013 O cardeal-patriarca de Lisboa presidiu este domingo ao Dia Diocesano da Liturgia, que encerrou um ano de trabalho particularmente dedicado a este setor, nas v\u00e1rias comunidades cat\u00f3licas. [&hellip;]<\/p>\n","protected":false},"author":1,"featured_media":49577,"comment_status":"open","ping_status":"closed","sticky":false,"template":"","format":"standard","meta":{"footnotes":""},"categories":[4],"tags":[],"class_list":["post-49576","post","type-post","status-publish","format-standard","has-post-thumbnail","hentry","category-cotidiano"],"_links":{"self":[{"href":"https:\/\/catolicanet.net\/wp-cnet\/wp-json\/wp\/v2\/posts\/49576","targetHints":{"allow":["GET"]}}],"collection":[{"href":"https:\/\/catolicanet.net\/wp-cnet\/wp-json\/wp\/v2\/posts"}],"about":[{"href":"https:\/\/catolicanet.net\/wp-cnet\/wp-json\/wp\/v2\/types\/post"}],"author":[{"embeddable":true,"href":"https:\/\/catolicanet.net\/wp-cnet\/wp-json\/wp\/v2\/users\/1"}],"replies":[{"embeddable":true,"href":"https:\/\/catolicanet.net\/wp-cnet\/wp-json\/wp\/v2\/comments?post=49576"}],"version-history":[{"count":1,"href":"https:\/\/catolicanet.net\/wp-cnet\/wp-json\/wp\/v2\/posts\/49576\/revisions"}],"predecessor-version":[{"id":49578,"href":"https:\/\/catolicanet.net\/wp-cnet\/wp-json\/wp\/v2\/posts\/49576\/revisions\/49578"}],"wp:featuredmedia":[{"embeddable":true,"href":"https:\/\/catolicanet.net\/wp-cnet\/wp-json\/wp\/v2\/media\/49577"}],"wp:attachment":[{"href":"https:\/\/catolicanet.net\/wp-cnet\/wp-json\/wp\/v2\/media?parent=49576"}],"wp:term":[{"taxonomy":"category","embeddable":true,"href":"https:\/\/catolicanet.net\/wp-cnet\/wp-json\/wp\/v2\/categories?post=49576"},{"taxonomy":"post_tag","embeddable":true,"href":"https:\/\/catolicanet.net\/wp-cnet\/wp-json\/wp\/v2\/tags?post=49576"}],"curies":[{"name":"wp","href":"https:\/\/api.w.org\/{rel}","templated":true}]}}