{"id":49545,"date":"2019-05-24T16:25:17","date_gmt":"2019-05-24T19:25:17","guid":{"rendered":"http:\/\/catolicanet.net\/wp-cnet\/?p=49545"},"modified":"2019-05-24T16:25:17","modified_gmt":"2019-05-24T19:25:17","slug":"as-irmas-do-cazaquistao-fazem-tudo-o-que-uma-mae-faria","status":"publish","type":"post","link":"https:\/\/catolicanet.net\/wp-cnet\/as-irmas-do-cazaquistao-fazem-tudo-o-que-uma-mae-faria\/","title":{"rendered":"As irm\u00e3s do Cazaquist\u00e3o fazem \u201ctudo o que uma m\u00e3e faria\u201d"},"content":{"rendered":"<div class=\"fusion-text\">\n<p><iframe loading=\"lazy\" width=\"696\" height=\"392\" src=\"https:\/\/www.youtube.com\/embed\/fOvCZCwCSyc?feature=oembed\" frameborder=\"0\" allow=\"accelerometer; autoplay; encrypted-media; gyroscope; picture-in-picture\" allowfullscreen><\/iframe><\/p>\n<p>Irm\u00e3 Rita mora e trabalha na Casa Santa Clara, em Kapshagay, <a href=\"https:\/\/www.acn.org.br\/relatorio-liberdade-religiosa\/cazaquistao\/\">Cazaquist\u00e3o<\/a>. L\u00e1, <strong>ela e mais outras duas Irm\u00e3s s\u00e3o respons\u00e1veis por um orfanato.<\/strong> Atualmente, elas cuidam de 18 crian\u00e7as que vieram de fam\u00edlias disfuncionais. Muitas dessas crian\u00e7as vivenciaram alguma forma de viol\u00eancia, fugiram de casa e acabaram nas ruas. \u201cNa origem, somos de diferentes fam\u00edlias, mas Deus nos uniu e somos uma fam\u00edlia agora. Estamos sempre com nossas crian\u00e7as, 24 horas por dia, sete dias por semana. Antes de mais nada, fazemos tudo o que uma m\u00e3e faria em casa,\u201d diz Irm\u00e3 Rita.<\/p>\n<p>As religiosas preparam refei\u00e7\u00f5es, lavam roupas, levam as crian\u00e7as ao jardim de inf\u00e2ncia, \u00e0 escola e \u00e0s atividades extracurriculares. Elas ajudam com as li\u00e7\u00f5es de casa, dividem as tarefas com as crian\u00e7as para lhes ensinar a ter responsabilidades, e, claro, elas rezam juntas. <strong>\u201cCada dia com nossas crian\u00e7as \u00e9 cheio de aventuras<\/strong>. Minha maior alegria ser\u00e1 v\u00ea-las crescer e tornarem-se pessoas boas\u201d.<\/p>\n<\/div>\n<div class=\"fusion-text\">\n<h2 data-fontsize=\"30\" data-lineheight=\"39\">Comunidade<\/h2>\n<p><strong>\u201cEu escolhi esta congrega\u00e7\u00e3o, especificamente, por causa da Virgem Maria<\/strong>. Comecei a viver a minha voca\u00e7\u00e3o cedo, Maria sempre vem primeiro para mim\u201d, diz Irm\u00e3 Rita. A Congrega\u00e7\u00e3o das Irm\u00e3s da Imaculada Concei\u00e7\u00e3o da Aben\u00e7oada Virgem Maria foi fundada na <a href=\"https:\/\/www.acn.org.br\/relatorio-liberdade-religiosa\/polonia\/\">Pol\u00f4nia,<\/a> na d\u00e9cada de 50. At\u00e9 hoje, a congrega\u00e7\u00e3o \u00e9 mais atuante na Pol\u00f4nia, por\u00e9m tamb\u00e9m est\u00e1 presente em alguns pa\u00edses do Leste Europeu, tal como o Cazaquist\u00e3o.<\/p>\n<p>As religiosas administram escolas, jardins de inf\u00e2ncia e abrigo para crian\u00e7as em quase todos os lugares onde est\u00e3o presentes. Em Kapshagay, Cazaquist\u00e3o, uma das miss\u00f5es das vocacionadas \u00e9 cuidar de crian\u00e7as. Esta a\u00e7\u00e3o come\u00e7ou em 2001 com um padre italiano que estabeleceu um centro de devo\u00e7\u00e3o Cat\u00f3lica na periferia da cidade. Uma vez que se estabeleceu l\u00e1, ele oferecia sopa \u00e0 comunidade e percebeu que v\u00e1rias crian\u00e7as vinham receber a sopa quentinha. Ele compreendeu que aquelas crian\u00e7as haviam fugido de casa. Em seguida, ele pediu \u00e0s Irm\u00e3s que cuidassem delas.<\/p>\n<\/div>\n<div class=\"imageframe-align-center\">\n<div class=\"fusion-image-frame-bottomshadow image-frame-shadow-1\"><span class=\"fusion-imageframe imageframe-bottomshadow imageframe-1 element-bottomshadow hover-type-none\"><img loading=\"lazy\" decoding=\"async\" class=\"img-responsive wp-image-38911\" title=\"ACN mulheres extraordinarias cazaquistao\" src=\"https:\/\/www.acn.org.br\/wp-content\/uploads\/2019\/05\/ACN-mulheres-extraordinarias-cazaquistao.jpg\" sizes=\"auto, (max-width: 800px) 100vw, 800px\" srcset=\"https:\/\/www.acn.org.br\/wp-content\/uploads\/2019\/05\/ACN-mulheres-extraordinarias-cazaquistao-200x126.jpg 200w, https:\/\/www.acn.org.br\/wp-content\/uploads\/2019\/05\/ACN-mulheres-extraordinarias-cazaquistao-400x253.jpg 400w, https:\/\/www.acn.org.br\/wp-content\/uploads\/2019\/05\/ACN-mulheres-extraordinarias-cazaquistao-600x379.jpg 600w, https:\/\/www.acn.org.br\/wp-content\/uploads\/2019\/05\/ACN-mulheres-extraordinarias-cazaquistao-800x505.jpg 800w, https:\/\/www.acn.org.br\/wp-content\/uploads\/2019\/05\/ACN-mulheres-extraordinarias-cazaquistao-1200x758.jpg 1200w, https:\/\/www.acn.org.br\/wp-content\/uploads\/2019\/05\/ACN-mulheres-extraordinarias-cazaquistao.jpg 1900w\" alt=\"Irm\u00e3 Maria L\u00facia\" width=\"1900\" height=\"1200\" \/><\/span><\/div>\n<\/div>\n<div class=\"fusion-text\">\n<p><em>Minha maior alegria ser\u00e1 v\u00ea-las crescer e tornarem-se pessoas boas\u201d Irm\u00e3 Rita.<\/em><\/p>\n<\/div>\n<div class=\"fusion-text\">\n<h2 data-fontsize=\"30\" data-lineheight=\"39\">Voca\u00e7\u00e3o<\/h2>\n<p>A Irm\u00e3 Rita Kurochkina tomou a decis\u00e3o de se tornar uma religiosa h\u00e1 10 anos. Ela nasceu e cresceu no seio de uma fam\u00edlia que n\u00e3o praticava a f\u00e9. Aos 14 anos, ela tomou a iniciativa de se preparar para o batismo. \u201cDaquele dia em diante, ia \u00e0 Santa Missa todos os dias\u201d comentou. Quando ela decidiu entrar para o convento, em contrapartida, a sua m\u00e3e n\u00e3o aprovou a sua escolha e se recusou a dar o seu consentimento.<\/p>\n<p>Irm\u00e3 Rita n\u00e3o queria entrar para a congrega\u00e7\u00e3o sem a permiss\u00e3o da m\u00e3e. Ela levou um ano, ap\u00f3s ficar longe de casa cuidando de sua tia, para conseguir, finalmente, em seguida, obter autoriza\u00e7\u00e3o da m\u00e3e. \u201cMinha m\u00e3e mudou um pouco de opini\u00e3o quando ela se deu conta de que eu teria uma vida normal. Certamente ela viu o qu\u00e3o desolada eu fiquei por n\u00e3o poder entrar para a Congrega\u00e7\u00e3o, e ela agora v\u00ea como estou feliz\u201d, explicou.<\/p>\n<\/div>\n","protected":false},"excerpt":{"rendered":"<p>Irm\u00e3 Rita mora e trabalha na Casa Santa Clara, em Kapshagay, Cazaquist\u00e3o. L\u00e1, ela e mais outras duas Irm\u00e3s s\u00e3o respons\u00e1veis por um orfanato. Atualmente, elas cuidam de 18 crian\u00e7as que vieram de fam\u00edlias disfuncionais. Muitas dessas crian\u00e7as vivenciaram alguma forma de viol\u00eancia, fugiram de casa e acabaram nas ruas. \u201cNa origem, somos de diferentes [&hellip;]<\/p>\n","protected":false},"author":1,"featured_media":49546,"comment_status":"open","ping_status":"closed","sticky":false,"template":"","format":"standard","meta":{"footnotes":""},"categories":[13],"tags":[],"class_list":["post-49545","post","type-post","status-publish","format-standard","has-post-thumbnail","hentry","category-featured"],"_links":{"self":[{"href":"https:\/\/catolicanet.net\/wp-cnet\/wp-json\/wp\/v2\/posts\/49545","targetHints":{"allow":["GET"]}}],"collection":[{"href":"https:\/\/catolicanet.net\/wp-cnet\/wp-json\/wp\/v2\/posts"}],"about":[{"href":"https:\/\/catolicanet.net\/wp-cnet\/wp-json\/wp\/v2\/types\/post"}],"author":[{"embeddable":true,"href":"https:\/\/catolicanet.net\/wp-cnet\/wp-json\/wp\/v2\/users\/1"}],"replies":[{"embeddable":true,"href":"https:\/\/catolicanet.net\/wp-cnet\/wp-json\/wp\/v2\/comments?post=49545"}],"version-history":[{"count":1,"href":"https:\/\/catolicanet.net\/wp-cnet\/wp-json\/wp\/v2\/posts\/49545\/revisions"}],"predecessor-version":[{"id":49547,"href":"https:\/\/catolicanet.net\/wp-cnet\/wp-json\/wp\/v2\/posts\/49545\/revisions\/49547"}],"wp:featuredmedia":[{"embeddable":true,"href":"https:\/\/catolicanet.net\/wp-cnet\/wp-json\/wp\/v2\/media\/49546"}],"wp:attachment":[{"href":"https:\/\/catolicanet.net\/wp-cnet\/wp-json\/wp\/v2\/media?parent=49545"}],"wp:term":[{"taxonomy":"category","embeddable":true,"href":"https:\/\/catolicanet.net\/wp-cnet\/wp-json\/wp\/v2\/categories?post=49545"},{"taxonomy":"post_tag","embeddable":true,"href":"https:\/\/catolicanet.net\/wp-cnet\/wp-json\/wp\/v2\/tags?post=49545"}],"curies":[{"name":"wp","href":"https:\/\/api.w.org\/{rel}","templated":true}]}}