{"id":49534,"date":"2019-05-24T15:08:44","date_gmt":"2019-05-24T18:08:44","guid":{"rendered":"http:\/\/catolicanet.net\/wp-cnet\/?p=49534"},"modified":"2019-05-24T15:08:44","modified_gmt":"2019-05-24T18:08:44","slug":"hospital-do-papa-recebe-4-menores-venezuelanos-doentes","status":"publish","type":"post","link":"https:\/\/catolicanet.net\/wp-cnet\/hospital-do-papa-recebe-4-menores-venezuelanos-doentes\/","title":{"rendered":"&#8220;Hospital do Papa&#8221; recebe 4 menores venezuelanos doentes"},"content":{"rendered":"<p>O Hospital Bambino Ges\u00f9, em Roma, recebeu quatro menores venezuelanos que receber\u00e3o tratamento para doen\u00e7as graves nos pr\u00f3ximos dias.<\/p>\n<p>Os menores s\u00e3o tr\u00eas adolescentes entre 13 e 17 anos e uma menina de 10 anos, todos afetados por doen\u00e7as oncol\u00f3gicas.<\/p>\n<p>Acompanhados pelos pais e enfermeiros da Cruz Vermelha, os menores partiram nesta ter\u00e7a-feira, 21 de maio, do aeroporto de Caracas e chegaram \u00e0 It\u00e1lia na quarta-feira, 22 de maio, com um visto m\u00e9dico emitido pela embaixada italiana na Venezuela.<\/p>\n<p>Assim que chegaram ao hospital, os menores foram submetidos a uma primeira avalia\u00e7\u00e3o m\u00e9dica no Departamento de Emerg\u00eancia e Ingresso do Bambino Ges\u00f9. Depois disso, tr\u00eas dos quatro foram internados no centro m\u00e9dico e o quarto em uma casa disponibilizada para pacientes de longo prazo que v\u00eam do exterior.<\/p>\n<p>A Venezuela, imersa em uma grave crise pol\u00edtica, econ\u00f4mica e social, sofreu o colapso de seu sistema de sa\u00fade. Segundo a ONU, por meio da Comiss\u00e3o Interamericana de Direitos Humanos, muitas crian\u00e7as morreram em hospitais venezuelanos devido a infec\u00e7\u00f5es causadas pela falta de higiene.<\/p>\n<p>Al\u00e9m disso, a desnutri\u00e7\u00e3o tamb\u00e9m causou numerosas mortes entre menores em diferentes hospitais na Venezuela.<\/p>\n<p>A falta de alimentos, a deteriora\u00e7\u00e3o das infraestruturas de sa\u00fade e a diminui\u00e7\u00e3o do n\u00famero de m\u00e9dicos e outros profissionais de sa\u00fade s\u00e3o outros problemas do sistema m\u00e9dico venezuelano.<\/p>\n","protected":false},"excerpt":{"rendered":"<p>O Hospital Bambino Ges\u00f9, em Roma, recebeu quatro menores venezuelanos que receber\u00e3o tratamento para doen\u00e7as graves nos pr\u00f3ximos dias. Os menores s\u00e3o tr\u00eas adolescentes entre 13 e 17 anos e uma menina de 10 anos, todos afetados por doen\u00e7as oncol\u00f3gicas. Acompanhados pelos pais e enfermeiros da Cruz Vermelha, os menores partiram nesta ter\u00e7a-feira, 21 de [&hellip;]<\/p>\n","protected":false},"author":1,"featured_media":49535,"comment_status":"open","ping_status":"closed","sticky":false,"template":"","format":"standard","meta":{"footnotes":""},"categories":[4],"tags":[],"class_list":["post-49534","post","type-post","status-publish","format-standard","has-post-thumbnail","hentry","category-cotidiano"],"_links":{"self":[{"href":"https:\/\/catolicanet.net\/wp-cnet\/wp-json\/wp\/v2\/posts\/49534","targetHints":{"allow":["GET"]}}],"collection":[{"href":"https:\/\/catolicanet.net\/wp-cnet\/wp-json\/wp\/v2\/posts"}],"about":[{"href":"https:\/\/catolicanet.net\/wp-cnet\/wp-json\/wp\/v2\/types\/post"}],"author":[{"embeddable":true,"href":"https:\/\/catolicanet.net\/wp-cnet\/wp-json\/wp\/v2\/users\/1"}],"replies":[{"embeddable":true,"href":"https:\/\/catolicanet.net\/wp-cnet\/wp-json\/wp\/v2\/comments?post=49534"}],"version-history":[{"count":1,"href":"https:\/\/catolicanet.net\/wp-cnet\/wp-json\/wp\/v2\/posts\/49534\/revisions"}],"predecessor-version":[{"id":49536,"href":"https:\/\/catolicanet.net\/wp-cnet\/wp-json\/wp\/v2\/posts\/49534\/revisions\/49536"}],"wp:featuredmedia":[{"embeddable":true,"href":"https:\/\/catolicanet.net\/wp-cnet\/wp-json\/wp\/v2\/media\/49535"}],"wp:attachment":[{"href":"https:\/\/catolicanet.net\/wp-cnet\/wp-json\/wp\/v2\/media?parent=49534"}],"wp:term":[{"taxonomy":"category","embeddable":true,"href":"https:\/\/catolicanet.net\/wp-cnet\/wp-json\/wp\/v2\/categories?post=49534"},{"taxonomy":"post_tag","embeddable":true,"href":"https:\/\/catolicanet.net\/wp-cnet\/wp-json\/wp\/v2\/tags?post=49534"}],"curies":[{"name":"wp","href":"https:\/\/api.w.org\/{rel}","templated":true}]}}