{"id":49522,"date":"2019-05-24T10:31:57","date_gmt":"2019-05-24T13:31:57","guid":{"rendered":"http:\/\/catolicanet.net\/wp-cnet\/?p=49522"},"modified":"2019-05-24T10:31:57","modified_gmt":"2019-05-24T13:31:57","slug":"encontro-das-dioceses-de-fronteira-familia-e-a-instituicao-fundamental-da-sociedade","status":"publish","type":"post","link":"https:\/\/catolicanet.net\/wp-cnet\/encontro-das-dioceses-de-fronteira-familia-e-a-instituicao-fundamental-da-sociedade\/","title":{"rendered":"Encontro das Dioceses de Fronteira: fam\u00edlia \u00e9 a institui\u00e7\u00e3o fundamental da sociedade"},"content":{"rendered":"<div class=\"article__subTitle\">Apesar dos diferentes e contradit\u00f3rios cen\u00e1rios analisados, observa-se que a fam\u00edlia continua a ter uma import\u00e2ncia fundamental em nossa sociedade, tamb\u00e9m como &#8220;primeira transmissora dos valores e da f\u00e9&#8221;, diz o comunicado do 34\u00ba Encontro das Dioceses de Fronteira, realizado em Pelotas (RS).<\/div>\n<div class=\"title__separator\"><\/div>\n<div class=\"article__text\">\n<p><b>Cidade do Vaticano<\/b><\/p>\n<p>\u201cVivemos em um contexto social de fortes mudan\u00e7as nas din\u00e2micas sociais, que incidem sobretudo em nossas fam\u00edlias e jovens. \u00c9 poss\u00edvel perceber em todos estes aspectos luzes e sombras, mas acima de tudo sublinhamos que a fam\u00edlia continua sendo muito privilegiada como espa\u00e7o de intimidade, afeto e reciprocidade entre as gera\u00e7\u00f5es\u201d.<\/p>\n<div>\n<div class=\"article__embed article__embed--unwrap article__embed--dark\">\n<div class=\"article__innerTitle\">Ou\u00e7a e compartilhe!<\/div>\n<!--[if lt IE 9]><script>document.createElement('audio');<\/script><![endif]-->\n<audio class=\"wp-audio-shortcode\" id=\"audio-49522-1\" preload=\"none\" style=\"width: 100%;\" controls=\"controls\"><source type=\"audio\/mpeg\" src=\"https:\/\/media.vaticannews.va\/media\/audio\/s1\/2019\/05\/23\/13\/135036692_F135036692.mp3?_=1\" \/><a href=\"https:\/\/media.vaticannews.va\/media\/audio\/s1\/2019\/05\/23\/13\/135036692_F135036692.mp3\">https:\/\/media.vaticannews.va\/media\/audio\/s1\/2019\/05\/23\/13\/135036692_F135036692.mp3<\/a><\/audio>\n<\/div>\n<\/div>\n<p>\u00c9 o que sublinha o comunicado final do 34\u00ba Encontro das Dioceses de Fronteira, realizado em Pelotas (RS), de 20 a 22 de maio.<\/p>\n<h2>Promover a cultura da vida<\/h2>\n<p>Bispos, sacerdotes, di\u00e1conos, religiosos e leigos das dioceses fronteiri\u00e7as da Argentina, Brasil, Paraguai e Uruguai, compartilharam estes dias de reflex\u00e3o e de partilha fraterna, analisando &#8220;os cen\u00e1rios ideol\u00f3gicos que t\u00eam impacto sobre a fam\u00edlia e os jovens, a fim de promover a cultura da vida de nossos povos&#8221;.<\/p>\n<p>O comunicado informa que durante o encontro foram levados em considera\u00e7\u00e3o &#8220;diferentes cen\u00e1rios contradit\u00f3rios, que reafirmam, no entanto, a import\u00e2ncia que a fam\u00edlia continua a ter como institui\u00e7\u00e3o fundamental em nossas sociedades e como primeira transmissora dos valores e da f\u00e9&#8221;.<\/p>\n<h2>Tutelar o desenvolvimento humano integral<\/h2>\n<p>Al\u00e9m disso, foram compartilhadas algumas experi\u00eancias de trabalho realizadas em diferentes pa\u00edses, em defesa da vida dos mais indefesos e vulner\u00e1veis. Os participantes condenam todas as situa\u00e7\u00f5es que amea\u00e7am o desenvolvimento humano integral e a liberdade respons\u00e1vel como base dos projetos de vida.<\/p>\n<p>&#8220;Particularmente negativas \u2013 sublinha o documento &#8211; s\u00e3o as tend\u00eancias ao individualismo, \u00e0 competitividade desenfreada, \u00e0 cultura do consumismo ou {a relativiza\u00e7\u00e3o da verdade e da \u00e9tica&#8221;.<\/p>\n<h2>A import\u00e2ncia da fam\u00edlia<\/h2>\n<p>Convencidos de que &#8220;o amor vivido nas fam\u00edlias \u00e9 uma for\u00e7a constante para a vida da Igreja&#8221; (AL 88), os participantes do encontro encorajam a promover &#8220;espa\u00e7os e experi\u00eancias que suscitem um olhar cr\u00edtico \u00e0 cultura do provis\u00f3rio e do ef\u00eamero&#8221;.<\/p>\n<p>&#8220;Uma vis\u00e3o que contribua para promover a cultura da vida e a dignidade das pessoas, para fortalecer as fam\u00edlias onde \u00a0sejam vividas a igualdade, o afeto, a responsabilidade, a hospitalidade, a dedica\u00e7\u00e3o m\u00fatua e o cuidado com os mais fracos. Um olhar que permita \u00e0s fam\u00edlias ter acesso ao trabalho, \u00e0 moradia, \u00e0 sa\u00fade e \u00e0 educa\u00e7\u00e3o completa para seus filhos&#8221;.<\/p>\n<h2>Dioceses participantes do encontro<\/h2>\n<p>Participaram do encontro, pela Argentina: Dioceses de Conc\u00f3rdia, Corrientes, Formosa e Santo Tom\u00e9. Pelo Brasil: Dioceses de Bag\u00e9, Chapec\u00f3, Pelotas, Santo \u00c2ngelo e Uruguaiana. Pelo Paraguai: Diocese de Encarnaci\u00f3n e pelo Uruguai, as Dioceses de Melo, Salto e Tacuaremb\u00f3.<\/p>\n<\/div>\n","protected":false},"excerpt":{"rendered":"<p>Apesar dos diferentes e contradit\u00f3rios cen\u00e1rios analisados, observa-se que a fam\u00edlia continua a ter uma import\u00e2ncia fundamental em nossa sociedade, tamb\u00e9m como &#8220;primeira transmissora dos valores e da f\u00e9&#8221;, diz o comunicado do 34\u00ba Encontro das Dioceses de Fronteira, realizado em Pelotas (RS). Cidade do Vaticano \u201cVivemos em um contexto social de fortes mudan\u00e7as nas [&hellip;]<\/p>\n","protected":false},"author":1,"featured_media":49523,"comment_status":"open","ping_status":"closed","sticky":false,"template":"","format":"standard","meta":{"footnotes":""},"categories":[3],"tags":[],"class_list":["post-49522","post","type-post","status-publish","format-standard","has-post-thumbnail","hentry","category-vaticano"],"_links":{"self":[{"href":"https:\/\/catolicanet.net\/wp-cnet\/wp-json\/wp\/v2\/posts\/49522","targetHints":{"allow":["GET"]}}],"collection":[{"href":"https:\/\/catolicanet.net\/wp-cnet\/wp-json\/wp\/v2\/posts"}],"about":[{"href":"https:\/\/catolicanet.net\/wp-cnet\/wp-json\/wp\/v2\/types\/post"}],"author":[{"embeddable":true,"href":"https:\/\/catolicanet.net\/wp-cnet\/wp-json\/wp\/v2\/users\/1"}],"replies":[{"embeddable":true,"href":"https:\/\/catolicanet.net\/wp-cnet\/wp-json\/wp\/v2\/comments?post=49522"}],"version-history":[{"count":1,"href":"https:\/\/catolicanet.net\/wp-cnet\/wp-json\/wp\/v2\/posts\/49522\/revisions"}],"predecessor-version":[{"id":49524,"href":"https:\/\/catolicanet.net\/wp-cnet\/wp-json\/wp\/v2\/posts\/49522\/revisions\/49524"}],"wp:featuredmedia":[{"embeddable":true,"href":"https:\/\/catolicanet.net\/wp-cnet\/wp-json\/wp\/v2\/media\/49523"}],"wp:attachment":[{"href":"https:\/\/catolicanet.net\/wp-cnet\/wp-json\/wp\/v2\/media?parent=49522"}],"wp:term":[{"taxonomy":"category","embeddable":true,"href":"https:\/\/catolicanet.net\/wp-cnet\/wp-json\/wp\/v2\/categories?post=49522"},{"taxonomy":"post_tag","embeddable":true,"href":"https:\/\/catolicanet.net\/wp-cnet\/wp-json\/wp\/v2\/tags?post=49522"}],"curies":[{"name":"wp","href":"https:\/\/api.w.org\/{rel}","templated":true}]}}