{"id":49509,"date":"2019-05-24T10:08:44","date_gmt":"2019-05-24T13:08:44","guid":{"rendered":"http:\/\/catolicanet.net\/wp-cnet\/?p=49509"},"modified":"2019-05-24T10:08:44","modified_gmt":"2019-05-24T13:08:44","slug":"papa-francisco-exorta-a-promover-a-cultura-da-crianca-e-da-adocao","status":"publish","type":"post","link":"https:\/\/catolicanet.net\/wp-cnet\/papa-francisco-exorta-a-promover-a-cultura-da-crianca-e-da-adocao\/","title":{"rendered":"Papa Francisco exorta a promover a &#8220;cultura da crian\u00e7a&#8221; e da ado\u00e7\u00e3o"},"content":{"rendered":"<div class=\"article__subTitle\">Na sauda\u00e7\u00e3o aos membros do Instituto do Hospital dos Inocentes de Floren\u00e7a, Francisco evidenciou que muitas vezes as pessoas querem adotar crian\u00e7as, mas que h\u00e1 uma grande burocracia \u2013 isso quando n\u00e3o h\u00e1 corrup\u00e7\u00e3o pelo meio, em que se paga&#8230; O Papa pediu para ser ajudado a semear a consci\u00eancia de que somos respons\u00e1veis pelas crian\u00e7as abandonadas, sozinhas, v\u00edtimas de guerras<\/div>\n<div class=\"title__separator\"><\/div>\n<div class=\"article__text\">\n<p><b>Cidade do Vaticano<\/b><\/p>\n<p>O Papa recebeu em audi\u00eancia na manh\u00e3 desta sexta-feira (24\/05), na Sala Clementina, no Vaticano, os membros do Instituto Hospital dos Inocentes de Floren\u00e7a \u2013 regi\u00e3o italiana da Toscana, um grupo de 70 pessoas. H\u00e1 seiscentos anos, a institui\u00e7\u00e3o acolhe, assiste e promove a inf\u00e2ncia.<\/p>\n<p>Tendo deixado de lado o texto previamente preparado para a ocasi\u00e3o, o qual foi entregue aos presentes, Francisco dirigiu-se espontaneamente aos presentes falando inicialmente \u2013 a partir das palavras de sauda\u00e7\u00e3o da presidente do Instituto \u2013 da \u201ccultura da crian\u00e7a\u201d. Hoje devemos retom\u00e1-la, disse.<\/p>\n<p>\u201cH\u00e1 uma cultura da surpresa no ver crescer, ver como se surpreendem com a vida, como entram em contato com a vida. E n\u00f3s devemos aprender a fazer o mesmo. Este caminho, essa estrada que todos n\u00f3s percorremos como crian\u00e7a, devemos retom\u00e1-la\u201d, enfatizou.<\/p>\n<p>Mencionando a passagem do evangelista S\u00e3o Marcos previamente citada: \u201cDeixai vir a mim as criancinhas\u201d; o Pont\u00edfice ressaltou que h\u00e1 outras passagens do Evangelho em que Jesus vai al\u00e9m: n\u00e3o somente fala em acolher as crian\u00e7as, e quem as acolhe, a Ele acolhe, vai al\u00e9m, prosseguiu. \u201cSe n\u00e3o vos tornardes como crian\u00e7as, n\u00e3o entrareis no Reino dos c\u00e9us.\u201d<\/p>\n<p>Francisco lembrou que o nosso Deus \u00e9 o Deus das surpresas que que n\u00f3s devemos, de algum modo, voltar \u00e0 simplicidade de uma crian\u00e7a e, sobretudo, \u00e0 capacidade de surpreender-nos.<\/p>\n<p>Neste instituto de seis s\u00e9culos de hist\u00f3ria, muitas vezes as m\u00e3es deixavam, junto a seus rec\u00e9m-nascidos, medalhas quebradas ao meio, com as quais esperavam, apresentando a outra metade, poder reconhecer seus filhos em tempos melhores.<\/p>\n<p>Retomando esse fato hist\u00f3rico, o Papa disse querer dizer outra coisa acerca daquelas medalhas quebradas (metade para a crian\u00e7a e metade para a m\u00e3e que o deixava no Instituto). \u201cHoje no mundo h\u00e1 muitas crian\u00e7as que idealmente t\u00eam a metade das medalhas. Est\u00e3o sozinhas. As v\u00edtimas das guerras, das migra\u00e7\u00f5es, as crian\u00e7as n\u00e3o acompanhadas, as v\u00edtimas da fome. Crian\u00e7as com metade da medalha. E quem tem a outra metade? A M\u00e3e Igreja\u201d, destacou o Pont\u00edfice.<\/p>\n<p>\u201cN\u00f3s temos a outra metade. \u00c9 preciso refletir e fazer entender \u00e0s pessoas que n\u00f3s somos respons\u00e1veis por esta outra metade e ajudar a fazer hoje outra \u2018casa dos inocentes\u2019, mas mundial, colocando em pr\u00e1tica a ado\u00e7\u00e3o\u201d, frisou.<\/p>\n<p>Francisco evidenciou que muitas vezes as pessoas querem adotar crian\u00e7as, mas que h\u00e1 uma grande burocracia \u2013 isso quando n\u00e3o h\u00e1 corrup\u00e7\u00e3o pelo meio, em que se paga&#8230; O Papa pediu para ser ajudado nisso: a semear a consci\u00eancia de que n\u00f3s temos a outra metade da medalha daquela crian\u00e7a.<\/p>\n<p>\u201cMuitas fam\u00edlias \u2013 disse por fim \u2013 que n\u00e3o t\u00eam filhos e certamente teriam o desejo de ter uma com a ado\u00e7\u00e3o: seguir adiante, criar uma cultura da ado\u00e7\u00e3o porque as crian\u00e7as abandonadas, sozinhas, v\u00edtimas de guerras, e outros, s\u00e3o muitas; que as pessoas aprendam a olhar para a outra metade e a dizer: \u2018Tamb\u00e9m eu tenho a outra metade\u2019.\u201d Francisco concluiu pedindo que eles trabalhassem nisso.<\/p>\n<\/div>\n","protected":false},"excerpt":{"rendered":"<p>Na sauda\u00e7\u00e3o aos membros do Instituto do Hospital dos Inocentes de Floren\u00e7a, Francisco evidenciou que muitas vezes as pessoas querem adotar crian\u00e7as, mas que h\u00e1 uma grande burocracia \u2013 isso quando n\u00e3o h\u00e1 corrup\u00e7\u00e3o pelo meio, em que se paga&#8230; O Papa pediu para ser ajudado a semear a consci\u00eancia de que somos respons\u00e1veis pelas [&hellip;]<\/p>\n","protected":false},"author":1,"featured_media":49510,"comment_status":"open","ping_status":"closed","sticky":false,"template":"","format":"standard","meta":{"footnotes":""},"categories":[13],"tags":[],"class_list":["post-49509","post","type-post","status-publish","format-standard","has-post-thumbnail","hentry","category-featured"],"_links":{"self":[{"href":"https:\/\/catolicanet.net\/wp-cnet\/wp-json\/wp\/v2\/posts\/49509","targetHints":{"allow":["GET"]}}],"collection":[{"href":"https:\/\/catolicanet.net\/wp-cnet\/wp-json\/wp\/v2\/posts"}],"about":[{"href":"https:\/\/catolicanet.net\/wp-cnet\/wp-json\/wp\/v2\/types\/post"}],"author":[{"embeddable":true,"href":"https:\/\/catolicanet.net\/wp-cnet\/wp-json\/wp\/v2\/users\/1"}],"replies":[{"embeddable":true,"href":"https:\/\/catolicanet.net\/wp-cnet\/wp-json\/wp\/v2\/comments?post=49509"}],"version-history":[{"count":1,"href":"https:\/\/catolicanet.net\/wp-cnet\/wp-json\/wp\/v2\/posts\/49509\/revisions"}],"predecessor-version":[{"id":49511,"href":"https:\/\/catolicanet.net\/wp-cnet\/wp-json\/wp\/v2\/posts\/49509\/revisions\/49511"}],"wp:featuredmedia":[{"embeddable":true,"href":"https:\/\/catolicanet.net\/wp-cnet\/wp-json\/wp\/v2\/media\/49510"}],"wp:attachment":[{"href":"https:\/\/catolicanet.net\/wp-cnet\/wp-json\/wp\/v2\/media?parent=49509"}],"wp:term":[{"taxonomy":"category","embeddable":true,"href":"https:\/\/catolicanet.net\/wp-cnet\/wp-json\/wp\/v2\/categories?post=49509"},{"taxonomy":"post_tag","embeddable":true,"href":"https:\/\/catolicanet.net\/wp-cnet\/wp-json\/wp\/v2\/tags?post=49509"}],"curies":[{"name":"wp","href":"https:\/\/api.w.org\/{rel}","templated":true}]}}