{"id":49485,"date":"2019-05-24T08:22:08","date_gmt":"2019-05-24T11:22:08","guid":{"rendered":"http:\/\/catolicanet.net\/wp-cnet\/?p=49485"},"modified":"2019-05-24T08:22:08","modified_gmt":"2019-05-24T11:22:08","slug":"membros-da-presidencia-da-cnbb-se-reunem-em-brasilia","status":"publish","type":"post","link":"https:\/\/catolicanet.net\/wp-cnet\/membros-da-presidencia-da-cnbb-se-reunem-em-brasilia\/","title":{"rendered":"Membros da Presid\u00eancia da CNBB se re\u00fanem em Bras\u00edlia"},"content":{"rendered":"<p>A Presid\u00eancia da Confer\u00eancia Nacional dos Bispos do Brasil (CNBB) esteve reunida na segunda-feira, 20 de maio, na sede da entidade, em Bras\u00edlia (DF). Durante todo o dia, foram diversas reuni\u00f5es para tratar de quest\u00f5es administrativas e da prepara\u00e7\u00e3o para a primeira reuni\u00e3o do Conselho Episcopal Pastoral (Consep) com os novos membros.<\/p>\n<div id=\"attachment_220292\" class=\"wp-caption alignleft\"><a href=\"http:\/\/www.cnbb.org.br\/presidencia-da-cnbb-realiza-primeira-reuniao-na-sede-da-entidade-em-brasilia\/presidencia-cnbb-2019-2023\/\"><img loading=\"lazy\" decoding=\"async\" class=\"size-medium wp-image-220292\" src=\"http:\/\/www.cnbb.org.br\/wp-content\/uploads\/sites\/32\/2019\/05\/Presid\u00eancia-CNBB-2019-2023-300x191.jpg\" srcset=\"http:\/\/www.cnbb.org.br\/wp-content\/uploads\/sites\/32\/2019\/05\/Presid\u00eancia-CNBB-2019-2023-300x191.jpg 300w, http:\/\/www.cnbb.org.br\/wp-content\/uploads\/sites\/32\/2019\/05\/Presid\u00eancia-CNBB-2019-2023-768x490.jpg 768w, http:\/\/www.cnbb.org.br\/wp-content\/uploads\/sites\/32\/2019\/05\/Presid\u00eancia-CNBB-2019-2023-1024x654.jpg 1024w, http:\/\/www.cnbb.org.br\/wp-content\/uploads\/sites\/32\/2019\/05\/Presid\u00eancia-CNBB-2019-2023.jpg 1031w\" alt=\"\" width=\"300\" height=\"191\" aria-describedby=\"caption-attachment-220292\" \/><\/a><\/p>\n<p id=\"caption-attachment-220292\" class=\"wp-caption-text\"><em>Da esquerda para a direita: dom M\u00e1rio, dom Walmor, dom Jaime e dom Joel | Foto: CNBB\/Daniel Flores<\/em><\/p>\n<\/div>\n<p>Os quatro membros da dire\u00e7\u00e3o da CNBB tiveram momentos com o bispo auxiliar de Bras\u00edlia dom Leonardo Steiner, que foi secret\u00e1rio-geral da CNBB entre 2011 e 2019. Tamb\u00e9m se reuniram com o ec\u00f4nomo da Confer\u00eancia, monsenhor Nereudo Freire Henrique; o assessor jur\u00eddico-civil, advogado Hugo Jos\u00e9 Sarubbi Cysneiros Oliveira; e a equipe da Assessoria de Imprensa da entidade, chefiada pelo padre Rafael Vieira.<\/p>\n<p>A nova Presid\u00eancia da CNBB \u00e9 composta pelo arcebispo de Belo Horizonte (MG), dom Walmor Oliveira de Azevedo, presidente; o arcebispo de Porto Alegre (RS) e primeiro vice-presidente, dom Jaime Spengler; o bispo de Roraima (RR), dom M\u00e1rio Ant\u00f4nio da Silva, segundo vice-presidente; e o bispo auxiliar do Rio de Janeiro e secret\u00e1rio-geral, dom Joel Portella Amado.<\/p>\n<p>Na pr\u00f3xima semana, dias 28 e 29 de maio, haver\u00e1 a primeira reuni\u00e3o do Consep com a nova configura\u00e7\u00e3o: a nova Presid\u00eancia e os novos presidentes das doze Comiss\u00f5es Episcopais Pastorais. Todos foram eleitos durante a 57\u00aa Assembleia Geral da CNBB, realizada de 1 a 10 de maio, em Aparecida (SP).<\/p>\n","protected":false},"excerpt":{"rendered":"<p>A Presid\u00eancia da Confer\u00eancia Nacional dos Bispos do Brasil (CNBB) esteve reunida na segunda-feira, 20 de maio, na sede da entidade, em Bras\u00edlia (DF). Durante todo o dia, foram diversas reuni\u00f5es para tratar de quest\u00f5es administrativas e da prepara\u00e7\u00e3o para a primeira reuni\u00e3o do Conselho Episcopal Pastoral (Consep) com os novos membros. Da esquerda para [&hellip;]<\/p>\n","protected":false},"author":1,"featured_media":49486,"comment_status":"open","ping_status":"closed","sticky":false,"template":"","format":"standard","meta":{"footnotes":""},"categories":[7],"tags":[],"class_list":["post-49485","post","type-post","status-publish","format-standard","has-post-thumbnail","hentry","category-cnbb"],"_links":{"self":[{"href":"https:\/\/catolicanet.net\/wp-cnet\/wp-json\/wp\/v2\/posts\/49485","targetHints":{"allow":["GET"]}}],"collection":[{"href":"https:\/\/catolicanet.net\/wp-cnet\/wp-json\/wp\/v2\/posts"}],"about":[{"href":"https:\/\/catolicanet.net\/wp-cnet\/wp-json\/wp\/v2\/types\/post"}],"author":[{"embeddable":true,"href":"https:\/\/catolicanet.net\/wp-cnet\/wp-json\/wp\/v2\/users\/1"}],"replies":[{"embeddable":true,"href":"https:\/\/catolicanet.net\/wp-cnet\/wp-json\/wp\/v2\/comments?post=49485"}],"version-history":[{"count":1,"href":"https:\/\/catolicanet.net\/wp-cnet\/wp-json\/wp\/v2\/posts\/49485\/revisions"}],"predecessor-version":[{"id":49487,"href":"https:\/\/catolicanet.net\/wp-cnet\/wp-json\/wp\/v2\/posts\/49485\/revisions\/49487"}],"wp:featuredmedia":[{"embeddable":true,"href":"https:\/\/catolicanet.net\/wp-cnet\/wp-json\/wp\/v2\/media\/49486"}],"wp:attachment":[{"href":"https:\/\/catolicanet.net\/wp-cnet\/wp-json\/wp\/v2\/media?parent=49485"}],"wp:term":[{"taxonomy":"category","embeddable":true,"href":"https:\/\/catolicanet.net\/wp-cnet\/wp-json\/wp\/v2\/categories?post=49485"},{"taxonomy":"post_tag","embeddable":true,"href":"https:\/\/catolicanet.net\/wp-cnet\/wp-json\/wp\/v2\/tags?post=49485"}],"curies":[{"name":"wp","href":"https:\/\/api.w.org\/{rel}","templated":true}]}}