{"id":4948,"date":"2014-08-05T14:02:03","date_gmt":"2014-08-05T17:02:03","guid":{"rendered":"http:\/\/catolicanet.net\/wp-cnet\/arquidiocese-de-passo-fundo-acolhe-novo-diacono-no-mes-vocacional\/"},"modified":"2017-04-06T11:01:14","modified_gmt":"2017-04-06T14:01:14","slug":"arquidiocese-de-passo-fundo-acolhe-novo-diacono-no-mes-vocacional","status":"publish","type":"post","link":"https:\/\/catolicanet.net\/wp-cnet\/arquidiocese-de-passo-fundo-acolhe-novo-diacono-no-mes-vocacional\/","title":{"rendered":"Arquidiocese de Passo Fundo acolhe novo di\u00e1cono no m\u00eas vocacional"},"content":{"rendered":"<p style=\"text-align: justify;\">\n<p><strong>O diaconato \u00e9 o primeiro grau da Ordem e, neste caso, mais um passo para que o jovem se torne padre<br \/><\/strong><br \/><img decoding=\"async\" src=\"http:\/\/catolicanet.com.br\/images\/stories\/ordenacao daniel feltes 45.jpg\" border=\"0\" align=\"left\" \/>A Igreja celebra em agosto um tempo especial para refletir e olhar atentamente para as voca\u00e7\u00f5es. Leigos, religiosos, religiosas, fam\u00edlias, di\u00e1conos, padres e bispos s\u00e3o sinais vivos do povo de Deus e, portanto, partes fundamentais do corpo da Igreja.<br \/>Para abrir com excel\u00eancia o m\u00eas, a Arquidiocese de Passo Fundo celebrou com o seminarista Daniel Rodrigo Feltes, sua ordena\u00e7\u00e3o diaconal, ocorrida na tarde do \u00faltimo domingo, 03 de agosto, na comunidade S\u00e3o Jos\u00e9 do Maneador, em Nova Boa Vista.<br \/>Daniel \u00e9 o filho mais novo de Neiva Maria e Rog\u00e9rio Feltes e irm\u00e3o dos g\u00eameos Fabiane Cristina e F\u00e1bio Luiz. Natural do interior de Sarandi, nasceu em 17 de novembro de 1990 e cresceu em um contexto comunit\u00e1rio de muitas voca\u00e7\u00f5es.<br \/>Com o lema escolhido: \u201cEu vim para que todos tenham vida\u201d (Jo 10, 10), Daniel foi apresentado pelo formador da comunidade de Teologia \u2013 Pe. Ivanir Rodighero \u2013 ao arcebispo. Ap\u00f3s ter sido aceito para a ordem do diaconato, recebeu a t\u00fanica, a estola e o livro dos evangelhos. Durante o rito de ordena\u00e7\u00e3o, em um dos momentos mais marcantes da celebra\u00e7\u00e3o, o jovem deitou-se no ch\u00e3o como sinal de total entrega e disposi\u00e7\u00e3o ao projeto assumido. Acompanhando a ladainha de todos os Santos,\u00a0 a comunidade\u00a0 rogou a Deus que derrame sua b\u00ean\u00e7\u00e3o sobre o novo servo.<br \/>A celebra\u00e7\u00e3o de ordena\u00e7\u00e3o foi presidida pelo arcebispo de Passo Fundo, dom Antonio Carlos Altieri e contou com presen\u00e7a de diversos sacerdotes, familiares, amigos e membros da comunidade. Durante a homilia, dom Altieri acolheu Daniel lembrando-lhe de tr\u00eas chaves essenciais para o exerc\u00edcio de seu minist\u00e9rio. \u201cAs tr\u00eas mesas da diaconia devem ser a meta de sua voca\u00e7\u00e3o nestes tempos: a mesa da Palavra, da Eucaristia e da Caridade. Com a Palavra anunciar\u00e1s o verbo Divino e seu projeto de amor concretizado no Reino de Deus; com a viv\u00eancia da Eucaristia voc\u00ea levar\u00e1 seus irm\u00e3os \u00e0 fonte e ao \u00e1pice da vida crist\u00e3, [&#8230;] e, pela Caridade levar\u00e1s a presen\u00e7a de Cristo, amigo dos pobres, dos \u00f3rf\u00e3os e das vi\u00favas\u201d, explicou o arcebispo.<br \/> Daniel, que agradeceu de forma especial sua fam\u00edlia, formadores, amigos e todos os que fizeram parte de sua vida e da caminhada de nove anos e meio de forma\u00e7\u00e3o, ressaltou em entrevista a felicidade pela decis\u00e3o tomada. \u201cSer ordenado di\u00e1cono \u00e9 uma alegria e um compromisso. Toda a prepara\u00e7\u00e3o e a ansiedade fazem parte deste caminho percorrido, que me levou a dar este passo. Senti que deveria seguir em frente, assumindo um novo compromisso diante da Igreja e do povo de Deus\u201d, ressaltou. Segundo ele, ser ordenado na sua comunidade de origem \u00e9 tamb\u00e9m motivo para agradecer e celebrar. \u201cEstar na minha comunidade, com meus amigos e familiares, me alegra e motiva profundamente\u201d, afirmou Daniel. <br \/>Atualmente, o neodi\u00e1cono desempenha sua miss\u00e3o pastoral junto \u00e0 comunidade Santo Ant\u00f4nio, do munic\u00edpio de Santo Ant\u00f4nio do Planalto, que pertence \u00e0 Par\u00f3quia Nossa Senhora de F\u00e1tima de Carazinho.<\/p>\n<p>Vict\u00f3ria Holzbach<br \/>Assessoria de Comunica\u00e7\u00e3o da Arquidiocese de Passo Fundo<br \/>Email: imprensa@arquidiocesedepassofundo.com.br<br \/>Fotos: Vict\u00f3ria Holzbach<br \/>Telefone: (54) 3045 9243<br \/>Site: www.arquidiocesedepassofundo.com.br<\/p>\n","protected":false},"excerpt":{"rendered":"<p>O diaconato \u00e9 o primeiro grau da Ordem e, neste caso, mais um passo para que o jovem se torne padreA Igreja celebra em agosto um tempo especial para refletir e olhar atentamente para as voca\u00e7\u00f5es. Leigos, religiosos, religiosas, fam\u00edlias, di\u00e1conos, padres e bispos s\u00e3o sinais vivos do povo de Deus e, portanto, partes fundamentais [&hellip;]<\/p>\n","protected":false},"author":1,"featured_media":0,"comment_status":"closed","ping_status":"closed","sticky":false,"template":"","format":"standard","meta":{"footnotes":""},"categories":[4],"tags":[],"class_list":["post-4948","post","type-post","status-publish","format-standard","hentry","category-cotidiano"],"_links":{"self":[{"href":"https:\/\/catolicanet.net\/wp-cnet\/wp-json\/wp\/v2\/posts\/4948","targetHints":{"allow":["GET"]}}],"collection":[{"href":"https:\/\/catolicanet.net\/wp-cnet\/wp-json\/wp\/v2\/posts"}],"about":[{"href":"https:\/\/catolicanet.net\/wp-cnet\/wp-json\/wp\/v2\/types\/post"}],"author":[{"embeddable":true,"href":"https:\/\/catolicanet.net\/wp-cnet\/wp-json\/wp\/v2\/users\/1"}],"replies":[{"embeddable":true,"href":"https:\/\/catolicanet.net\/wp-cnet\/wp-json\/wp\/v2\/comments?post=4948"}],"version-history":[{"count":1,"href":"https:\/\/catolicanet.net\/wp-cnet\/wp-json\/wp\/v2\/posts\/4948\/revisions"}],"predecessor-version":[{"id":9841,"href":"https:\/\/catolicanet.net\/wp-cnet\/wp-json\/wp\/v2\/posts\/4948\/revisions\/9841"}],"wp:attachment":[{"href":"https:\/\/catolicanet.net\/wp-cnet\/wp-json\/wp\/v2\/media?parent=4948"}],"wp:term":[{"taxonomy":"category","embeddable":true,"href":"https:\/\/catolicanet.net\/wp-cnet\/wp-json\/wp\/v2\/categories?post=4948"},{"taxonomy":"post_tag","embeddable":true,"href":"https:\/\/catolicanet.net\/wp-cnet\/wp-json\/wp\/v2\/tags?post=4948"}],"curies":[{"name":"wp","href":"https:\/\/api.w.org\/{rel}","templated":true}]}}