{"id":49479,"date":"2019-05-24T08:09:00","date_gmt":"2019-05-24T11:09:00","guid":{"rendered":"http:\/\/catolicanet.net\/wp-cnet\/?p=49479"},"modified":"2019-05-24T08:09:00","modified_gmt":"2019-05-24T11:09:00","slug":"em-sintonia-com-o-sinodo-repam-brasil-encerra-ciclo-de-atividades-na-europa","status":"publish","type":"post","link":"https:\/\/catolicanet.net\/wp-cnet\/em-sintonia-com-o-sinodo-repam-brasil-encerra-ciclo-de-atividades-na-europa\/","title":{"rendered":"Em sintonia com o S\u00ednodo, Repam-Brasil encerra ciclo de atividades na Europa"},"content":{"rendered":"<p>Depois de dias de reuni\u00f5es, encontros, palestras, ora\u00e7\u00f5es e entrevistas, representantes da Rede Eclesial Pan-Amaz\u00f4nica (REPAM) retornam ao Brasil. A viagem de volta ocorreu na tarde da quinta-feira (noite na Europa), quando irm\u00e3 Maria Irene Lopes, assessora da Comiss\u00e3o Episcopal para a Amaz\u00f4nia e secret\u00e1ria executiva da REPAM-Brasil, e dom Roque Paloschi, arcebispo de Porto Velho (RO) e presidente do Conselho Indigenista Mission\u00e1rio (CIMI), embarcaram em Roma para S\u00e3o Paulo.<\/p>\n<div id=\"attachment_220411\" class=\"wp-caption alignright\"><a href=\"http:\/\/www.cnbb.org.br\/?attachment_id=220411\"><img loading=\"lazy\" decoding=\"async\" class=\"wp-image-220411 size-medium\" src=\"http:\/\/www.cnbb.org.br\/wp-content\/uploads\/sites\/32\/2019\/05\/WhatsApp-Image-2019-05-23-at-15.06.27-1-300x169.jpeg\" srcset=\"http:\/\/www.cnbb.org.br\/wp-content\/uploads\/sites\/32\/2019\/05\/WhatsApp-Image-2019-05-23-at-15.06.27-1-300x169.jpeg 300w, http:\/\/www.cnbb.org.br\/wp-content\/uploads\/sites\/32\/2019\/05\/WhatsApp-Image-2019-05-23-at-15.06.27-1-768x432.jpeg 768w, http:\/\/www.cnbb.org.br\/wp-content\/uploads\/sites\/32\/2019\/05\/WhatsApp-Image-2019-05-23-at-15.06.27-1-1024x576.jpeg 1024w, http:\/\/www.cnbb.org.br\/wp-content\/uploads\/sites\/32\/2019\/05\/WhatsApp-Image-2019-05-23-at-15.06.27-1.jpeg 1280w\" alt=\"\" width=\"300\" height=\"169\" aria-describedby=\"caption-attachment-220411\" \/><\/a><\/p>\n<p id=\"caption-attachment-220411\" class=\"wp-caption-text\">Cr\u00e9dito: Repam\/Brasil<\/p>\n<\/div>\n<p>A \u00faltima atividade dos brasileiros foi um encontro com 70 religiosas, Filhas da Caridade, na comunidade da Capela Nossa Senhora da Medalha Milagrosa, em Paris, na tarde da \u00faltima quarta-feira. O local, que \u00e9 um dos grandes centros de peregrina\u00e7\u00f5es da Fran\u00e7a, costuma receber muitos brasileiros e as religiosas tiveram interesse em saber mais sobre o S\u00ednodo Para a Amaz\u00f4nia.<\/p>\n<p>De acordo com a irm\u00e3 Maria Irene Lopes, o encontro foi uma oportunidade de partilhar as experi\u00eancias vividas no processo Sinodal e sobre a Amaz\u00f4nia brasileira. \u201cElas se colocaram \u00e0 disposi\u00e7\u00e3o para ora\u00e7\u00f5es em sintonia com o S\u00ednodo e disseram que far\u00e3o momentos espec\u00edficos durante o S\u00ednodo na Capela da Medalha Milagrosa\u201d, acrescentou irm\u00e3 Irene sobre o di\u00e1logo com as religiosas da Caridade.<\/p>\n<p>Ainda em Paris, na quarta-feira,22, dom Roque e irm\u00e3 Maria Irene estiveram na Confer\u00eancia Episcopal da Fran\u00e7a para tamb\u00e9m partilhar sobre o S\u00ednodo para a Amaz\u00f4nia e a realidade dos povos ind\u00edgenas e comunidades tradicionais daquela regi\u00e3o. Desde a semana passada, os religiosos brasileiros, acompanhados do padre Raimundo Vanthuy Neto, da diocese de Roraima e que atualmente reside em Lyon \u2013 Fran\u00e7a, visitaram diversas institui\u00e7\u00f5es francesas, participaram de reuni\u00f5es estrat\u00e9gicas, conversaram com jornalistas e religiosos e rezaram com peregrinos.<\/p>\n<p><strong>Conselho Pr\u00e9-Sinodal<\/strong><\/p>\n<p>A viagem come\u00e7ou, em Roma, com a reuni\u00e3o do\u00a0Conselho Pr\u00e9-Sinodal. Entre os dias 14 e 15 desse m\u00eas, membros do Conselho, consultores da Secretaria Geral, especialistas e convidados realizaram reuni\u00e3o para leitura, avalia\u00e7\u00e3o e aprova\u00e7\u00e3o do I<em>nstrumentum Laboris<\/em>\u00a0do S\u00ednodo para a Amaz\u00f4nia.<\/p>\n<p>O Documento aprovado na reuni\u00e3o, que servir\u00e1 de base para as discuss\u00f5es da assembleia que ser\u00e1 realizada em outubro, no Vaticano, foi dividido em tr\u00eas partes que abordam os seguintes temas: \u00a0Voz da Amaz\u00f4nia, entendida como a escuta dos territ\u00f3rios; Ecologia Integral; e Igreja com rosto Amaz\u00f4nico.<\/p>\n<p>A propostas \u00e9 que o documento fique pronto ainda no m\u00eas de junho e seja encaminhado \u00e0s Confer\u00eancias Episcopais interessadas e demais organismos das Igreja que ter\u00e3o representantes no S\u00ednodo. O Documento tamb\u00e9m ser\u00e1 disponibilizado e divulgado para toda a Igreja de forma envolver o maior n\u00famero de pessoas no processo e discuss\u00e3o desse S\u00ednodo que \u00e9 para a Amaz\u00f4nia e para toda a Igreja Universal.<\/p>\n<p>&nbsp;<\/p>\n<p><strong>Com informa\u00e7\u00f5es da Repam\/Brasil<\/strong><\/p>\n","protected":false},"excerpt":{"rendered":"<p>Depois de dias de reuni\u00f5es, encontros, palestras, ora\u00e7\u00f5es e entrevistas, representantes da Rede Eclesial Pan-Amaz\u00f4nica (REPAM) retornam ao Brasil. A viagem de volta ocorreu na tarde da quinta-feira (noite na Europa), quando irm\u00e3 Maria Irene Lopes, assessora da Comiss\u00e3o Episcopal para a Amaz\u00f4nia e secret\u00e1ria executiva da REPAM-Brasil, e dom Roque Paloschi, arcebispo de Porto [&hellip;]<\/p>\n","protected":false},"author":1,"featured_media":49480,"comment_status":"open","ping_status":"closed","sticky":false,"template":"","format":"standard","meta":{"footnotes":""},"categories":[7],"tags":[],"class_list":["post-49479","post","type-post","status-publish","format-standard","has-post-thumbnail","hentry","category-cnbb"],"_links":{"self":[{"href":"https:\/\/catolicanet.net\/wp-cnet\/wp-json\/wp\/v2\/posts\/49479","targetHints":{"allow":["GET"]}}],"collection":[{"href":"https:\/\/catolicanet.net\/wp-cnet\/wp-json\/wp\/v2\/posts"}],"about":[{"href":"https:\/\/catolicanet.net\/wp-cnet\/wp-json\/wp\/v2\/types\/post"}],"author":[{"embeddable":true,"href":"https:\/\/catolicanet.net\/wp-cnet\/wp-json\/wp\/v2\/users\/1"}],"replies":[{"embeddable":true,"href":"https:\/\/catolicanet.net\/wp-cnet\/wp-json\/wp\/v2\/comments?post=49479"}],"version-history":[{"count":1,"href":"https:\/\/catolicanet.net\/wp-cnet\/wp-json\/wp\/v2\/posts\/49479\/revisions"}],"predecessor-version":[{"id":49481,"href":"https:\/\/catolicanet.net\/wp-cnet\/wp-json\/wp\/v2\/posts\/49479\/revisions\/49481"}],"wp:featuredmedia":[{"embeddable":true,"href":"https:\/\/catolicanet.net\/wp-cnet\/wp-json\/wp\/v2\/media\/49480"}],"wp:attachment":[{"href":"https:\/\/catolicanet.net\/wp-cnet\/wp-json\/wp\/v2\/media?parent=49479"}],"wp:term":[{"taxonomy":"category","embeddable":true,"href":"https:\/\/catolicanet.net\/wp-cnet\/wp-json\/wp\/v2\/categories?post=49479"},{"taxonomy":"post_tag","embeddable":true,"href":"https:\/\/catolicanet.net\/wp-cnet\/wp-json\/wp\/v2\/tags?post=49479"}],"curies":[{"name":"wp","href":"https:\/\/api.w.org\/{rel}","templated":true}]}}