{"id":49451,"date":"2019-05-22T09:30:48","date_gmt":"2019-05-22T12:30:48","guid":{"rendered":"http:\/\/catolicanet.net\/wp-cnet\/?p=49451"},"modified":"2019-05-22T09:30:48","modified_gmt":"2019-05-22T12:30:48","slug":"caso-lambert-corte-de-apelacao-de-paris-ordena-a-retomada-dos-tratamentos","status":"publish","type":"post","link":"https:\/\/catolicanet.net\/wp-cnet\/caso-lambert-corte-de-apelacao-de-paris-ordena-a-retomada-dos-tratamentos\/","title":{"rendered":"Caso Lambert: Corte de Apela\u00e7\u00e3o de Paris ordena a retomada dos tratamentos"},"content":{"rendered":"<div class=\"article__subTitle\">No hospital de Reims, na Fran\u00e7a, o tetrapl\u00e9gico de 42 anos tinha sido sedado e sua hidrata\u00e7\u00e3o retirada. Durante a noite, os magistrados acolheram o recurso da fam\u00edlia e ordenam o rein\u00edcio do tratamento at\u00e9 que uma comiss\u00e3o da ONU se pronuncie. O Papa em um tweet: preservar sempre a vida, n\u00e3o a cultura do descarte.<\/div>\n<div class=\"title__separator\"><\/div>\n<div class=\"article__text\">\n<p><b>Roberto Piermarini &#8211; Cidade do Vaticano<\/b><\/p>\n<p>Ontem foi um dia dram\u00e1tico para Vincent Lambert, o homem em estado vegetativo por mais de 10 anos e que se tornou o s\u00edmbolo do direito ao fim da vida na Fran\u00e7a. Ap\u00f3s um conflito de dez anos que parecia ter terminado, entre fac\u00e7\u00f5es pol\u00edticas, fam\u00edlias e tribunais, o m\u00e9dico &#8211; como previsto &#8211; anunciara de manh\u00e3 a suspens\u00e3o dos tratamentos. Controv\u00e9rsias, desespero dos pais, depois \u00e0 noite a reviravolta: a Corte de Apela\u00e7\u00e3o de Paris ordenou a retomada dos tratamentos at\u00e9 que um Comit\u00ea da ONU, ao qual os advogados dos pais enviaram um dos muitos recursos, n\u00e3o tenha se pronunciado.<\/p>\n<h2>Tudo depende agora da decis\u00e3o dos especialistas da ONU<\/h2>\n<p>\u201c\u00c9 uma grande vit\u00f3ria, gritou o advogado Jean Paillot. A Fran\u00e7a \u00e9 obrigada a aplicar as disposi\u00e7\u00f5es da conven\u00e7\u00e3o internacional!\u201d Os advogados, depois de terem perdido tanto nos tribunais franceses em todas as inst\u00e2ncias como perante o Tribunal Europeu dos Direitos do Homem, recorreram em 3 de maio ao Comit\u00ea Internacional dos Direitos das Pessoas com Defici\u00eancia das Na\u00e7\u00f5es Unidas. Tal inst\u00e2ncia tinha solicitado ao Estado franc\u00eas que aguardasse seis meses pelo exame do Comit\u00ea sobre a quest\u00e3o. O tribunal franc\u00eas n\u00e3o aceitara o pedido, mas, depois de apresentarem um recurso, os pais obtiveram uma vit\u00f3ria, mesmo que apenas suspensiva. Por mais seis meses, tudo depender\u00e1 da decis\u00e3o que vir\u00e1 dos especialistas da ONU.<\/p>\n<h2>Os apelos do Papa: s\u00f3 Deus \u00e9 o dono da vida<\/h2>\n<p>No ano passado, o Papa Francisco lan\u00e7ou dois apelos p\u00fablicos em favor de Vincent Lambert, aproximando-o da hist\u00f3ria do pequeno Alfie Evans. Em 15 de abril de 2018, por ocasi\u00e3o do\u00a0<a href=\"https:\/\/w2.vatican.va\/content\/francesco\/it\/angelus\/2018\/documents\/papa-francesco_regina-coeli_20180415.html\" rel=\"external nofollow\">Regina Caeli<\/a>, ele disse:<\/p>\n<p><i>\u201cConfio \u00e0 vossa ora\u00e7\u00e3o as pessoas como Vincent Lambert, na Fran\u00e7a, o pequeno Alfie Evans, na Inglaterra, e outros em diferentes pa\u00edses, que vivem, \u00e0s vezes por muito tempo, em estado de grave enfermidade, assistidos medicamente para as necessidades b\u00e1sicas. S\u00e3o situa\u00e7\u00f5es delicadas, muito dolorosas e complexas. Rezemos para que cada paciente seja sempre respeitado na sua dignidade e tratado de forma adequada \u00e0 sua condi\u00e7\u00e3o, com a contribui\u00e7\u00e3o concorde dos familiares, dos m\u00e9dicos e de outros profissionais de sa\u00fade, com grande respeito pela vida\u201d.<\/i><\/p>\n<p>Tr\u00eas dias depois, no final da audi\u00eancia geral de 18 de Abril de 2018, ele disse:<\/p>\n<p><i>\u201cChamo novamente a aten\u00e7\u00e3o para Vincent Lambert e o pequeno Alfie Evans, e gostaria de reiterar e confirmar fortemente que o \u00fanico dono da vida, do in\u00edcio ao fim natural, \u00e9 Deus! E o nosso dever, o nosso dever \u00e9 fazer tudo para proteger a vida\u201d.<\/i><\/p>\n<h2>Dom Aupetit: uma escolha entre civiliza\u00e7\u00e3o do descarte ou civiliza\u00e7\u00e3o do amor<\/h2>\n<p>O Arcebispo de Paris, dom Michel Aupetit, tamb\u00e9m interveio contra a decis\u00e3o dos m\u00e9dicos de suspender os cuidados paliativos para Vincent Lambert. Em seu comunicado, dom Aupetit fez uma compara\u00e7\u00e3o com o caso do ex-campe\u00e3o de F\u00f3rmula 1 Michael Schumacher, afirmando que &#8220;apesar de sua celebridade&#8221;, no seu caso &#8220;a m\u00eddia n\u00e3o se apropriou deste caso m\u00e9dico e ele pode desfrutar de cuidados especializados e cuidadosos no setor privado&#8221;. Segundo o prelado, Lambert &#8220;tem os olhos abertos, respira normalmente, est\u00e1 num estado est\u00e1vel e n\u00e3o em fim de vida&#8221;. Dom Aupetit diz que estamos diante de &#8220;uma escolha muito clara de civiliza\u00e7\u00f5es&#8221; em nossa sociedade: considerar os seres humanos como &#8220;rob\u00f4s funcionais&#8221; que podem ser eliminados &#8220;quando n\u00e3o s\u00e3o mais necess\u00e1rios&#8221;, ou considerar &#8220;que a humanidade est\u00e1 baseada, n\u00e3o na utilidade de uma vida, mas na qualidade das rela\u00e7\u00f5es entre as pessoas, que revela o amor&#8221;. A decis\u00e3o de suspender os cuidados b\u00e1sicos de um paciente com defici\u00eancia \u00e9 contr\u00e1ria \u00e0 lei Leonetti, observou o Arcebispo de Paris. Al\u00e9m disso, no seu caso, n\u00e3o se trata de &#8220;obstina\u00e7\u00e3o terap\u00eautica&#8221;, porque n\u00e3o se trata de um doente terminal, mas simplesmente de um homem que necessita de cuidados corporais e nutricionais b\u00e1sicos, cuidados devidos tamb\u00e9m aos idosos que n\u00e3o s\u00e3o auto-suficientes ou a prematuros. Mais uma vez \u2013 afirma dom Aupetit &#8211; estamos diante de uma escolha decisiva: a civiliza\u00e7\u00e3o do descarte ou a civiliza\u00e7\u00e3o do amor.<\/p>\n<\/div>\n","protected":false},"excerpt":{"rendered":"<p>No hospital de Reims, na Fran\u00e7a, o tetrapl\u00e9gico de 42 anos tinha sido sedado e sua hidrata\u00e7\u00e3o retirada. Durante a noite, os magistrados acolheram o recurso da fam\u00edlia e ordenam o rein\u00edcio do tratamento at\u00e9 que uma comiss\u00e3o da ONU se pronuncie. O Papa em um tweet: preservar sempre a vida, n\u00e3o a cultura do [&hellip;]<\/p>\n","protected":false},"author":1,"featured_media":49452,"comment_status":"open","ping_status":"closed","sticky":false,"template":"","format":"standard","meta":{"footnotes":""},"categories":[3],"tags":[],"class_list":["post-49451","post","type-post","status-publish","format-standard","has-post-thumbnail","hentry","category-vaticano"],"_links":{"self":[{"href":"https:\/\/catolicanet.net\/wp-cnet\/wp-json\/wp\/v2\/posts\/49451","targetHints":{"allow":["GET"]}}],"collection":[{"href":"https:\/\/catolicanet.net\/wp-cnet\/wp-json\/wp\/v2\/posts"}],"about":[{"href":"https:\/\/catolicanet.net\/wp-cnet\/wp-json\/wp\/v2\/types\/post"}],"author":[{"embeddable":true,"href":"https:\/\/catolicanet.net\/wp-cnet\/wp-json\/wp\/v2\/users\/1"}],"replies":[{"embeddable":true,"href":"https:\/\/catolicanet.net\/wp-cnet\/wp-json\/wp\/v2\/comments?post=49451"}],"version-history":[{"count":1,"href":"https:\/\/catolicanet.net\/wp-cnet\/wp-json\/wp\/v2\/posts\/49451\/revisions"}],"predecessor-version":[{"id":49453,"href":"https:\/\/catolicanet.net\/wp-cnet\/wp-json\/wp\/v2\/posts\/49451\/revisions\/49453"}],"wp:featuredmedia":[{"embeddable":true,"href":"https:\/\/catolicanet.net\/wp-cnet\/wp-json\/wp\/v2\/media\/49452"}],"wp:attachment":[{"href":"https:\/\/catolicanet.net\/wp-cnet\/wp-json\/wp\/v2\/media?parent=49451"}],"wp:term":[{"taxonomy":"category","embeddable":true,"href":"https:\/\/catolicanet.net\/wp-cnet\/wp-json\/wp\/v2\/categories?post=49451"},{"taxonomy":"post_tag","embeddable":true,"href":"https:\/\/catolicanet.net\/wp-cnet\/wp-json\/wp\/v2\/tags?post=49451"}],"curies":[{"name":"wp","href":"https:\/\/api.w.org\/{rel}","templated":true}]}}