{"id":49421,"date":"2019-05-21T08:53:36","date_gmt":"2019-05-21T11:53:36","guid":{"rendered":"http:\/\/catolicanet.net\/wp-cnet\/?p=49421"},"modified":"2019-05-21T08:53:36","modified_gmt":"2019-05-21T11:53:36","slug":"centenario-das-relacoes-entre-polonia-e-santa-se-promover-bem-comum-e-paz-nas-nacoes","status":"publish","type":"post","link":"https:\/\/catolicanet.net\/wp-cnet\/centenario-das-relacoes-entre-polonia-e-santa-se-promover-bem-comum-e-paz-nas-nacoes\/","title":{"rendered":"Centen\u00e1rio das rela\u00e7\u00f5es entre Pol\u00f4nia e Santa S\u00e9: promover bem comum e paz nas na\u00e7\u00f5es"},"content":{"rendered":"<div class=\"article__subTitle\">O secret\u00e1rio vaticano das Rela\u00e7\u00f5es com os Estados, Dom Paul Richard Gallagher, esteve em Vars\u00f3via, na Pol\u00f4nia, para sess\u00e3o solene cient\u00edfica que marcou o anivers\u00e1rio de 100 anos da retomada das rela\u00e7\u00f5es diplom\u00e1ticas entre os dois Estados. Em pronunciamento, afirmou que o objetivo de cada na\u00e7\u00e3o \u00e9 o bem comum, o que inclui a promo\u00e7\u00e3o da paz.<\/div>\n<div class=\"title__separator\"><\/div>\n<div class=\"article__text\">\n<p><b>Andressa Collet \u2013 Cidade do Vaticano<\/b><\/p>\n<p>Uma sess\u00e3o solene cient\u00edfica marcou o anivers\u00e1rio de <i>100 anos da retomada das rela\u00e7\u00f5es diplom\u00e1ticas entre a Pol\u00f4nia e a Santa S\u00e9 <\/i>nesta segunda-feira (20), em Vars\u00f3via. O secret\u00e1rio vaticano das Rela\u00e7\u00f5es com os Estados, Dom Paul Richard Gallagher, participou do evento e afirmou que o objetivo de cada na\u00e7\u00e3o \u00e9 o bem comum no sentido mais amplo, o que inclui a promo\u00e7\u00e3o da paz interna e externamente.<\/p>\n<p>O arcebispo sublinhou que \u201ccada Estado tem um elemento intr\u00ednseco transcendente: depende e se refere a algo al\u00e9m de si mesmo\u201d. Dom Gallagher acrescentou que n\u00e3o trata \u201csomente do aspecto escatol\u00f3gico e de car\u00e1ter tempor\u00e2neo de cada ordem p\u00fablica, mas do fato de que um \u00fanico Estado nunca pode ser autossuficiente e que \u2018\u00e9 o papel do Estado defender e promover o bem comum da sociedade civilizada\u2019 (CCC, No. 1927).<\/p>\n<div>\n<div class=\"article__embed article__embed--unwrap article__embed--dark\">\n<div class=\"article__innerTitle\">Ou\u00e7a a reportagem e compartilhe<\/div>\n<!--[if lt IE 9]><script>document.createElement('audio');<\/script><![endif]-->\n<audio class=\"wp-audio-shortcode\" id=\"audio-49421-1\" preload=\"none\" style=\"width: 100%;\" controls=\"controls\"><source type=\"audio\/mpeg\" src=\"https:\/\/media.vaticannews.va\/media\/audio\/s1\/2019\/05\/21\/12\/135032988_F135032988.mp3?_=1\" \/><a href=\"https:\/\/media.vaticannews.va\/media\/audio\/s1\/2019\/05\/21\/12\/135032988_F135032988.mp3\">https:\/\/media.vaticannews.va\/media\/audio\/s1\/2019\/05\/21\/12\/135032988_F135032988.mp3<\/a><\/audio>\n<\/div>\n<\/div>\n<h2>As rela\u00e7\u00f5es entre os dois Estados<\/h2>\n<p>Em 1919, as rela\u00e7\u00f5es diplom\u00e1ticas entre a Pol\u00f4nia e a Santa S\u00e9 foram retomadas depois de mais de 120 anos de interrup\u00e7\u00e3o. A retomada oficial foi precedida da chegada, um ano antes (29 de maio de 2018), do Visitador Apost\u00f3lico em Vars\u00f3via, o prelado Achille Ratti. No outono de 1918, depois que a Pol\u00f4nia reconquistou a independ\u00eancia, Dom Ratti estabeleceu as primeiras rela\u00e7\u00f5es diplom\u00e1ticas com o governo do pa\u00eds.<\/p>\n<p>A miss\u00e3o do Visitador, o primeiro N\u00fancio Apost\u00f3lico numa Pol\u00f4nia renascida, foi apresentada pelo professor Stanislaw Wilk, da Universidade Cat\u00f3lica Jo\u00e3o Paulo II de Lublin, durante a confer\u00eancia organizada no edif\u00edcio da antiga biblioteca da Universidade de Vars\u00f3via nesta segunda-feira (20). Al\u00e9m do ministro das Rela\u00e7\u00f5es Exteriores da Pol\u00f4nia, prof. Jacek Czaputowicz, que falou sobre o significado das rela\u00e7\u00f5es diplom\u00e1ticas com a Santa S\u00e9, tamb\u00e9m estavam presentes outros representantes das autoridades polonesas e do mundo da ci\u00eancia e da cultura, o episcopado local e o corpo diplom\u00e1tico, \u00a0al\u00e9m do n\u00fancio apost\u00f3lico na Pol\u00f4nia, o arcebispo Salvatore Pennacchio.<\/p>\n<\/div>\n","protected":false},"excerpt":{"rendered":"<p>O secret\u00e1rio vaticano das Rela\u00e7\u00f5es com os Estados, Dom Paul Richard Gallagher, esteve em Vars\u00f3via, na Pol\u00f4nia, para sess\u00e3o solene cient\u00edfica que marcou o anivers\u00e1rio de 100 anos da retomada das rela\u00e7\u00f5es diplom\u00e1ticas entre os dois Estados. Em pronunciamento, afirmou que o objetivo de cada na\u00e7\u00e3o \u00e9 o bem comum, o que inclui a promo\u00e7\u00e3o [&hellip;]<\/p>\n","protected":false},"author":1,"featured_media":49422,"comment_status":"open","ping_status":"closed","sticky":false,"template":"","format":"standard","meta":{"footnotes":""},"categories":[3],"tags":[],"class_list":["post-49421","post","type-post","status-publish","format-standard","has-post-thumbnail","hentry","category-vaticano"],"_links":{"self":[{"href":"https:\/\/catolicanet.net\/wp-cnet\/wp-json\/wp\/v2\/posts\/49421","targetHints":{"allow":["GET"]}}],"collection":[{"href":"https:\/\/catolicanet.net\/wp-cnet\/wp-json\/wp\/v2\/posts"}],"about":[{"href":"https:\/\/catolicanet.net\/wp-cnet\/wp-json\/wp\/v2\/types\/post"}],"author":[{"embeddable":true,"href":"https:\/\/catolicanet.net\/wp-cnet\/wp-json\/wp\/v2\/users\/1"}],"replies":[{"embeddable":true,"href":"https:\/\/catolicanet.net\/wp-cnet\/wp-json\/wp\/v2\/comments?post=49421"}],"version-history":[{"count":1,"href":"https:\/\/catolicanet.net\/wp-cnet\/wp-json\/wp\/v2\/posts\/49421\/revisions"}],"predecessor-version":[{"id":49423,"href":"https:\/\/catolicanet.net\/wp-cnet\/wp-json\/wp\/v2\/posts\/49421\/revisions\/49423"}],"wp:featuredmedia":[{"embeddable":true,"href":"https:\/\/catolicanet.net\/wp-cnet\/wp-json\/wp\/v2\/media\/49422"}],"wp:attachment":[{"href":"https:\/\/catolicanet.net\/wp-cnet\/wp-json\/wp\/v2\/media?parent=49421"}],"wp:term":[{"taxonomy":"category","embeddable":true,"href":"https:\/\/catolicanet.net\/wp-cnet\/wp-json\/wp\/v2\/categories?post=49421"},{"taxonomy":"post_tag","embeddable":true,"href":"https:\/\/catolicanet.net\/wp-cnet\/wp-json\/wp\/v2\/tags?post=49421"}],"curies":[{"name":"wp","href":"https:\/\/api.w.org\/{rel}","templated":true}]}}