{"id":49418,"date":"2019-05-21T08:39:00","date_gmt":"2019-05-21T11:39:00","guid":{"rendered":"http:\/\/catolicanet.net\/wp-cnet\/?p=49418"},"modified":"2019-05-21T08:39:00","modified_gmt":"2019-05-21T11:39:00","slug":"papa-a-vida-se-enfrenta-com-a-paz-de-jesus-e-senso-de-humor","status":"publish","type":"post","link":"https:\/\/catolicanet.net\/wp-cnet\/papa-a-vida-se-enfrenta-com-a-paz-de-jesus-e-senso-de-humor\/","title":{"rendered":"Papa: a vida se enfrenta com a paz de Jesus e senso de humor"},"content":{"rendered":"<div class=\"article__subTitle\">O Papa Francisco celebrou a missa na capela da Casa Santa Marta comentando a promessa de Jesus aos disc\u00edpulos: &#8220;Deixo-vos a paz, a minha paz vos dou; mas n\u00e3o a dou como o mundo&#8221;.<\/div>\n<div class=\"title__separator\"><\/div>\n<div class=\"article__text\">\n<p><b>Gabriella Ceraso &#8211; Cidade do Vaticano<\/b><\/p>\n<p>Como \u00e9 poss\u00edvel conciliar as &#8220;tribula\u00e7\u00f5es&#8221; e as persegui\u00e7\u00f5es que S\u00e3o Paulo sofre, narradas na p\u00e1gina dos Atos dos Ap\u00f3stolos de hoje, com a paz que Jesus deixa aos seus disc\u00edpulos contidas no Evangelho de Jo\u00e3o? A homilia do Papa Francisco esta manh\u00e3 na Casa Santa Marta se inspira nesta interroga\u00e7\u00e3o.<\/p>\n<div>\n<div class=\"article__embed article__embed--unwrap article__embed--dark\">\n<div class=\"article__innerTitle\">Ou\u00e7a a reportagem completa com a voz do Papa Francisco<\/div>\n<!--[if lt IE 9]><script>document.createElement('audio');<\/script><![endif]-->\n<audio class=\"wp-audio-shortcode\" id=\"audio-49418-1\" preload=\"none\" style=\"width: 100%;\" controls=\"controls\"><source type=\"audio\/mpeg\" src=\"https:\/\/media.vaticannews.va\/media\/audio\/s1\/2019\/05\/21\/11\/135032732_F135032732.mp3?_=1\" \/><a href=\"https:\/\/media.vaticannews.va\/media\/audio\/s1\/2019\/05\/21\/11\/135032732_F135032732.mp3\">https:\/\/media.vaticannews.va\/media\/audio\/s1\/2019\/05\/21\/11\/135032732_F135032732.mp3<\/a><\/audio>\n<\/div>\n<\/div>\n<h2>Bem-aventurados quando vos injuriarem&#8230;<\/h2>\n<p>&#8220;A vida de persegui\u00e7\u00f5es e tribula\u00e7\u00f5es parece uma vida sem paz&#8221; e, ao inv\u00e9s, \u00e9 a \u00faltima das bem-aventuran\u00e7as, recordou o Papa: &#8220;Bem-aventurados sois v\u00f3s, quando vos injuriarem e perseguirem, e mentindo, falarem todo mal contra v\u00f3s por minha causa&#8221;:<\/p>\n<p><i>A paz de Jesus caminha com esta vida de persegui\u00e7\u00e3o, de tribula\u00e7\u00e3o. Uma paz que \u00e9 muito profunda em rela\u00e7\u00e3o a todas essas coisas. Uma paz que ningu\u00e9m pode tirar, uma paz que \u00e9 um dom, como o mar que na profundidade \u00e9 tranquilo e, na superf\u00edcie, existem as ondas. Viver em paz com Jesus \u00e9 ter esta experi\u00eancia dentro, que permanece durante todas as prova\u00e7\u00f5es, todas as dificuldades, todas as \u201ctribula\u00e7\u00f5es\u201d.<\/i><\/p>\n<h2>O crist\u00e3o carrega a vida nas costas sem perder a paz<\/h2>\n<p>Somente assim, acrescentou o Papa, pode-se compreender como tantos santos viveram a \u00faltima hora sem \u201cperder a paz&#8221;, a ponto de falar \u00e0s testemunhas que estavam &#8220;indo ao mart\u00edrio como convidados \u00e0s n\u00fapcias&#8221;. Este \u00e9 o dom da &#8220;paz de Jesus&#8221; \u2013 paz que n\u00e3o podemos ter atrav\u00e9s de meios humanos, como por exemplo, citou Francisco, &#8220;indo ao m\u00e9dico ou tomando ansiol\u00edticos&#8221;.<\/p>\n<p>Trata-se de algo diferente que vem &#8220;do Esp\u00edrito Santo dentro de n\u00f3s&#8221; e que traz consigo a &#8220;fortaleza&#8221;. O Papa citou o caso de um homem, que ele visitou alguns dias atr\u00e1s, acostumado a trabalhar tanto e que, de maneira improvisa, com o avan\u00e7ar da doen\u00e7a, teve que abandonar todos os seus projetos e mesmo assim conseguiu ficar em paz. \u201cEste \u00e9 um verdadeiro crist\u00e3o\u201d, comentou Francisco, que explicou:<\/p>\n<p><i>A paz nos ensina, a paz de Jesus, nos ensina a ir avante na vida. Ela nos ensina a suportar. Suportar: uma palavra que n\u00f3s n\u00e3o entendemos bem o que significa, uma palavra muito crist\u00e3, que \u00e9 carregar sobre os ombros. Suportar: carregar a vida sobre os ombros, as dificuldades, o trabalho, tudo, sem perder a paz. Ou melhor, carregar sobre os ombros e ter a coragem de ir avante. Isso se entende somente quando h\u00e1 o Esp\u00edrito Santo dentro, que nos d\u00e1 a paz de Jesus.<\/i><\/p>\n<p>Mas se ao inv\u00e9s, afirmou Francisco, nos deixamos tomar por um nervosismo fren\u00e9tico&#8221; e perdemos a paz, &#8220;tem alguma coisa que n\u00e3o funciona&#8221;.<\/p>\n<h2>A paz n\u00e3o faz perder o senso de humor<\/h2>\n<p>Tendo no cora\u00e7\u00e3o o &#8220;dom prometido por Jesus&#8221; e n\u00e3o aquele que vem do mundo ou do dinheiro no banco, conseguimos enfrentar as dificuldades mesmo as &#8220;mais dif\u00edceis&#8221;, ir avante e com uma capacidade a mais, que faz sorrir o cora\u00e7\u00e3o&#8221;, concluiu o Papa:<\/p>\n<p><i>A pessoa que vive esta paz jamais perde o senso de humor. Sabe rir de si mesma, dos outros, ou melhor, da pr\u00f3pria sombra, ri de tudo \u2026 Este senso do humor que est\u00e1 t\u00e3o pr\u00f3ximo da gra\u00e7a de Deus. A paz de Jesus na vida cotidiana, a paz de Jesus nas tribula\u00e7\u00f5es e com aquele pouquinho senso de humor que nos faz respirar bem. Que o Senhor nos d\u00ea esta paz que vem do Esp\u00edrito Santo, esta paz que \u00e9 caracter\u00edstica Dele e que nos ajuda a suportar, carregar, tantas dificuldades na vida.<\/i><\/p>\n<p><iframe loading=\"lazy\" width=\"696\" height=\"392\" src=\"https:\/\/www.youtube.com\/embed\/hXasCUo_cCY?feature=oembed\" frameborder=\"0\" allow=\"accelerometer; autoplay; encrypted-media; gyroscope; picture-in-picture\" allowfullscreen><\/iframe><\/p>\n<\/div>\n","protected":false},"excerpt":{"rendered":"<p>O Papa Francisco celebrou a missa na capela da Casa Santa Marta comentando a promessa de Jesus aos disc\u00edpulos: &#8220;Deixo-vos a paz, a minha paz vos dou; mas n\u00e3o a dou como o mundo&#8221;. Gabriella Ceraso &#8211; Cidade do Vaticano Como \u00e9 poss\u00edvel conciliar as &#8220;tribula\u00e7\u00f5es&#8221; e as persegui\u00e7\u00f5es que S\u00e3o Paulo sofre, narradas na [&hellip;]<\/p>\n","protected":false},"author":1,"featured_media":49419,"comment_status":"open","ping_status":"closed","sticky":false,"template":"","format":"standard","meta":{"footnotes":""},"categories":[13],"tags":[],"class_list":["post-49418","post","type-post","status-publish","format-standard","has-post-thumbnail","hentry","category-featured"],"_links":{"self":[{"href":"https:\/\/catolicanet.net\/wp-cnet\/wp-json\/wp\/v2\/posts\/49418","targetHints":{"allow":["GET"]}}],"collection":[{"href":"https:\/\/catolicanet.net\/wp-cnet\/wp-json\/wp\/v2\/posts"}],"about":[{"href":"https:\/\/catolicanet.net\/wp-cnet\/wp-json\/wp\/v2\/types\/post"}],"author":[{"embeddable":true,"href":"https:\/\/catolicanet.net\/wp-cnet\/wp-json\/wp\/v2\/users\/1"}],"replies":[{"embeddable":true,"href":"https:\/\/catolicanet.net\/wp-cnet\/wp-json\/wp\/v2\/comments?post=49418"}],"version-history":[{"count":1,"href":"https:\/\/catolicanet.net\/wp-cnet\/wp-json\/wp\/v2\/posts\/49418\/revisions"}],"predecessor-version":[{"id":49420,"href":"https:\/\/catolicanet.net\/wp-cnet\/wp-json\/wp\/v2\/posts\/49418\/revisions\/49420"}],"wp:featuredmedia":[{"embeddable":true,"href":"https:\/\/catolicanet.net\/wp-cnet\/wp-json\/wp\/v2\/media\/49419"}],"wp:attachment":[{"href":"https:\/\/catolicanet.net\/wp-cnet\/wp-json\/wp\/v2\/media?parent=49418"}],"wp:term":[{"taxonomy":"category","embeddable":true,"href":"https:\/\/catolicanet.net\/wp-cnet\/wp-json\/wp\/v2\/categories?post=49418"},{"taxonomy":"post_tag","embeddable":true,"href":"https:\/\/catolicanet.net\/wp-cnet\/wp-json\/wp\/v2\/tags?post=49418"}],"curies":[{"name":"wp","href":"https:\/\/api.w.org\/{rel}","templated":true}]}}