{"id":49379,"date":"2019-05-17T10:06:58","date_gmt":"2019-05-17T13:06:58","guid":{"rendered":"http:\/\/catolicanet.net\/wp-cnet\/?p=49379"},"modified":"2019-05-20T10:10:14","modified_gmt":"2019-05-20T13:10:14","slug":"dom-walmor-oliveira-de-azevedo-participa-da-assembleia-geral-do-celam-em-honduras","status":"publish","type":"post","link":"https:\/\/catolicanet.net\/wp-cnet\/dom-walmor-oliveira-de-azevedo-participa-da-assembleia-geral-do-celam-em-honduras\/","title":{"rendered":"Dom Walmor Oliveira de Azevedo participa da Assembleia Geral do Celam, em Honduras"},"content":{"rendered":"<p>O arcebispo de Belo Horizonte e presidente da Confer\u00eancia Nacional dos Bispos do Brasil (CNBB), em um dos seus primeiros compromissos \u00e0 frente da CNBB, participou da 37\u00aa Assembleia Geral Ordin\u00e1ria do Conselho Episcopal Latino-americano (CELAM), realizada na capital hondurenha, Tegucigalpa, no per\u00edodo de 13 a 18 de maio de 2019. Oportunidade em que os bispos refletiram sobre a sinodalidade como importante refer\u00eancia para o caminho que Deus espera da Igreja do Terceiro Mil\u00eanio, conforme ensina o papa Francisco. Os bispos lembraram que a sinodalidade eclesial se manifesta e se realiza por meio do minist\u00e9rio dos bispos.<\/p>\n<p>A Assembleia do Celam marcou tamb\u00e9m a elei\u00e7\u00e3o do arcebispo de Trujillo, dom Miguel Cabrejos, para a presid\u00eancia do CELAM durante o quadri\u00eanio 2019 \u2013 2023 e o arcebispo de S\u00e3o Paulo, cardeal Odilo Pedro Scherer para a primeira vice-presid\u00eancia. Os bispos tamb\u00e9m aprovaram a elei\u00e7\u00e3o de uma comiss\u00e3o de oito bispos que, juntamente com a presid\u00eancia, trabalhar\u00e3o na reestrutura\u00e7\u00e3o pastoral dos Departamentos do Conselho Episcopal Latino-Americano.<\/p>\n<p>A Assembleia elegeu dois bispos para cada regi\u00e3o que passam a ser respons\u00e1veis\u00a0\u200b\u200bpor estabelecer as linhas de a\u00e7\u00e3o que permitir\u00e3o responder \u00e0s necessidades pastorais espec\u00edficas.<\/p>\n<p><strong>Com informa\u00e7\u00f5es da arquidiocese de Belo Horizonte<\/strong><\/p>\n","protected":false},"excerpt":{"rendered":"<p>O arcebispo de Belo Horizonte e presidente da Confer\u00eancia Nacional dos Bispos do Brasil (CNBB), em um dos seus primeiros compromissos \u00e0 frente da CNBB, participou da 37\u00aa Assembleia Geral Ordin\u00e1ria do Conselho Episcopal Latino-americano (CELAM), realizada na capital hondurenha, Tegucigalpa, no per\u00edodo de 13 a 18 de maio de 2019. Oportunidade em que os [&hellip;]<\/p>\n","protected":false},"author":1,"featured_media":49380,"comment_status":"open","ping_status":"closed","sticky":false,"template":"","format":"standard","meta":{"footnotes":""},"categories":[7],"tags":[],"class_list":["post-49379","post","type-post","status-publish","format-standard","has-post-thumbnail","hentry","category-cnbb"],"_links":{"self":[{"href":"https:\/\/catolicanet.net\/wp-cnet\/wp-json\/wp\/v2\/posts\/49379","targetHints":{"allow":["GET"]}}],"collection":[{"href":"https:\/\/catolicanet.net\/wp-cnet\/wp-json\/wp\/v2\/posts"}],"about":[{"href":"https:\/\/catolicanet.net\/wp-cnet\/wp-json\/wp\/v2\/types\/post"}],"author":[{"embeddable":true,"href":"https:\/\/catolicanet.net\/wp-cnet\/wp-json\/wp\/v2\/users\/1"}],"replies":[{"embeddable":true,"href":"https:\/\/catolicanet.net\/wp-cnet\/wp-json\/wp\/v2\/comments?post=49379"}],"version-history":[{"count":1,"href":"https:\/\/catolicanet.net\/wp-cnet\/wp-json\/wp\/v2\/posts\/49379\/revisions"}],"predecessor-version":[{"id":49381,"href":"https:\/\/catolicanet.net\/wp-cnet\/wp-json\/wp\/v2\/posts\/49379\/revisions\/49381"}],"wp:featuredmedia":[{"embeddable":true,"href":"https:\/\/catolicanet.net\/wp-cnet\/wp-json\/wp\/v2\/media\/49380"}],"wp:attachment":[{"href":"https:\/\/catolicanet.net\/wp-cnet\/wp-json\/wp\/v2\/media?parent=49379"}],"wp:term":[{"taxonomy":"category","embeddable":true,"href":"https:\/\/catolicanet.net\/wp-cnet\/wp-json\/wp\/v2\/categories?post=49379"},{"taxonomy":"post_tag","embeddable":true,"href":"https:\/\/catolicanet.net\/wp-cnet\/wp-json\/wp\/v2\/tags?post=49379"}],"curies":[{"name":"wp","href":"https:\/\/api.w.org\/{rel}","templated":true}]}}