{"id":49360,"date":"2019-05-17T16:42:03","date_gmt":"2019-05-17T19:42:03","guid":{"rendered":"http:\/\/catolicanet.net\/wp-cnet\/?p=49360"},"modified":"2019-05-17T16:42:03","modified_gmt":"2019-05-17T19:42:03","slug":"proximo-encontro-mundial-das-familias-sobre-vocacao-e-santidade-2","status":"publish","type":"post","link":"https:\/\/catolicanet.net\/wp-cnet\/proximo-encontro-mundial-das-familias-sobre-vocacao-e-santidade-2\/","title":{"rendered":"Pr\u00f3ximo Encontro Mundial das Fam\u00edlias sobre voca\u00e7\u00e3o e santidade"},"content":{"rendered":"<div class=\"article__subTitle\">No quinto anivers\u00e1rio da Exorta\u00e7\u00e3o Apost\u00f3lica &#8216;Amoris Laetitia&#8217; e tr\u00eas anos ap\u00f3s a promulga\u00e7\u00e3o da Exorta\u00e7\u00e3o apost\u00f3lica &#8216;Gaudete et Exsultate&#8217;, esse encontro pretende ressaltar o amor familiar como voca\u00e7\u00e3o e caminho de santidade a fim de entender e partilhar o sentido profundo e salv\u00edfico das rela\u00e7\u00f5es familiares na vida cotidiana.<\/div>\n<div class=\"title__separator\"><\/div>\n<div class=\"article__text\">\n<p><b>Cidade do Vaticano<\/b><\/p>\n<p><b>\u201cAmor familiar: voca\u00e7\u00e3o e caminho de santidade.\u201d <\/b>Este \u00e9 o tema escolhido pelo Papa Francisco para o pr\u00f3ximo Encontro Mundial das Fam\u00edlias que se realizar\u00e1, em Roma, de 23 a 27 de junho de 2021.<\/p>\n<p>\u201cNo quinto anivers\u00e1rio da Exorta\u00e7\u00e3o apost\u00f3lica <i>Amoris Laetitia <\/i>e h\u00e1 tr\u00eas anos da promulga\u00e7\u00e3o da Exorta\u00e7\u00e3o apost\u00f3lica <i>Gaudete et Exsultate<\/i>, <b>esse encontro pretende ressaltar o amor familiar como voca\u00e7\u00e3o e caminho de santidade a fim de entender e partilhar o sentido profundo e salv\u00edfico das rela\u00e7\u00f5es familiares na vida cotidian<\/b>a\u201d, ressalta a nota do Dicast\u00e9rio para os Leigos, a Fam\u00edlia e a Vida, divulgada nesta sexta-feira (17\/05).<\/p>\n<div>\n<div class=\"article__embed article__embed--unwrap article__embed--dark\">\n<div class=\"article__innerTitle\">Ou\u00e7a a reportagem<\/div>\n<!--[if lt IE 9]><script>document.createElement('audio');<\/script><![endif]-->\n<audio class=\"wp-audio-shortcode\" id=\"audio-49360-1\" preload=\"none\" style=\"width: 100%;\" controls=\"controls\"><source type=\"audio\/mpeg\" src=\"https:\/\/media.vaticannews.va\/media\/audio\/s1\/2019\/05\/17\/11\/135027519_F135027519.mp3?_=1\" \/><a href=\"https:\/\/media.vaticannews.va\/media\/audio\/s1\/2019\/05\/17\/11\/135027519_F135027519.mp3\">https:\/\/media.vaticannews.va\/media\/audio\/s1\/2019\/05\/17\/11\/135027519_F135027519.mp3<\/a><\/audio>\n<\/div>\n<\/div>\n<p>\u201cPara esse fim, o Encontro Mundial das Fam\u00edlias prop\u00f5e reler a <i>Amoris Laetitia<\/i> \u00e0 luz do chamado \u00e0 santidade da <i>Gaudete et Exsultate<\/i>.\u201d<\/p>\n<h2>Fidelidade e perseveran\u00e7a<\/h2>\n<p>Segundo o texto do \u00a0Dicast\u00e9rio para os Leigos, a Fam\u00edlia e a Vida, \u201co \u00a0amor conjugal e familiar revela o dom precioso do viver juntos, alimentando a <i>comunh\u00e3o<\/i> e prevenindo a cultura do individualismo, do consumo e do descarte: \u00abA experi\u00eancia est\u00e9tica do amor exprime-se naquele olhar que contempla o outro como fim em si mesmo\u00bb (Amoris Laetitia 128<i>)<\/i> e ao mesmo tempo reconhece a outra pessoa em sua identidade familiar sagrada, como marido, mulher, pai, m\u00e3e, filho\/a, av\u00f4\/\u00f3\u201d.<\/p>\n<p>\u201cAo dar forma \u00e0 experi\u00eancia concreta do amor, matrim\u00f4nio e fam\u00edlia manifestam o valor elevado das rela\u00e7\u00f5es humanas, na partilha das alegrias e fadigas, e no desempenho da vida cotidiana, orientando as pessoas ao encontro com Deus. Esse caminho, quando vivido com fidelidade e perseveran\u00e7a, fortalece o amor e realiza a voca\u00e7\u00e3o \u00e0 santidade, pr\u00f3pria de cada pessoa, que se concretiza nas rela\u00e7\u00f5es conjugais e familiares.\u201d<\/p>\n<p>\u201cNesse sentido, a vida familiar crist\u00e3 \u00e9 voca\u00e7\u00e3o e caminho de santidade, express\u00e3o do \u00abrosto mais belo da Igreja\u00bb\u201d, conclui a nota do Dicast\u00e9rio para os Leigos, a Fam\u00edlia e a Vida.<\/p>\n<\/div>\n","protected":false},"excerpt":{"rendered":"<p>No quinto anivers\u00e1rio da Exorta\u00e7\u00e3o Apost\u00f3lica &#8216;Amoris Laetitia&#8217; e tr\u00eas anos ap\u00f3s a promulga\u00e7\u00e3o da Exorta\u00e7\u00e3o apost\u00f3lica &#8216;Gaudete et Exsultate&#8217;, esse encontro pretende ressaltar o amor familiar como voca\u00e7\u00e3o e caminho de santidade a fim de entender e partilhar o sentido profundo e salv\u00edfico das rela\u00e7\u00f5es familiares na vida cotidiana. Cidade do Vaticano \u201cAmor familiar: [&hellip;]<\/p>\n","protected":false},"author":1,"featured_media":49361,"comment_status":"open","ping_status":"closed","sticky":false,"template":"","format":"standard","meta":{"footnotes":""},"categories":[13],"tags":[],"class_list":["post-49360","post","type-post","status-publish","format-standard","has-post-thumbnail","hentry","category-featured"],"_links":{"self":[{"href":"https:\/\/catolicanet.net\/wp-cnet\/wp-json\/wp\/v2\/posts\/49360","targetHints":{"allow":["GET"]}}],"collection":[{"href":"https:\/\/catolicanet.net\/wp-cnet\/wp-json\/wp\/v2\/posts"}],"about":[{"href":"https:\/\/catolicanet.net\/wp-cnet\/wp-json\/wp\/v2\/types\/post"}],"author":[{"embeddable":true,"href":"https:\/\/catolicanet.net\/wp-cnet\/wp-json\/wp\/v2\/users\/1"}],"replies":[{"embeddable":true,"href":"https:\/\/catolicanet.net\/wp-cnet\/wp-json\/wp\/v2\/comments?post=49360"}],"version-history":[{"count":1,"href":"https:\/\/catolicanet.net\/wp-cnet\/wp-json\/wp\/v2\/posts\/49360\/revisions"}],"predecessor-version":[{"id":49362,"href":"https:\/\/catolicanet.net\/wp-cnet\/wp-json\/wp\/v2\/posts\/49360\/revisions\/49362"}],"wp:featuredmedia":[{"embeddable":true,"href":"https:\/\/catolicanet.net\/wp-cnet\/wp-json\/wp\/v2\/media\/49361"}],"wp:attachment":[{"href":"https:\/\/catolicanet.net\/wp-cnet\/wp-json\/wp\/v2\/media?parent=49360"}],"wp:term":[{"taxonomy":"category","embeddable":true,"href":"https:\/\/catolicanet.net\/wp-cnet\/wp-json\/wp\/v2\/categories?post=49360"},{"taxonomy":"post_tag","embeddable":true,"href":"https:\/\/catolicanet.net\/wp-cnet\/wp-json\/wp\/v2\/tags?post=49360"}],"curies":[{"name":"wp","href":"https:\/\/api.w.org\/{rel}","templated":true}]}}