{"id":4933,"date":"2014-08-04T13:19:51","date_gmt":"2014-08-04T16:19:51","guid":{"rendered":"http:\/\/catolicanet.net\/wp-cnet\/jmj-um-ano-depois-o-balanco-de-dom-orani\/"},"modified":"2017-04-06T10:52:26","modified_gmt":"2017-04-06T13:52:26","slug":"jmj-um-ano-depois-o-balanco-de-dom-orani","status":"publish","type":"post","link":"https:\/\/catolicanet.net\/wp-cnet\/jmj-um-ano-depois-o-balanco-de-dom-orani\/","title":{"rendered":"JMJ um ano depois: o balan\u00e7o de Dom Orani"},"content":{"rendered":"<p style=\"text-align: justify;\"><img decoding=\"async\" src=\"http:\/\/catolicanet.com.br\/images\/stories\/jmjbalancodomorani.jpg\" border=\"0\" align=\"left\" \/>J\u00e1 est\u00e1 dispon\u00edvel, no site da Confer\u00eancia Nacional dos Bispos do Brasil (CNBB), o subs\u00eddio para a 29\u00aa edi\u00e7\u00e3o do Dia Nacional da Juventude (DNJ), que ter\u00e1 como lema \u201cFeitos para sermos livres, n\u00e3o escravos\u201d (CAPYM, 430) e lema \u201cEis o que diz o Senhor: Praticai o direito e a justi\u00e7a, e livrai o oprimido das m\u00e3os do opressor\u201d (Jr 22, 3a). A abordagem desta edi\u00e7\u00e3o recorda a Campanha da Fraternidade 2014, que tem como tema \u201cFraternidade e Tr\u00e1fico Humano\u201d e o lema \u201c\u00c9 para a liberdade que Cristo nos libertou\u201d (Gl 5,1).<\/p>\n<p>Entretanto, h\u00e1 um ano, o Brasil recebia jovens de todo o mundo para participar da Jornada Mundial da Juventude (JMJ) 2013, realizada no Rio de Janeiro. O evento contou com a presen\u00e7a de Francisco, eleito Papa meses antes. Foi a sua primeira viagem internacional. A capital fluminense abrigou mais de 3 milh\u00f5es de fi\u00e9is que ouviram a mensagem de Francisco para a juventude: &#8220;N\u00e3o tenham medo de ir e levar Cristo a todos os ambientes&#8221;.<\/p>\n<p>Na ocasi\u00e3o, o Papa salientou que a miss\u00e3o de evangeliza\u00e7\u00e3o \u00e9 essencial. &#8220;A experi\u00eancia deste encontro n\u00e3o pode ficar trancafiada na vida de voc\u00eas ou no pequeno grupo da par\u00f3quia, do movimento, da comunidade. A f\u00e9 \u00e9 uma chama que se faz tanto mais viva quanto mais \u00e9 partilhada, transmitida, para que todos possam conhecer, amar e professar que Jesus Cristo \u00e9 o Senhor da vida e da hist\u00f3ria&#8221;, disse aos jovens.<\/p>\n<p>Aos bispos, o Santo Padre lembrou o chamado ao an\u00fancio do Evangelho, vivendo a dimens\u00e3o mission\u00e1ria e incentivando os leigos, em particular os jovens, a tamb\u00e9m viverem esta dimens\u00e3o e irem em miss\u00e3o pelo mundo.<\/p>\n<p>Em missa de a\u00e7\u00e3o de gra\u00e7as, celebrada no \u00faltimo dia 26, o Arcebispo do Rio de Janeiro, Cardeal Orani Jo\u00e3o Tempesta, refor\u00e7ou a mensagem do Papa Francisco para a miss\u00e3o evangelizadora. &#8220;O mundo precisa desse testemunho adaptado aos novos tempos e realidades&#8221;, afirmou.<\/p>\n<p>O cardeal faz votos para que os jovens que vivenciaram a JMJ n\u00e3o deixem que a experi\u00eancia tenha sido em v\u00e3o e que continuem sempre em miss\u00e3o. Para ele, a celebra\u00e7\u00e3o ap\u00f3s um ano da Jornada foi &#8220;um momento para agradecer, louvar a Deus e pedir ao Senhor que cada vez mais d\u00ea a todos coragem e \u00e2nimo novo para evangelizar&#8221;. N\u00f3s conversamos com Dom Orani&#8230;<\/p>\n<p>Fonte: R\u00e1dio Vaticano<br \/>Local: Cidade do Vaticano<\/p>\n","protected":false},"excerpt":{"rendered":"<p>J\u00e1 est\u00e1 dispon\u00edvel, no site da Confer\u00eancia Nacional dos Bispos do Brasil (CNBB), o subs\u00eddio para a 29\u00aa edi\u00e7\u00e3o do Dia Nacional da Juventude (DNJ), que ter\u00e1 como lema \u201cFeitos para sermos livres, n\u00e3o escravos\u201d (CAPYM, 430) e lema \u201cEis o que diz o Senhor: Praticai o direito e a justi\u00e7a, e livrai o oprimido [&hellip;]<\/p>\n","protected":false},"author":1,"featured_media":0,"comment_status":"closed","ping_status":"closed","sticky":false,"template":"","format":"standard","meta":{"footnotes":""},"categories":[4],"tags":[],"class_list":["post-4933","post","type-post","status-publish","format-standard","hentry","category-cotidiano"],"_links":{"self":[{"href":"https:\/\/catolicanet.net\/wp-cnet\/wp-json\/wp\/v2\/posts\/4933","targetHints":{"allow":["GET"]}}],"collection":[{"href":"https:\/\/catolicanet.net\/wp-cnet\/wp-json\/wp\/v2\/posts"}],"about":[{"href":"https:\/\/catolicanet.net\/wp-cnet\/wp-json\/wp\/v2\/types\/post"}],"author":[{"embeddable":true,"href":"https:\/\/catolicanet.net\/wp-cnet\/wp-json\/wp\/v2\/users\/1"}],"replies":[{"embeddable":true,"href":"https:\/\/catolicanet.net\/wp-cnet\/wp-json\/wp\/v2\/comments?post=4933"}],"version-history":[{"count":1,"href":"https:\/\/catolicanet.net\/wp-cnet\/wp-json\/wp\/v2\/posts\/4933\/revisions"}],"predecessor-version":[{"id":9827,"href":"https:\/\/catolicanet.net\/wp-cnet\/wp-json\/wp\/v2\/posts\/4933\/revisions\/9827"}],"wp:attachment":[{"href":"https:\/\/catolicanet.net\/wp-cnet\/wp-json\/wp\/v2\/media?parent=4933"}],"wp:term":[{"taxonomy":"category","embeddable":true,"href":"https:\/\/catolicanet.net\/wp-cnet\/wp-json\/wp\/v2\/categories?post=4933"},{"taxonomy":"post_tag","embeddable":true,"href":"https:\/\/catolicanet.net\/wp-cnet\/wp-json\/wp\/v2\/tags?post=4933"}],"curies":[{"name":"wp","href":"https:\/\/api.w.org\/{rel}","templated":true}]}}