{"id":49324,"date":"2019-05-17T14:47:08","date_gmt":"2019-05-17T17:47:08","guid":{"rendered":"http:\/\/catolicanet.net\/wp-cnet\/?p=49324"},"modified":"2019-05-17T14:47:08","modified_gmt":"2019-05-17T17:47:08","slug":"conheca-as-dioceses-e-a-arquidiocese-dos-novos-bispos-nomeados-pelo-papa","status":"publish","type":"post","link":"https:\/\/catolicanet.net\/wp-cnet\/conheca-as-dioceses-e-a-arquidiocese-dos-novos-bispos-nomeados-pelo-papa\/","title":{"rendered":"Conhe\u00e7a as dioceses e a arquidiocese dos novos bispos nomeados pelo Papa"},"content":{"rendered":"<p>As dioceses de Ipameri (GO) e Nova Igua\u00e7u (RJ) e a arquidiocese de Campinas (SP) ganharam novos bispos na \u00faltima quarta-feira (15). Dessas, apenas Nova Igua\u00e7u n\u00e3o estava vacante. Desde de 27 de junho de 2018 tinha como bispo coadjutor, dom Gilson Andrade da Silva, que assume agora o governo pastoral ap\u00f3s o papa Francisco aceitar a ren\u00fancia de dom Luciano Bergamin.<\/p>\n<div id=\"attachment_220061\" class=\"wp-caption alignleft\"><a href=\"http:\/\/www.cnbb.org.br\/historia-conheca-a-diocese-e-a-arquidiocese-dos-novos-bispos-nomeados-pelo-papa-francisco\/cadetral-de-santo-antonio-n-iguacu_fotomapcartacom\/\"><img loading=\"lazy\" decoding=\"async\" class=\" wp-image-220061\" src=\"http:\/\/www.cnbb.org.br\/wp-content\/uploads\/sites\/32\/2019\/05\/Cadetral-de-Santo-Ant\u00f4nio-N-Igua\u00e7u_fotomapcartacom-300x225.jpg\" srcset=\"http:\/\/www.cnbb.org.br\/wp-content\/uploads\/sites\/32\/2019\/05\/Cadetral-de-Santo-Ant\u00f4nio-N-Igua\u00e7u_fotomapcartacom-300x225.jpg 300w, http:\/\/www.cnbb.org.br\/wp-content\/uploads\/sites\/32\/2019\/05\/Cadetral-de-Santo-Ant\u00f4nio-N-Igua\u00e7u_fotomapcartacom-768x576.jpg 768w, http:\/\/www.cnbb.org.br\/wp-content\/uploads\/sites\/32\/2019\/05\/Cadetral-de-Santo-Ant\u00f4nio-N-Igua\u00e7u_fotomapcartacom.jpg 800w\" alt=\"\" width=\"273\" height=\"205\" aria-describedby=\"caption-attachment-220061\" \/><\/a><\/p>\n<p id=\"caption-attachment-220061\" class=\"wp-caption-text\"><em>Catedral de Santo Ant\u00f4nio N Igua\u00e7u (RJ). Foto: mapcartacom<\/em><\/p>\n<\/div>\n<p>A Diocese de Nova Igua\u00e7u, criada em 26 de mar\u00e7o de 1960, \u00e9 uma circunscri\u00e7\u00e3o eclesi\u00e1stica da Igreja no estado do Rio de Janeiro e pertence Regional Leste 1 da Confer\u00eancia Nacional dos Bispos do Brasil (CNBB). O munic\u00edpio com mais de 800 mil habitantes, faz parte da Baixada Fluminense, na Regi\u00e3o Metropolitana do Rio e est\u00e1 localizado a 28 km da capital. A cidade conta ainda com a Catedral Santo Ant\u00f4nio, que fica no centro do munic\u00edpio.<\/p>\n<p>Ainda na Regi\u00e3o Sudeste do Brasil, Campinas, no estado de S\u00e3o Paulo (SP) foi outra cidade que recebeu um novo arcebispo. Dom Jo\u00e3o In\u00e1cio Muller, foi transferido da sede episcopal de Lorena (SP) para ser o metropolita na cidade.<\/p>\n<div id=\"attachment_220063\" class=\"wp-caption alignright\"><a href=\"http:\/\/www.cnbb.org.br\/historia-conheca-a-diocese-e-a-arquidiocese-dos-novos-bispos-nomeados-pelo-papa-francisco\/fachada-da-catedral-metropolitana-de-campinas-na-praca-jose-bonifacio\/\"><img loading=\"lazy\" decoding=\"async\" class=\" wp-image-220063\" src=\"http:\/\/www.cnbb.org.br\/wp-content\/uploads\/sites\/32\/2019\/05\/Catedral-de-Campinas_Rovena-Rosa_Ag\u00eancia-Brasil-300x200.jpg\" srcset=\"http:\/\/www.cnbb.org.br\/wp-content\/uploads\/sites\/32\/2019\/05\/Catedral-de-Campinas_Rovena-Rosa_Ag\u00eancia-Brasil-300x200.jpg 300w, http:\/\/www.cnbb.org.br\/wp-content\/uploads\/sites\/32\/2019\/05\/Catedral-de-Campinas_Rovena-Rosa_Ag\u00eancia-Brasil-768x512.jpg 768w, http:\/\/www.cnbb.org.br\/wp-content\/uploads\/sites\/32\/2019\/05\/Catedral-de-Campinas_Rovena-Rosa_Ag\u00eancia-Brasil-1024x683.jpg 1024w, http:\/\/www.cnbb.org.br\/wp-content\/uploads\/sites\/32\/2019\/05\/Catedral-de-Campinas_Rovena-Rosa_Ag\u00eancia-Brasil.jpg 1140w\" alt=\"\" width=\"383\" height=\"255\" aria-describedby=\"caption-attachment-220063\" \/><\/a><\/p>\n<p id=\"caption-attachment-220063\" class=\"wp-caption-text\"><em>Fachada da Catedral Metropolitana de Campinas. Foto: Rovena Rosa\/ Ag\u00eancia Brasil<\/em><\/p>\n<\/div>\n<p>A Diocese foi criada por ordem do Papa Pio X, em 7 de junho de 1908 e instalada em 1\u00ba de novembro do mesmo ano com a posse do primeiro Bispo, dom Jo\u00e3o Batista Corr\u00eaa Nery. 50 anos depois, em 9 de abril de 1958, foi elevada a Arquidiocese e passou a ser a Prov\u00edncia Eclesi\u00e1stica que compreende as dioceses de Amparo, Bragan\u00e7a Paulista, Limeira, Piracicaba e S\u00e3o Carlos.<\/p>\n<p>A Catedral Metropolitana de Campinas, localizada no Centro da cidade, \u00e9 a sede da Arquidiocese, que pertence Regional Sul 1 da CNBB, que tamb\u00e9m \u00e9 a mantenedora Pontif\u00edcia Universidade Cat\u00f3lica de Campinas, possui dois semin\u00e1rios, o Instituto Vocacional S\u00e3o Jos\u00e9 (proped\u00eautico) e Imaculada Concei\u00e7\u00e3o de Teologia e Filosofia. Al\u00e9m Hospital e Maternidade Celso Pierro e a R\u00e1dio Brasil Campinas AM 1270. A arquidiocese paulista estava vacante desde a nomea\u00e7\u00e3o de dom Airton Jos\u00e9 dos Santos para a arquidiocese de Mariana (MG), em 25 de abril de 2018.<\/p>\n<p>O Regional Centro-Oeste da CNBB tamb\u00e9m tem diocese com novo bispo. \u00c9 Ipameri (GO), que fica na regi\u00e3o Sudeste do estado de Goi\u00e1s e segundo os dados do IBGE (2001), tem 225.475 habitantes e uma \u00e1rea \u00e9 de 22.947 km\u00b2.<\/p>\n<div id=\"attachment_220064\" class=\"wp-caption alignleft\"><a href=\"http:\/\/www.cnbb.org.br\/historia-conheca-a-diocese-e-a-arquidiocese-dos-novos-bispos-nomeados-pelo-papa-francisco\/catedral-divino-espirito-santo\/\"><img loading=\"lazy\" decoding=\"async\" class=\"wp-image-220064 \" src=\"http:\/\/www.cnbb.org.br\/wp-content\/uploads\/sites\/32\/2019\/05\/Catedral-Divino-Esp\u00edrito-Santo-e1558024059894-300x300.jpg\" srcset=\"http:\/\/www.cnbb.org.br\/wp-content\/uploads\/sites\/32\/2019\/05\/Catedral-Divino-Esp\u00edrito-Santo-e1558024059894-300x300.jpg 300w, http:\/\/www.cnbb.org.br\/wp-content\/uploads\/sites\/32\/2019\/05\/Catedral-Divino-Esp\u00edrito-Santo-e1558024059894-150x150.jpg 150w, http:\/\/www.cnbb.org.br\/wp-content\/uploads\/sites\/32\/2019\/05\/Catedral-Divino-Esp\u00edrito-Santo-e1558024059894-768x768.jpg 768w, http:\/\/www.cnbb.org.br\/wp-content\/uploads\/sites\/32\/2019\/05\/Catedral-Divino-Esp\u00edrito-Santo-e1558024059894.jpg 1000w\" alt=\"\" width=\"304\" height=\"304\" aria-describedby=\"caption-attachment-220064\" \/><\/a><\/p>\n<p id=\"caption-attachment-220064\" class=\"wp-caption-text\"><em>Catedral Divino Esp\u00edrito Santo , em Ipameri (GO)<\/em><\/p>\n<\/div>\n<p>A diocese, que faz divisa com a Arquidiocese de Goi\u00e2nia (GO), a Diocese de Paracatu (MG), a Diocese de Patos de Minas (MG), a Diocese de Uberl\u00e2ndia (MG), e a Diocese de Itumbiara (GO), estava vacante desde a transfer\u00eancia de dom Guilherme Werlang para Lages (SC), em fevereiro de 2018. Dom Guilherme foi o quarto bispo e governou a diocese por 18 anos (1999-2018.)<\/p>\n<p>Criada em 11 de outubro de 1966 pelo Papa Paulo VI e instalada no dia 6 de dezembro do mesmo ano. A diocese que pertence \u00e0 Prov\u00edncia Eclesi\u00e1stica de Goi\u00e2nia teve como primeiro bispo dom Gilberto Pereira Lopes (1966 a 1975). O padre Jos\u00e9 Francisco Rodrigues do R\u00eago, atual p\u00e1roco da Catedral de Urua\u00e7u (GO) foi o escolhido pelo papa Francisco para ser o quinto bispo de Ipameri (GO).<\/p>\n","protected":false},"excerpt":{"rendered":"<p>As dioceses de Ipameri (GO) e Nova Igua\u00e7u (RJ) e a arquidiocese de Campinas (SP) ganharam novos bispos na \u00faltima quarta-feira (15). Dessas, apenas Nova Igua\u00e7u n\u00e3o estava vacante. Desde de 27 de junho de 2018 tinha como bispo coadjutor, dom Gilson Andrade da Silva, que assume agora o governo pastoral ap\u00f3s o papa Francisco [&hellip;]<\/p>\n","protected":false},"author":1,"featured_media":49325,"comment_status":"open","ping_status":"closed","sticky":false,"template":"","format":"standard","meta":{"footnotes":""},"categories":[7],"tags":[],"class_list":["post-49324","post","type-post","status-publish","format-standard","has-post-thumbnail","hentry","category-cnbb"],"_links":{"self":[{"href":"https:\/\/catolicanet.net\/wp-cnet\/wp-json\/wp\/v2\/posts\/49324","targetHints":{"allow":["GET"]}}],"collection":[{"href":"https:\/\/catolicanet.net\/wp-cnet\/wp-json\/wp\/v2\/posts"}],"about":[{"href":"https:\/\/catolicanet.net\/wp-cnet\/wp-json\/wp\/v2\/types\/post"}],"author":[{"embeddable":true,"href":"https:\/\/catolicanet.net\/wp-cnet\/wp-json\/wp\/v2\/users\/1"}],"replies":[{"embeddable":true,"href":"https:\/\/catolicanet.net\/wp-cnet\/wp-json\/wp\/v2\/comments?post=49324"}],"version-history":[{"count":1,"href":"https:\/\/catolicanet.net\/wp-cnet\/wp-json\/wp\/v2\/posts\/49324\/revisions"}],"predecessor-version":[{"id":49326,"href":"https:\/\/catolicanet.net\/wp-cnet\/wp-json\/wp\/v2\/posts\/49324\/revisions\/49326"}],"wp:featuredmedia":[{"embeddable":true,"href":"https:\/\/catolicanet.net\/wp-cnet\/wp-json\/wp\/v2\/media\/49325"}],"wp:attachment":[{"href":"https:\/\/catolicanet.net\/wp-cnet\/wp-json\/wp\/v2\/media?parent=49324"}],"wp:term":[{"taxonomy":"category","embeddable":true,"href":"https:\/\/catolicanet.net\/wp-cnet\/wp-json\/wp\/v2\/categories?post=49324"},{"taxonomy":"post_tag","embeddable":true,"href":"https:\/\/catolicanet.net\/wp-cnet\/wp-json\/wp\/v2\/tags?post=49324"}],"curies":[{"name":"wp","href":"https:\/\/api.w.org\/{rel}","templated":true}]}}