{"id":49318,"date":"2019-05-17T14:37:02","date_gmt":"2019-05-17T17:37:02","guid":{"rendered":"http:\/\/catolicanet.net\/wp-cnet\/?p=49318"},"modified":"2019-05-17T14:37:02","modified_gmt":"2019-05-17T17:37:02","slug":"cardeal-ouellet-pede-ao-celam-para-que-escute-os-leigos-e-valorize-as-mulheres","status":"publish","type":"post","link":"https:\/\/catolicanet.net\/wp-cnet\/cardeal-ouellet-pede-ao-celam-para-que-escute-os-leigos-e-valorize-as-mulheres\/","title":{"rendered":"Cardeal Ouellet pede ao CELAM para que escute os leigos e valorize as mulheres"},"content":{"rendered":"<div class=\"article__subTitle\">S\u00e3o as palavras proferidas pelo prefeito da Congrega\u00e7\u00e3o para os Bispos, cardeal Marc Ouellet, na 37\u00aa Assembleia Geral Ordin\u00e1ria do Conselho Episcopal Latino-americano (CELAM), em andamento na capital hondurenha, Tegucigalpa, at\u00e9 o pr\u00f3ximo s\u00e1bado, 18 de maio.<\/div>\n<div class=\"article__text\">\n<p>\u201cO caminho da sinodalidade \u00e9 o caminho que Deus espera da Igreja do Terceiro Mil\u00eanio\u201d. Estas s\u00e3o as palavras proferidas pelo prefeito da Congrega\u00e7\u00e3o para os Bispos, cardeal Marc Ouellet, na 37\u00aa Assembleia Geral Ordin\u00e1ria do Conselho Episcopal Latino-americano (CELAM), em andamento na capital hondurenha, Tegucigalpa, at\u00e9 o pr\u00f3ximo s\u00e1bado (18\/05). O purpurado iniciou a sua alocu\u00e7\u00e3o aos bispos latino-americanos, partindo de um trecho do discurso do Papa Francisco para os 50 anos do S\u00ednodo dos Bispos, celebrados em outubro de 2015.<\/p>\n<p>Um percurso de reflex\u00e3o teol\u00f3gica e pastoral, oferecido pelo cardeal Ouellet, a fim de solicitar uma tomada de consci\u00eancia sobre a urg\u00eancia para a Igreja de sentir e viver a sinodalidade \u201cna l\u00f3gica da f\u00e9 no chamado de Deus ao seu povo\u201d.<\/p>\n<p><strong>Sinodalidade \u00e9 comunh\u00e3o com Deus<br \/>\n<\/strong>\u201cA sinodalidade n\u00e3o significa organiza\u00e7\u00e3o, mas comunh\u00e3o \u00edntima com Deus que se traduz no testemunho vis\u00edvel de uma escolha que n\u00e3o \u00e9 apenas de estilo mas de ess\u00eancia\u201d, que pede a toda a Igreja \u201cuma convers\u00e3o mission\u00e1ria, envolvendo todos no testemunho do Evangelho\u201d. \u201cObviamente\u201d, explicou ainda o cardeal Ouellet, \u201cos bispos permanecem no centro da Igreja sinodal, mas s\u00e3o solicitados a fazerem um esfor\u00e7o de transformar a atividade pastoral em chave sinodal\u201d.<\/p>\n<p><strong>Dinamismo evangelizador<br \/>\n<\/strong>\u201cN\u00e3o se trata apenas de consultar adequadamente o Povo de Deus, mas reconhec\u00ea-lo habitado pela presen\u00e7a do Esp\u00edrito\u201d, frisou o purpurado, pertencente ao Corpo de Cristo. \u201cA dimens\u00e3o operacional da sinodalildade\u201d torna-se \u201csignificativa na medida em que se caminha na f\u00e9, seguindo o Evangelho, indo ao encontro de outras culturas com um dinamismo evangelizador, sem ser homologado pela mentalidade e ideologias do mundo\u201d.<\/p>\n<p><strong>Sinodalidade e colegialidade<br \/>\n<\/strong>O purpurado se deteve na \u201cliga\u00e7\u00e3o profunda\u201d entre o conceito de sinodalidade e colegialidade. A sinodalidade eclesial se manifesta e se realiza atrav\u00e9s do minist\u00e9rio dos bispos. A Igreja universal n\u00e3o \u00e9 a soma nem a federa\u00e7\u00e3o das Igrejas particulares, nem o resultado de sua comunh\u00e3o, mas uma realidade que precede. Do mesmo modo, o Col\u00e9gio episcopal n\u00e3o \u00e9 a soma dos bispos respons\u00e1veis pelas Igrejas particulares, nem o resultado de sua comunh\u00e3o, mas o elemento essencial na Igreja universal que precede cada Igreja particular.<\/p>\n<p><strong>Superar uma cultura eclesi\u00e1stica voltada para si mesma<br \/>\n<\/strong>Olhando em particular ao contexto latino-americano, o cardeal Ouellet convidou os bispos a superar alguns paradigmas ainda \u201cpresentes na cultura eclesi\u00e1stica\u201d, conforme lamentado pela Comiss\u00e3o Teol\u00f3gica Internacional num estudo sobre a sinodalidade na vida e na miss\u00e3o da Igreja, publicado em mar\u00e7o de 2018, que aponta o dedo contra: \u201ca concentra\u00e7\u00e3o da responsabilidade da miss\u00e3o no minist\u00e9rio dos pastores, a valoriza\u00e7\u00e3o insuficiente da vida consagrada e dos dons carism\u00e1ticos, a escassa valoriza\u00e7\u00e3o da contribui\u00e7\u00e3o espec\u00edfica e qualificada dos fi\u00e9is leigos, dentre os quais as mulheres\u201d.<\/p>\n<p><strong>Consultar e formar l\u00edderes engajados na vida p\u00fablica<br \/>\n<\/strong>O purpurado deseja um \u201cenvolvimento mais decidido e significativo dos leigos na vida p\u00fablica\u201d, levando adiante \u201ccom determina\u00e7\u00e3o o di\u00e1logo entre pastores e pol\u00edticos, atrav\u00e9s de encontros e di\u00e1logos em v\u00e1rios n\u00edveis\u201d, que possam oferecer uma forma\u00e7\u00e3o adequada aos crist\u00e3os engajados na vida p\u00fablica. \u201c\u00c9 leg\u00edtimo acolher a iniciativa de uma forma\u00e7\u00e3o de l\u00edderes cat\u00f3licos que est\u00e1 se difundindo com entusiasmo na Am\u00e9rica Latina depois de um encontro, em Roma, com uma ampla e qualificada participa\u00e7\u00e3o de homens e mulheres.\u201d<\/p>\n<p><strong>Combater a mentalidade machista e abusos das mulheres<br \/>\n<\/strong>\u201cA Am\u00e9rica Latina precisa de uma sinodalidade com as mulheres, ou seja, de uma revis\u00e3o radical da situa\u00e7\u00e3o da mulher na regi\u00e3o a fim de mudar a mentalidade machista que combata a viol\u00eancia sofrida pelas mulheres, a explora\u00e7\u00e3o, a pobreza, os abusos e o abandono\u201d, frisou.<\/p>\n<p>\u201cEsta prioridade \u00e9 necess\u00e1ria. N\u00e3o obstante as mulheres hoje possuam uma melhor forma\u00e7\u00e3o em rela\u00e7\u00e3o o passado e sejam os pilares das comunidades paroquias, muitas vezes elas sofrem por causa da mentalidade clerical dos pastores. O acesso que tiveram ao ensino superior \u00e9 um fato cultural de enorme import\u00e2ncia, que n\u00e3o mais justifica a sua relega\u00e7\u00e3o a pap\u00e9is marginais e exclus\u00e3o nos processos de tomada de decis\u00e3o. A vitalidade de uma Igreja sinodal na Am\u00e9rica Latina depender\u00e1 da convers\u00e3o cultural, que pressup\u00f5e a promo\u00e7\u00e3o aut\u00eantica e urgente das mulheres na regi\u00e3o.\u201d<\/p>\n<p><strong>A Igreja precisa da f\u00e9 dos jovens<br \/>\n<\/strong>Por fim, o cardeal Ouellet pediu para n\u00e3o transcurar os jovens: \u201cA Igreja precisa de seu entusiasmo, de suas intui\u00e7\u00f5es de f\u00e9, como Francisco escreve na Exorta\u00e7\u00e3o Apost\u00f3lica P\u00f3s-sinodal Christus vivit.\u201d<\/p>\n<p><em>Roberta Gisotti\/Mariangela Jaguraba\u00a0<\/em><\/p>\n<p><em>Vatican News<\/em><\/p>\n<\/div>\n","protected":false},"excerpt":{"rendered":"<p>S\u00e3o as palavras proferidas pelo prefeito da Congrega\u00e7\u00e3o para os Bispos, cardeal Marc Ouellet, na 37\u00aa Assembleia Geral Ordin\u00e1ria do Conselho Episcopal Latino-americano (CELAM), em andamento na capital hondurenha, Tegucigalpa, at\u00e9 o pr\u00f3ximo s\u00e1bado, 18 de maio. \u201cO caminho da sinodalidade \u00e9 o caminho que Deus espera da Igreja do Terceiro Mil\u00eanio\u201d. Estas s\u00e3o as [&hellip;]<\/p>\n","protected":false},"author":1,"featured_media":49319,"comment_status":"open","ping_status":"closed","sticky":false,"template":"","format":"standard","meta":{"footnotes":""},"categories":[7],"tags":[],"class_list":["post-49318","post","type-post","status-publish","format-standard","has-post-thumbnail","hentry","category-cnbb"],"_links":{"self":[{"href":"https:\/\/catolicanet.net\/wp-cnet\/wp-json\/wp\/v2\/posts\/49318","targetHints":{"allow":["GET"]}}],"collection":[{"href":"https:\/\/catolicanet.net\/wp-cnet\/wp-json\/wp\/v2\/posts"}],"about":[{"href":"https:\/\/catolicanet.net\/wp-cnet\/wp-json\/wp\/v2\/types\/post"}],"author":[{"embeddable":true,"href":"https:\/\/catolicanet.net\/wp-cnet\/wp-json\/wp\/v2\/users\/1"}],"replies":[{"embeddable":true,"href":"https:\/\/catolicanet.net\/wp-cnet\/wp-json\/wp\/v2\/comments?post=49318"}],"version-history":[{"count":1,"href":"https:\/\/catolicanet.net\/wp-cnet\/wp-json\/wp\/v2\/posts\/49318\/revisions"}],"predecessor-version":[{"id":49320,"href":"https:\/\/catolicanet.net\/wp-cnet\/wp-json\/wp\/v2\/posts\/49318\/revisions\/49320"}],"wp:featuredmedia":[{"embeddable":true,"href":"https:\/\/catolicanet.net\/wp-cnet\/wp-json\/wp\/v2\/media\/49319"}],"wp:attachment":[{"href":"https:\/\/catolicanet.net\/wp-cnet\/wp-json\/wp\/v2\/media?parent=49318"}],"wp:term":[{"taxonomy":"category","embeddable":true,"href":"https:\/\/catolicanet.net\/wp-cnet\/wp-json\/wp\/v2\/categories?post=49318"},{"taxonomy":"post_tag","embeddable":true,"href":"https:\/\/catolicanet.net\/wp-cnet\/wp-json\/wp\/v2\/tags?post=49318"}],"curies":[{"name":"wp","href":"https:\/\/api.w.org\/{rel}","templated":true}]}}