{"id":49315,"date":"2019-05-17T14:33:55","date_gmt":"2019-05-17T17:33:55","guid":{"rendered":"http:\/\/catolicanet.net\/wp-cnet\/?p=49315"},"modified":"2019-05-17T14:53:53","modified_gmt":"2019-05-17T17:53:53","slug":"dom-joel-portella-amado-da-os-primeiros-encaminhamentos-como-secretario-geral-da-cnbb","status":"publish","type":"post","link":"https:\/\/catolicanet.net\/wp-cnet\/dom-joel-portella-amado-da-os-primeiros-encaminhamentos-como-secretario-geral-da-cnbb\/","title":{"rendered":"Dom Joel Portella Amado d\u00e1 os primeiros encaminhamentos como secret\u00e1rio-geral da CNBB"},"content":{"rendered":"<p>O bispo auxiliar do Rio de Janeiro (RJ) e secret\u00e1rio-geral da Confer\u00eancia Nacional dos Bispos do Brasil (CNBB), dom Joel Portella Amado, esteve na sede da entidade, em Bras\u00edlia, na ter\u00e7a e na quarta-feira, dias 14 e 15 de maio, para reuni\u00f5es com o seu predecessor, dom Leonardo Steiner, e com os colaboradores do Secretariado Geral da CNBB.<\/p>\n<p>Dom Joel teve oportunidade de conhecer melhor o funcionamento da estrutura do Secretariado e dar encaminhamentos no in\u00edcio de sua gest\u00e3o. Em entrevista, o novo secret\u00e1rio-geral da CNBB falou sobre as primeiras impress\u00f5es, os desafios e a aplica\u00e7\u00e3o das Diretrizes Gerais da A\u00e7\u00e3o Evangelizadora da Igreja no Brasil (DGAE 2019-2023), aprovadas durante a 57\u00aa Assembleia Geral da CNBB, no in\u00edcio deste m\u00eas.<\/p>\n<p>Para dom Joel, os primeiros dias em Bras\u00edlia foram de aprendizado. Ap\u00f3s uma primeira reuni\u00e3o da Presid\u00eancia da CNBB, ainda em Aparecida (SP), o arcebispo de Belo Horizonte (MG) e presidente da confer\u00eancia, dom Walmor Oliveira de Azevedo, estabeleceu protocolos para este in\u00edcio de trabalho. Na agenda, dom Joel reuniu-se com dom Leonardo Steiner, que o apresentou a estrutura do Secretariado Geral, a sede reformada, os colaboradores e demais processos e estruturas aos cuidados do secret\u00e1rio-geral. Na quarta-feira pela manh\u00e3 duas reuni\u00f5es com colaboradores e encarregados dos departamentos da sede, \u201cvendo o qu\u00e3o complexa \u00e9 a vida da Confer\u00eancia Episcopal, naquilo que diz respeito \u00e0 fun\u00e7\u00e3o de secretaria\u201d, avaliou.<\/p>\n<p><strong>Sede reformada<\/strong><br \/>\nAinda em processo de mudan\u00e7a e de restabelecimento dos servi\u00e7os de tecnologia da informa\u00e7\u00e3o, a sede CNBB votou ao seu endere\u00e7o tradicional, no centro de Bras\u00edlia, ap\u00f3s mais de um ano e meio de reformas. Dom Joel disse estar impressionado com a obra executada.<\/p>\n<blockquote><p><strong><em>\u201cEu conhe\u00e7o este pr\u00e9dio h\u00e1 mais de vinte anos e vi agora a obra que foi feita aqui. \u00c9 o mesmo pr\u00e9dio e \u00e9 um outro pr\u00e9dio. A\u00ed que est\u00e1 a criatividade e a beleza do arquiteto, o trabalho de dom Leonardo, que manteve a identidade hist\u00f3rica deste pr\u00e9dio e deu a ele acompanhar o processo de evolu\u00e7\u00e3o, principalmente no \u00e2mbito da tecnologia\u201d, parabenizou.<\/em><\/strong><\/p><\/blockquote>\n<p><strong>Experi\u00eancias e diretrizes \u00a0<\/strong><br \/>\nPerguntado se suas experi\u00eancias anteriores no extinto Instituto Nacional de Pastoral e a contribui\u00e7\u00e3o na comiss\u00e3o que preparou o texto das diretrizes foram elementos importantes para sua escolha como secret\u00e1rio-geral da CNBB, dom Joel indicou fazer as perguntas aos eleitores. De todo modo, n\u00e3o negou que suas experi\u00eancias o ensinaram e podem o ajudar a desenvolver um bom trabalho \u00e0 frente do Secretariado Geral da confer\u00eancia.<\/p>\n<p><a href=\"http:\/\/www.cnbb.org.br\/dom-joel-portella-amado-da-os-primeiros-encaminhamentos-como-secretario-geral-da-cnbb\/dom-joel-entrevista1\/\"><img loading=\"lazy\" decoding=\"async\" class=\"size-medium wp-image-220070 alignright\" src=\"http:\/\/www.cnbb.org.br\/wp-content\/uploads\/sites\/32\/2019\/05\/dom-Joel-entrevista1-300x169.png\" srcset=\"http:\/\/www.cnbb.org.br\/wp-content\/uploads\/sites\/32\/2019\/05\/dom-Joel-entrevista1-300x169.png 300w, http:\/\/www.cnbb.org.br\/wp-content\/uploads\/sites\/32\/2019\/05\/dom-Joel-entrevista1-768x433.png 768w, http:\/\/www.cnbb.org.br\/wp-content\/uploads\/sites\/32\/2019\/05\/dom-Joel-entrevista1-1024x577.png 1024w, http:\/\/www.cnbb.org.br\/wp-content\/uploads\/sites\/32\/2019\/05\/dom-Joel-entrevista1.png 1590w\" alt=\"\" width=\"300\" height=\"169\" \/><\/a>Al\u00e9m das experi\u00eancias citadas na pergunta, dom Joel, ainda padre, colaborou na V Confer\u00eancia do Episcopado Latino-Americano, realizada em Aparecida, no ano de 2007, e foi secret\u00e1rio na Jornada Mundial da Juventude (JMJ) Rio 2013.<\/p>\n<p>A responsabilidade pelas estruturas de gest\u00e3o que estiveram por tr\u00e1s dos grandes eventos o deram \u201cexperi\u00eancia de vida que pode vir a ser usada em qualquer outro campo\u201d. Dom Joel pede a Deus que lhe \u201cd\u00ea for\u00e7as para poder usar a experi\u00eancia e n\u00e3o atrapalhar muito\u201d. O bispo pretende usar estas compet\u00eancias para criar elos entre os diversos setores, entre a sede e os 18 regionais, al\u00e9m das Edi\u00e7\u00f5es CNBB. Neste trabalho, \u201cajudar o restante da presid\u00eancia e toda a confer\u00eancia a viver e implantar as diretrizes gerais aprovadas agora na \u00faltima assembleia\u201d.<\/p>\n<blockquote><p><strong><em>\u201cA CNBB \u00e9 um servi\u00e7o \u00e0s dioceses para que elas, conhecendo e refletindo tudo que ali est\u00e1, possam fazer seus planos pastorais\u201d, <\/em><\/strong>afirma dom Joel ao explicar como fazer para aplicar as DGAE nas Igrejas particulares. A proposta, \u00e9<strong><em> \u201cdentro do poss\u00edvel, oferecer semin\u00e1rios, cursos, encontros, at\u00e9 usar os recursos da comunica\u00e7\u00e3o com materiais breves que estejam dispon\u00edveis na internet para conhecer as diretrizes\u201d.<\/em><\/strong><\/p><\/blockquote>\n","protected":false},"excerpt":{"rendered":"<p>O bispo auxiliar do Rio de Janeiro (RJ) e secret\u00e1rio-geral da Confer\u00eancia Nacional dos Bispos do Brasil (CNBB), dom Joel Portella Amado, esteve na sede da entidade, em Bras\u00edlia, na ter\u00e7a e na quarta-feira, dias 14 e 15 de maio, para reuni\u00f5es com o seu predecessor, dom Leonardo Steiner, e com os colaboradores do Secretariado [&hellip;]<\/p>\n","protected":false},"author":1,"featured_media":49316,"comment_status":"open","ping_status":"closed","sticky":false,"template":"","format":"standard","meta":{"footnotes":""},"categories":[13],"tags":[],"class_list":["post-49315","post","type-post","status-publish","format-standard","has-post-thumbnail","hentry","category-featured"],"_links":{"self":[{"href":"https:\/\/catolicanet.net\/wp-cnet\/wp-json\/wp\/v2\/posts\/49315","targetHints":{"allow":["GET"]}}],"collection":[{"href":"https:\/\/catolicanet.net\/wp-cnet\/wp-json\/wp\/v2\/posts"}],"about":[{"href":"https:\/\/catolicanet.net\/wp-cnet\/wp-json\/wp\/v2\/types\/post"}],"author":[{"embeddable":true,"href":"https:\/\/catolicanet.net\/wp-cnet\/wp-json\/wp\/v2\/users\/1"}],"replies":[{"embeddable":true,"href":"https:\/\/catolicanet.net\/wp-cnet\/wp-json\/wp\/v2\/comments?post=49315"}],"version-history":[{"count":1,"href":"https:\/\/catolicanet.net\/wp-cnet\/wp-json\/wp\/v2\/posts\/49315\/revisions"}],"predecessor-version":[{"id":49317,"href":"https:\/\/catolicanet.net\/wp-cnet\/wp-json\/wp\/v2\/posts\/49315\/revisions\/49317"}],"wp:featuredmedia":[{"embeddable":true,"href":"https:\/\/catolicanet.net\/wp-cnet\/wp-json\/wp\/v2\/media\/49316"}],"wp:attachment":[{"href":"https:\/\/catolicanet.net\/wp-cnet\/wp-json\/wp\/v2\/media?parent=49315"}],"wp:term":[{"taxonomy":"category","embeddable":true,"href":"https:\/\/catolicanet.net\/wp-cnet\/wp-json\/wp\/v2\/categories?post=49315"},{"taxonomy":"post_tag","embeddable":true,"href":"https:\/\/catolicanet.net\/wp-cnet\/wp-json\/wp\/v2\/tags?post=49315"}],"curies":[{"name":"wp","href":"https:\/\/api.w.org\/{rel}","templated":true}]}}