{"id":49296,"date":"2019-05-16T15:00:51","date_gmt":"2019-05-16T18:00:51","guid":{"rendered":"http:\/\/catolicanet.net\/wp-cnet\/?p=49296"},"modified":"2019-05-16T15:00:51","modified_gmt":"2019-05-16T18:00:51","slug":"noite-cultural-homenageia-padre-zezinho-durante-congresso-mariologico","status":"publish","type":"post","link":"https:\/\/catolicanet.net\/wp-cnet\/noite-cultural-homenageia-padre-zezinho-durante-congresso-mariologico\/","title":{"rendered":"Noite Cultural homenageia Padre Zezinho durante Congresso Mariol\u00f3gico"},"content":{"rendered":"<h2>Show, lan\u00e7amentos de livros e abertura de exposi\u00e7\u00e3o querem aproximar ensinamentos teol\u00f3gicos do grande p\u00fablico<\/h2>\n<div class=\"image\" contenteditable=\"false\"><span class=\"image__subtitle\" data-subtitle-origin=\"0\">Apresenta\u00e7\u00e3o do Projeto Musical do Santu\u00e1rio durante a \u00faltima edi\u00e7\u00e3o do evento<\/span><\/div>\n<p>Centro de Eventos Padre Vitor Coelho de AlmeidaCom mais de 50 anos dedicados \u00e0 m\u00fasica cat\u00f3lica, o padre Jos\u00e9 Fernandes de Oliveira, mais conhecido como Padre Zezinho, recebe uma homenagem especial na pr\u00f3xima sexta-feira (17), durante a Noite Cultural do Congresso Mariol\u00f3gico. O show tem entrada gratuita e acontece no Orquestra do Projeto de Educa\u00e7\u00e3o Musical do Santu\u00e1rio de Aparecida (PEMSA), em Aparecida (SP). A partir das 19h30, o grupo Ir ao Povo e a , apresentam m\u00fasicas marianas que se consagraram na voz do sacerdote.<\/p>\n<p>\u201cSer\u00e1 uma oportunidade de demonstrarmos o nosso afeto para com a M\u00e3e de Jesus e fazendo isso da maneira que mais nos identificamos que \u00e9: cantando. E ainda podendo usufruir das can\u00e7\u00f5es compostas por Pe. Zezinho, que al\u00e9m de ser o mentor do nosso projeto, nos catequiza em cada can\u00e7\u00e3o\u201d, destaca a vocalista Ana Clara Gabriel Oliveira.<\/p>\n<p>A noite, dedicada \u00e0s artes, tamb\u00e9m vai contar com a inaugura\u00e7\u00e3o de obras sacras da artista Mari Bueno. Ao todo, 12 obras trazem, em seu contexto, o tema do Congresso Mariol\u00f3gico: \u201cMaria e o Esp\u00edrito Santo\u201d. A artista foi respons\u00e1vel por produzir a arte que representa a 13\u00aa edi\u00e7\u00e3o do evento. \u201cFiquei muito feliz em realizar este trabalho, que se iniciou com muitas horas de estudo e depois o processo de cria\u00e7\u00e3o dessa imagem\u201d, conta.<\/p>\n<p>Durante as apresenta\u00e7\u00f5es, o artista Felipe Callipo vai produzir esculturas de barro em tempo real. O escultor, que chega a produzir, em m\u00e9dia, 100 obras por ano, j\u00e1 teve suas produ\u00e7\u00f5es exibidas em museus e salas de arte de todo o pa\u00eds. Inclusive, suas obras j\u00e1 foram vendidas para a Europa e os Estados Unidos.<\/p>\n<p>Ainda durante a Noite Cultural, haver\u00e1 o lan\u00e7amento do livro \u201cUma Leiga chamada Maria\u201d. Organizada pelo padre Jo\u00e3ozinho, a obra re\u00fane as palestras realizadas no 12\u00ba Congresso Mariol\u00f3gico, que aconteceu em 2018. \u201cA proposta \u00e9 trazer aprofundamentos sobre a dimens\u00e3o mariana. Entender essa dimens\u00e3o, nos ajuda a entender nossa identidade e a pr\u00f3pria identidade da Igreja. Trazemos na alma o DNA de Maria\u201d, explica padre Jo\u00e3ozinho.<\/p>\n<p>Apesar de integrar as atividades do Congresso Mariol\u00f3gico, a Noite Cultural \u00e9 aberta ao p\u00fablico e gratuita. Isso porque, para um dos organizadores do evento, o Irm\u00e3o Afonso Murad, as atividades noturnas querem aproximar os ensinamentos teol\u00f3gicos do grande p\u00fablico de forma diferenciada. \u201cN\u00f3s hoje precisamos fazer Teologia de uma maneira que as pessoas compreendam, e que n\u00e3o toque s\u00f3 a cabe\u00e7a, mas tamb\u00e9m o cora\u00e7\u00e3o, porque isso faz com que a gente tenha uma compreens\u00e3o integral da f\u00e9\u201d, esclarece.<\/p>\n","protected":false},"excerpt":{"rendered":"<p>Show, lan\u00e7amentos de livros e abertura de exposi\u00e7\u00e3o querem aproximar ensinamentos teol\u00f3gicos do grande p\u00fablico Apresenta\u00e7\u00e3o do Projeto Musical do Santu\u00e1rio durante a \u00faltima edi\u00e7\u00e3o do evento Centro de Eventos Padre Vitor Coelho de AlmeidaCom mais de 50 anos dedicados \u00e0 m\u00fasica cat\u00f3lica, o padre Jos\u00e9 Fernandes de Oliveira, mais conhecido como Padre Zezinho, recebe [&hellip;]<\/p>\n","protected":false},"author":1,"featured_media":49297,"comment_status":"open","ping_status":"closed","sticky":false,"template":"","format":"standard","meta":{"footnotes":""},"categories":[4],"tags":[],"class_list":["post-49296","post","type-post","status-publish","format-standard","has-post-thumbnail","hentry","category-cotidiano"],"_links":{"self":[{"href":"https:\/\/catolicanet.net\/wp-cnet\/wp-json\/wp\/v2\/posts\/49296","targetHints":{"allow":["GET"]}}],"collection":[{"href":"https:\/\/catolicanet.net\/wp-cnet\/wp-json\/wp\/v2\/posts"}],"about":[{"href":"https:\/\/catolicanet.net\/wp-cnet\/wp-json\/wp\/v2\/types\/post"}],"author":[{"embeddable":true,"href":"https:\/\/catolicanet.net\/wp-cnet\/wp-json\/wp\/v2\/users\/1"}],"replies":[{"embeddable":true,"href":"https:\/\/catolicanet.net\/wp-cnet\/wp-json\/wp\/v2\/comments?post=49296"}],"version-history":[{"count":1,"href":"https:\/\/catolicanet.net\/wp-cnet\/wp-json\/wp\/v2\/posts\/49296\/revisions"}],"predecessor-version":[{"id":49298,"href":"https:\/\/catolicanet.net\/wp-cnet\/wp-json\/wp\/v2\/posts\/49296\/revisions\/49298"}],"wp:featuredmedia":[{"embeddable":true,"href":"https:\/\/catolicanet.net\/wp-cnet\/wp-json\/wp\/v2\/media\/49297"}],"wp:attachment":[{"href":"https:\/\/catolicanet.net\/wp-cnet\/wp-json\/wp\/v2\/media?parent=49296"}],"wp:term":[{"taxonomy":"category","embeddable":true,"href":"https:\/\/catolicanet.net\/wp-cnet\/wp-json\/wp\/v2\/categories?post=49296"},{"taxonomy":"post_tag","embeddable":true,"href":"https:\/\/catolicanet.net\/wp-cnet\/wp-json\/wp\/v2\/tags?post=49296"}],"curies":[{"name":"wp","href":"https:\/\/api.w.org\/{rel}","templated":true}]}}