{"id":49292,"date":"2019-05-16T14:40:09","date_gmt":"2019-05-16T17:40:09","guid":{"rendered":"http:\/\/catolicanet.net\/wp-cnet\/?p=49292"},"modified":"2019-05-16T14:42:29","modified_gmt":"2019-05-16T17:42:29","slug":"dom-luiz-henrique-toma-posse-da-diocese-de-barra-do-pirai-volta-redonda","status":"publish","type":"post","link":"https:\/\/catolicanet.net\/wp-cnet\/dom-luiz-henrique-toma-posse-da-diocese-de-barra-do-pirai-volta-redonda\/","title":{"rendered":"Dom Luiz Henrique toma posse da diocese de Barra do Pira\u00ed \u2013 Volta Redonda"},"content":{"rendered":"<p>Na manh\u00e3 do s\u00e1bado, dia 11, fi\u00e9is da Igreja da Diocese de Barra do Pira\u00ed \u2013 Volta Redonda se reuniram na igreja Nossa Senhora da Concei\u00e7\u00e3o, no Conforto, em Volta Redonda, para receber o oitavo bispo diocesano, dom Luiz Henrique da Silva Brito. A celebra\u00e7\u00e3o reuniu bispos e padres do Estado do Rio de Janeiro e todo o clero da diocese. O arcebispo da Arquidiocese de S\u00e3o Sebasti\u00e3o do Rio Janeiro, dom Orani Jo\u00e3o Tempesta, participou da cerim\u00f4nia e fez a sauda\u00e7\u00e3o inicial, lembrando a conviv\u00eancia dos anos em que dom Luiz Henrique foi bispo auxiliar do Rio de Janeiro.<\/p>\n<p>Confira <a href=\"https:\/\/cnbbleste1.org.br\/2019\/05\/12\/dom-luiz-henrique-toma-posse-da-diocese-de-barra-do-pirai-volta-redonda\/\">a not\u00edcia na \u00edntegra<\/a>.<\/p>\n","protected":false},"excerpt":{"rendered":"<p>Na manh\u00e3 do s\u00e1bado, dia 11, fi\u00e9is da Igreja da Diocese de Barra do Pira\u00ed \u2013 Volta Redonda se reuniram na igreja Nossa Senhora da Concei\u00e7\u00e3o, no Conforto, em Volta Redonda, para receber o oitavo bispo diocesano, dom Luiz Henrique da Silva Brito. A celebra\u00e7\u00e3o reuniu bispos e padres do Estado do Rio de Janeiro [&hellip;]<\/p>\n","protected":false},"author":1,"featured_media":49294,"comment_status":"open","ping_status":"closed","sticky":false,"template":"","format":"standard","meta":{"footnotes":""},"categories":[7],"tags":[],"class_list":["post-49292","post","type-post","status-publish","format-standard","has-post-thumbnail","hentry","category-cnbb"],"_links":{"self":[{"href":"https:\/\/catolicanet.net\/wp-cnet\/wp-json\/wp\/v2\/posts\/49292","targetHints":{"allow":["GET"]}}],"collection":[{"href":"https:\/\/catolicanet.net\/wp-cnet\/wp-json\/wp\/v2\/posts"}],"about":[{"href":"https:\/\/catolicanet.net\/wp-cnet\/wp-json\/wp\/v2\/types\/post"}],"author":[{"embeddable":true,"href":"https:\/\/catolicanet.net\/wp-cnet\/wp-json\/wp\/v2\/users\/1"}],"replies":[{"embeddable":true,"href":"https:\/\/catolicanet.net\/wp-cnet\/wp-json\/wp\/v2\/comments?post=49292"}],"version-history":[{"count":1,"href":"https:\/\/catolicanet.net\/wp-cnet\/wp-json\/wp\/v2\/posts\/49292\/revisions"}],"predecessor-version":[{"id":49295,"href":"https:\/\/catolicanet.net\/wp-cnet\/wp-json\/wp\/v2\/posts\/49292\/revisions\/49295"}],"wp:featuredmedia":[{"embeddable":true,"href":"https:\/\/catolicanet.net\/wp-cnet\/wp-json\/wp\/v2\/media\/49294"}],"wp:attachment":[{"href":"https:\/\/catolicanet.net\/wp-cnet\/wp-json\/wp\/v2\/media?parent=49292"}],"wp:term":[{"taxonomy":"category","embeddable":true,"href":"https:\/\/catolicanet.net\/wp-cnet\/wp-json\/wp\/v2\/categories?post=49292"},{"taxonomy":"post_tag","embeddable":true,"href":"https:\/\/catolicanet.net\/wp-cnet\/wp-json\/wp\/v2\/tags?post=49292"}],"curies":[{"name":"wp","href":"https:\/\/api.w.org\/{rel}","templated":true}]}}